{"id":5103,"date":"2024-07-15T01:34:57","date_gmt":"2024-07-15T04:34:57","guid":{"rendered":"https:\/\/paginacero.com.uy\/?p=5103"},"modified":"2024-07-15T01:34:57","modified_gmt":"2024-07-15T04:34:57","slug":"campeonato-uruguayo-de-futsal-down-2024-una-jornada-llena-de-emociones","status":"publish","type":"post","link":"https:\/\/paginacero.com.uy\/?p=5103","title":{"rendered":"Campeonato Uruguayo de Futsal Down 2024: Una Jornada Llena de Emociones"},"content":{"rendered":"<p>S\u00e1bado 13 de julio<\/p>\n<p><strong>El s\u00e1bado pasado se vivi\u00f3 una hermosa jornada en el Palacio Pe\u00f1arol, donde se llev\u00f3 a cabo el Campeonato Uruguayo de Futsal Down 2024.<\/strong><!--more--><\/p>\n<p>El evento estuvo lleno de emociones y alegr\u00eda, destacando la participaci\u00f3n del equipo de Durazno, Wanderers Inclusivo. Este es el segundo torneo en el que el equipo duraznense participa, compartiendo cancha con equipos como el due\u00f1o de casa Pe\u00f1arol de Montevideo, City Torque de Canelones, Plaza Colonia de Colonia y Sportivo Rod\u00f3 de Salto.<\/p>\n<p>Un aspecto destacado del equipo Wanderers es que es el \u00fanico equipo mixto del campeonato, reflejando su compromiso con la inclusi\u00f3n y la diversidad. A pesar de que la actividad se denomina \u00abcampeonato\u00bb, el objetivo principal no es medir qui\u00e9n es mejor, sino jugar para superar las barreras que d\u00eda a d\u00eda se presentan en la sociedad para estos chicos.<\/p>\n<p>La jornada cont\u00f3 con un cronograma lleno de partidos emocionantes:<\/p>\n<p><strong>Horarios de los partidos:<\/strong><\/p>\n<ul>\n<li><strong>09:30<\/strong> &#8211; Pe\u00f1arol vs. Sportivo Rod\u00f3<\/li>\n<li><strong>10:00<\/strong> &#8211; City Torque vs. Wanderers Inclusivo<\/li>\n<li>Libre: Plaza Colonia<\/li>\n<li><strong>10:30<\/strong> &#8211; Plaza Colonia vs. Sportivo Rod\u00f3<\/li>\n<li><strong>11:00<\/strong> &#8211; Wanderers Inclusivo vs. Pe\u00f1arol<\/li>\n<li>Libre: City Torque<\/li>\n<li><strong>11:30<\/strong> &#8211; City Torque vs. Plaza Colonia<\/li>\n<li><strong>12:00<\/strong> &#8211; Wanderers Inclusivo vs. Sportivo Rod\u00f3<\/li>\n<li>Libre: Pe\u00f1arol<\/li>\n<li><strong>12:30<\/strong> &#8211; Almuerzo<\/li>\n<li><strong>12:30<\/strong> &#8211; Partido formativas<\/li>\n<li><strong>13:00<\/strong> &#8211; City Torque vs. Pe\u00f1arol<\/li>\n<li><strong>13:30<\/strong> &#8211; Plaza Colonia vs. Wanderers Inclusivo<\/li>\n<li>Libre: Sportivo Rod\u00f3<\/li>\n<li><strong>14:00<\/strong> &#8211; Sportivo Rod\u00f3 vs. City Torque<\/li>\n<li><strong>14:30<\/strong> &#8211; Pe\u00f1arol vs. Plaza Colonia<\/li>\n<li>Libre: Wanderers Inclusivo<\/li>\n<li><strong>15:00<\/strong> &#8211; Partido formativas<\/li>\n<li><strong>15:10<\/strong> &#8211; Entrega de premios<\/li>\n<\/ul>\n<p>Queremos agradecer especialmente a la Agencia de Viajes Luc\u00edan, al Club de Leones y a la instituci\u00f3n Wanderers de Durazno por su apoyo invaluable al equipo de Wanderers Inclusivo de Durazno, ayud\u00e1ndonos a seguir cumpliendo este sue\u00f1o.<\/p>\n<p>Este campeonato es m\u00e1s que una competencia deportiva; es una celebraci\u00f3n de la inclusi\u00f3n y la diversidad. Cada partido jugado es una victoria contra las barreras que enfrentan estas personas en la sociedad. La energ\u00eda y el entusiasmo de los jugadores y sus familias muestran que, a trav\u00e9s del deporte, podemos construir un mundo m\u00e1s inclusivo y lleno de oportunidades para todos.<\/p>\n","protected":false},"excerpt":{"rendered":"<p>S\u00e1bado 13 de julio El s\u00e1bado pasado se vivi\u00f3 una hermosa jornada en el Palacio Pe\u00f1arol, donde se llev\u00f3 a cabo el Campeonato Uruguayo de Futsal Down 2024.<\/p>\n","protected":false},"author":4,"featured_media":5104,"comment_status":"closed","ping_status":"closed","sticky":false,"template":"","format":"standard","meta":{"_monsterinsights_skip_tracking":false,"_monsterinsights_sitenote_active":false,"_monsterinsights_sitenote_note":"","_monsterinsights_sitenote_category":0,"footnotes":""},"categories":[58,5],"tags":[],"class_list":["post-5103","post","type-post","status-publish","format-standard","has-post-thumbnail","hentry","category-deporte-inclusivo","category-durazno"],"_links":{"self":[{"href":"https:\/\/paginacero.com.uy\/index.php?rest_route=\/wp\/v2\/posts\/5103","targetHints":{"allow":["GET"]}}],"collection":[{"href":"https:\/\/paginacero.com.uy\/index.php?rest_route=\/wp\/v2\/posts"}],"about":[{"href":"https:\/\/paginacero.com.uy\/index.php?rest_route=\/wp\/v2\/types\/post"}],"author":[{"embeddable":true,"href":"https:\/\/paginacero.com.uy\/index.php?rest_route=\/wp\/v2\/users\/4"}],"replies":[{"embeddable":true,"href":"https:\/\/paginacero.com.uy\/index.php?rest_route=%2Fwp%2Fv2%2Fcomments&post=5103"}],"version-history":[{"count":1,"href":"https:\/\/paginacero.com.uy\/index.php?rest_route=\/wp\/v2\/posts\/5103\/revisions"}],"predecessor-version":[{"id":5105,"href":"https:\/\/paginacero.com.uy\/index.php?rest_route=\/wp\/v2\/posts\/5103\/revisions\/5105"}],"wp:featuredmedia":[{"embeddable":true,"href":"https:\/\/paginacero.com.uy\/index.php?rest_route=\/wp\/v2\/media\/5104"}],"wp:attachment":[{"href":"https:\/\/paginacero.com.uy\/index.php?rest_route=%2Fwp%2Fv2%2Fmedia&parent=5103"}],"wp:term":[{"taxonomy":"category","embeddable":true,"href":"https:\/\/paginacero.com.uy\/index.php?rest_route=%2Fwp%2Fv2%2Fcategories&post=5103"},{"taxonomy":"post_tag","embeddable":true,"href":"https:\/\/paginacero.com.uy\/index.php?rest_route=%2Fwp%2Fv2%2Ftags&post=5103"}],"curies":[{"name":"wp","href":"https:\/\/api.w.org\/{rel}","templated":true}]}}