{"id":5096,"date":"2024-07-12T12:17:36","date_gmt":"2024-07-12T15:17:36","guid":{"rendered":"https:\/\/paginacero.com.uy\/?p=5096"},"modified":"2024-07-12T12:17:36","modified_gmt":"2024-07-12T15:17:36","slug":"50-acuerdo-rubricado-entre-rielli-vidalin-y-pineiro","status":"publish","type":"post","link":"https:\/\/paginacero.com.uy\/?p=5096","title":{"rendered":"50 %: ACUERDO RUBRICADO ENTRE RIELLI, VIDAL\u00cdN Y PI\u00d1EIRO"},"content":{"rendered":"<p>En una multitudinaria comparecencia en el comit\u00e9 de la Lista 25, que inici\u00f3 con una rueda de prensa y posterior reuni\u00f3n con participaci\u00f3n de dirigentes de todos los sectores que apuntalan el movimiento de cara a las elecciones.<!--more--><\/p>\n<div><span style=\"font-size: large;\"><b>Domingo Rielli y Carmelo Vidal\u00edn<\/b>, concretaron el acuerdo electoral, sumando el aporte del Convencional\u00a0<b>Jos\u00e9 Pablo Pi\u00f1eiro<\/b>\u00a0de \u00abNosotros tambi\u00e9n podemos\u00bb.<\/span><\/div>\n<div><\/div>\n<div><span style=\"font-size: large;\">De esta manera, teniendo en cuenta los sufragios obtenidos en las elecciones internas del pasado domingo 30 de Junio, este conglomerado contar\u00e1 con un total de 32 Convencionales para la elecci\u00f3n de los candidatos que ir\u00e1n por la Intendencia por el Partido Nacional en el mes de Mayo 2025,\u00a0<\/span><span style=\"font-size: large;\">17 \u00abrielistas\u00bb, 14 de los sectores \u00abvidalinistas\u00bb de Alianza Departamental Nacionalista y uno de la 665<\/span>.<\/div>\n<div><\/div>\n<div><span style=\"font-size: large;\">Tambi\u00e9n suman 32 los Convencionales de los otros sectores nacionalistas, pero en este caso, contabilizando los 27 de \u00abDurazno entre Todos\u00bb, denominados los \u00abcuarentones\u00bb\u00a0<\/span><span style=\"font-size: large;\">(<b>Felipe Algorta<\/b>\u00a012;\u00a0<b>Jorge Reyna Gerem\u00edas<\/b>\u00a08;<b>\u00a0Juan Straneo Abreu<\/b>\u00a05 y\u00a0<b>Ana Laura Gadea<\/b>\u00a02),\u00a0<\/span><span style=\"font-size: large;\">y 5 del sector \u00abPorque querer es poder\u00bb, que postul\u00f3 a<b>\u00a0Jos\u00e9 Luis \u00abPampa\u00bb Morena.<\/b><\/span><\/div>\n<div><span style=\"font-size: large;\"><b>Rielli<\/b>, luego de presentar oficialmente el apoyo del \u00abvidalinismo\u00bb y del sector 665, resalt\u00f3 que el impulso que tiene desde ahora su postulaci\u00f3n a la Convenci\u00f3n del Partido Nacional y por ende hacia el sill\u00f3n comunal, se ve reforzada con el 50 % del total de Convencionales.<\/span><\/div>\n<div><\/div>\n<div><span style=\"font-size: large;\">En tanto, el actual jefe comunal,\u00a0<b>Carmelo Vidal\u00edn<\/b>, que en la oportunidad particip\u00f3 activamente en la oratoria ante los medios de comunicaci\u00f3n, anunci\u00f3 que ser\u00e1 \u00abun soldado m\u00e1s\u00bb y que se postular\u00e1 a la plancha de candidatos a legislador departamental (edil).<\/span><\/div>\n<div><span style=\"font-size: large;\"><span style=\"font-size: large;\">La disyuntiva en la interna blanca que se plantea ahora -y que podr\u00eda inclinar la balanza para uno u otro lado- es la posici\u00f3n que adoptar\u00e1 el sector de \u00abPampa\u00bb Morena, que querr\u00e1 hacer valer la buena cifra de adhesiones alcanzadas. <\/span><\/span><\/div>\n<div><span style=\"font-size: large;\"><span style=\"font-size: large;\"><span style=\"color: #000000;\"><span style=\"font-family: Arial, sans-serif;\"><b>Vidal\u00edn: \u201cDiputados; candidatos de consenso que trabajen por Durazno\u201d<\/b><\/span><\/span><\/span><\/span><span style=\"color: #000000;\"><span style=\"font-family: Arial, sans-serif;\"><span style=\"font-size: large;\">\u201cQue lindo que es estar aqu\u00ed en la casa de la (Lista) 25 o la casa de Domingo (Rielli) y de todos los amigos que marcaron un camino en estas elecciones pasadas, siendo la lista m\u00e1s votada\u201d, dijo el jerarca comunal, en su rol de dirigente pol\u00edtico partidario.\u201c<br \/>\n<b>Vidal\u00edn,<\/b>\u00a0valor\u00f3 el esp\u00edritu generoso de Rielli, comentando que \u201ces de aquellos que verdaderamente da y ayuda sin mirar a quien, se los dice alguien que lo ve todos los d\u00edas, porque sabe que enfrente tiene un custodio celoso de lo que son los recursos de la Intendencia\u201d.<br \/>\nInst\u00f3 seguidamente a trabajar la votaci\u00f3n hacia las elecciones nacionales y departamentales, al se\u00f1alar que Domingo Rielli hizo referencia a la cantidad de adhesiones obtenidas en la ocasi\u00f3n, empero \u201cel compromiso debe ser de todos y de cada uno de ustedes, tenemos que aprender a golpear puertas y entregar listas en la mano, la lista que se tira por encima de un muro, la lista que se deja en la calle no tiene destino\u201d, alert\u00f3 a dirigentes y militantes, agregando la importancia del \u201crespeto de los l\u00edderes y de los candidatos pasa porque esa lista sea le\u00edda, sepa a quien votamos, por eso la debemos entregar en la mano\u201d.<br \/>\nPreguntado sobre posibles acuerdos y definiciones intrasector, en cuanto a la Diputaci\u00f3n, Vidal\u00edn fue contundente al se\u00f1alar que \u201cvamos a llevar candidatos de consenso que sin lugar a dudas trabajen por Durazno\u201d, \u201creci\u00e9n estamos a unas semanas de las elecciones, no hemos tenido la oportunidad en el caso de Domingo como en el caso m\u00edo, dado que hemos estado compenetrados en los temas de gobierno y es por eso que hoy les ped\u00eda tambi\u00e9n disculpas a los compa\u00f1eros de la Lista 41 y de la 404, que el Intendente pr\u00e1cticamente no particip\u00f3 porque estuvo compenetrado solo en las actividades como gobernante\u201d.<br \/>\n\u201cPara Mayo si la salud nos permite y donde estemos un poquito mejor indudablemente vamos a estar con muchas ganas trabajando en la cancha, as\u00ed que en el correr de los pr\u00f3ximos d\u00edas vamos a poder contestar esta pregunta que hoy nos formulan; hoy si digo que va a ser un solo candidato o que va a ser compartida, estar\u00eda inventando y actuando con soberbia porque estar\u00eda dando mi visi\u00f3n y aqu\u00ed no es una decisi\u00f3n personal sino que es una decisi\u00f3n que vamos a compartir con el resto de las agrupaciones\u201d<\/p>\n<p><b>Pi\u00f1eiro: \u201cVoluntad y Fe de hacer las cosas\u201d<\/b><br \/>\nEl l\u00edder del sector 665,\u00a0<b>Jos\u00e9 Pablo Pi\u00f1eiro<\/b>, subray\u00f3 la proximidad en la tarea laboral que desarrolla en la IDD junto a Vidal\u00edn y a Rielli, que \u201caparte de ser compa\u00f1eros de trabajo hemos cultivado una amistad y pol\u00edticamente les traigo mi voluntad y mi fe de hacer las cosas, de ponerle &#8216;garra&#8217; a todo eso y de querer salir adelante\u201d, \u201cestamos juntos ac\u00e1 porque pensamos en el Durazno de todos y tenemos una idea que nos congrega\u201d.<br \/>\n\u201cOjal\u00e1 que sean muchas listas las que conformen esta agrupaci\u00f3n, este sublema, despu\u00e9s de esto sepan que vamos rumbo a Mayo 2025 con toda la Fe y las ganas de llegar\u201d.<\/span><\/span><\/span><\/p>\n<\/div>\n","protected":false},"excerpt":{"rendered":"<p>En una multitudinaria comparecencia en el comit\u00e9 de la Lista 25, que inici\u00f3 con una rueda de prensa y posterior reuni\u00f3n con participaci\u00f3n de dirigentes de todos los sectores que apuntalan el movimiento de cara a las elecciones.<\/p>\n","protected":false},"author":4,"featured_media":5097,"comment_status":"closed","ping_status":"closed","sticky":false,"template":"","format":"standard","meta":{"footnotes":""},"categories":[5],"tags":[],"class_list":["post-5096","post","type-post","status-publish","format-standard","has-post-thumbnail","hentry","category-durazno"],"_links":{"self":[{"href":"https:\/\/paginacero.com.uy\/index.php?rest_route=\/wp\/v2\/posts\/5096","targetHints":{"allow":["GET"]}}],"collection":[{"href":"https:\/\/paginacero.com.uy\/index.php?rest_route=\/wp\/v2\/posts"}],"about":[{"href":"https:\/\/paginacero.com.uy\/index.php?rest_route=\/wp\/v2\/types\/post"}],"author":[{"embeddable":true,"href":"https:\/\/paginacero.com.uy\/index.php?rest_route=\/wp\/v2\/users\/4"}],"replies":[{"embeddable":true,"href":"https:\/\/paginacero.com.uy\/index.php?rest_route=%2Fwp%2Fv2%2Fcomments&post=5096"}],"version-history":[{"count":1,"href":"https:\/\/paginacero.com.uy\/index.php?rest_route=\/wp\/v2\/posts\/5096\/revisions"}],"predecessor-version":[{"id":5098,"href":"https:\/\/paginacero.com.uy\/index.php?rest_route=\/wp\/v2\/posts\/5096\/revisions\/5098"}],"wp:featuredmedia":[{"embeddable":true,"href":"https:\/\/paginacero.com.uy\/index.php?rest_route=\/wp\/v2\/media\/5097"}],"wp:attachment":[{"href":"https:\/\/paginacero.com.uy\/index.php?rest_route=%2Fwp%2Fv2%2Fmedia&parent=5096"}],"wp:term":[{"taxonomy":"category","embeddable":true,"href":"https:\/\/paginacero.com.uy\/index.php?rest_route=%2Fwp%2Fv2%2Fcategories&post=5096"},{"taxonomy":"post_tag","embeddable":true,"href":"https:\/\/paginacero.com.uy\/index.php?rest_route=%2Fwp%2Fv2%2Ftags&post=5096"}],"curies":[{"name":"wp","href":"https:\/\/api.w.org\/{rel}","templated":true}]}}