{"id":5087,"date":"2024-07-12T11:12:25","date_gmt":"2024-07-12T14:12:25","guid":{"rendered":"https:\/\/paginacero.com.uy\/?p=5087"},"modified":"2024-07-12T11:12:25","modified_gmt":"2024-07-12T14:12:25","slug":"disfruto-del-periodismo-con-madurez-y-buscando-la-objetividad","status":"publish","type":"post","link":"https:\/\/paginacero.com.uy\/?p=5087","title":{"rendered":"\u201cDisfruto del periodismo con madurez y buscando la objetividad\u201d"},"content":{"rendered":"<p><strong><span class=\"TextRun SCXW221518102 BCX0\" lang=\"ES-UY\" xml:lang=\"ES-UY\" data-contrast=\"auto\"><span class=\"NormalTextRun SpellingErrorV2Themed SCXW221518102 BCX0\" data-ccp-parastyle=\"Standard\" data-ccp-parastyle-defn=\"{&quot;ObjectId&quot;:&quot;ba3b5b17-f17d-4974-acc3-af017b08f0f7|5&quot;,&quot;ClassId&quot;:1073872969,&quot;Properties&quot;:[469775450,&quot;Standard&quot;,201340122,&quot;2&quot;,134233614,&quot;true&quot;,469778129,&quot;Standard&quot;,335572020,&quot;1&quot;,469777841,&quot;Times New Roman&quot;,469777842,&quot;Arial&quot;,469777843,&quot;SimSun&quot;,469777844,&quot;Times New Roman&quot;,469769226,&quot;Times New Roman,Arial,SimSun&quot;,268442635,&quot;24&quot;,335559704,&quot;1081&quot;,335559705,&quot;2052&quot;,335551547,&quot;14346&quot;,134245417,&quot;false&quot;]}\">Yanir\u00e9<\/span> <span class=\"NormalTextRun SpellingErrorV2Themed SCXW221518102 BCX0\" data-ccp-parastyle=\"Standard\">Tafura<\/span><span class=\"NormalTextRun SCXW221518102 BCX0\" data-ccp-parastyle=\"Standard\"> es una comprometida comunicadora que lleva adelante espacios en radio y televisi\u00f3n, donde muestra la realidad local, buscando cambiar aquellas <\/span><span class=\"NormalTextRun SCXW221518102 BCX0\" data-ccp-parastyle=\"Standard\">situaciones que percibe complejas o injustas, adem\u00e1s de brindarle a quien la escucha, una nueva visi\u00f3n sobre diferentes temas.<\/span><\/span><span class=\"EOP SCXW221518102 BCX0\" data-ccp-props=\"{&quot;134245417&quot;:false}\">\u00a0<\/span><\/strong><!--more--><\/p>\n<p><span data-contrast=\"auto\">\u201cTengo 48 a\u00f1os, soy mam\u00e1 de Josefina de 21 y Joaquin de 16 a\u00f1os, me gusta much\u00edsimo ocupar mi tiempo libre en leer fundamentalmente, mirar mucha televisi\u00f3n. Mi formaci\u00f3n pas\u00f3 por los n\u00fameros, soy Auxiliar Contable, nunca pens\u00e9 que la comunicaci\u00f3n se iba a cruzar en mi vida y sin embargo sucedi\u00f3\u201d dijo.<\/span><span data-ccp-props=\"{&quot;134245417&quot;:false}\">\u00a0<\/span><\/p>\n<p><span data-contrast=\"auto\">\u201cLa comunicaci\u00f3n lleg\u00f3 en una etapa en que Radio Durazno estaba en proceso de cambio de direcci\u00f3n, ah\u00ed Marcela Percovich me invita a ser parte de la administraci\u00f3n de Radio Durazno, nada que ver con estar al aire y comunicar, comienzo a trabajar como secretaria administrativa y con el paso de los meses el micr\u00f3fono se cruza ante m\u00ed, para hacer una suplencia en el programa de ella Cazacurioso y desde ah\u00ed estuve alternando por diferentes espacios hasta que lleg\u00f3 en primer t\u00e9rmino Actualidades en Durazno TV y mi gran amor period\u00edstico De buena fuente, con el desaf\u00edo tremendo de hacer periodismo, de 14 a 16 en radio y sin lugar a dudas se transform\u00f3 en un proyecto que me ha colmado y que realmente me enamora cada d\u00eda un poquito m\u00e1s\u201d agreg\u00f3.<\/span><span data-ccp-props=\"{&quot;134245417&quot;:false}\">\u00a0<\/span><\/p>\n<p><span data-contrast=\"auto\">Este desaf\u00edo lo ha encarado con mucho \u00e1nimo, convirti\u00e9ndose en una referente de la comunicaci\u00f3n.<\/span><span data-ccp-props=\"{&quot;134245417&quot;:false}\">\u00a0<\/span><\/p>\n<p><span data-contrast=\"auto\">\u201cSin lugar a dudas que el rol que m\u00e1s me desaf\u00eda es el de conductora de De buena fuente, un programa que busca desafiar e interpelar los acontecimientos, que adem\u00e1s es un periodismo sin filtros, sin vueltas, donde lo decimos a todo sin ataduras, con total libertad obviamente eso tambi\u00e9n te lleva a pasar por sinsabores. Ese es el rol que m\u00e1s me gusta y apasiona, otro rol es el de hacer televisi\u00f3n, Actualidades, un programa que pasa por la entrevista, el magazine, que hace m\u00e1s el d\u00eda a d\u00eda de la sociedad. Otro desaf\u00edo que me gusta much\u00edsimo llevar adelante es el rol de notera para Durazno TV porque eso me lleva a transitar las calles y transitar la realidad de la sociedad, que muchas veces despu\u00e9s reflejo a las dos de la tarde en el period\u00edstico De buena fuente\u201d cont\u00f3.<\/span><span data-ccp-props=\"{&quot;134245417&quot;:false}\">\u00a0<\/span><\/p>\n<p><span data-contrast=\"auto\">El periodismo le ha tra\u00eddo cambios a su vida, satisfacciones y algunos sinsabores, que nos cuenta generosamente en base a la experiencia vivida.<\/span><span data-ccp-props=\"{&quot;134245417&quot;:false}\">\u00a0<\/span><\/p>\n<p><span data-contrast=\"auto\">\u201cLas satisfacciones que me da conducir De buena fuente es generar espacios y \u00e1mbitos para que se escuchen las voces del interior profundo, de cada una de las localidades, de cada uno de los lugares donde suceden realidades muy complejas que no se visualizan. Muchas veces nos quedamos en las fronteras de la capital y los temas del interior no pasan por los micr\u00f3fonos, sin lugar a dudas a partir de poner esos temas en el \u00e1mbito de comunicaci\u00f3n se han logrado soluciones individuales y colectivas, lo que me llena de satisfacci\u00f3n\u201d agreg\u00f3.<\/span><span data-ccp-props=\"{&quot;134245417&quot;:false}\">\u00a0<\/span><\/p>\n<p><span data-contrast=\"auto\">\u201cLos sinsabores de este oficio pasan por ser mujer, comunicadora, conductora de un programa, recibir agravios muy fuertes fundamentalmente de mujeres, mujeres que integran muchas veces hasta filas pol\u00edticas y que cuestionan que una mujer no est\u00e9 en la casa llevando adelante las tareas de hogar y si frente a un micr\u00f3fono emitiendo juicios y llevando adelante un programa\u201d agreg\u00f3.<\/span><span data-ccp-props=\"{&quot;134245417&quot;:false}\">\u00a0<\/span><\/p>\n<p><span data-contrast=\"auto\">A la hora de entrevistar, Yanir\u00e9 tiene su propio estilo.<\/span><span data-ccp-props=\"{&quot;134245417&quot;:false}\">\u00a0<\/span><\/p>\n<p><span data-contrast=\"auto\">\u201cSoy respetuosa de cada uno de los entrevistados, pregunto e interpelo en el momento justo, pero siempre con la capacidad de escuchar, pero sobre todo las cosas llevando el tim\u00f3n de la entrevista, que no pierda la esencia y el foco que le quise poner al inicio de la misma\u201d dijo.<\/span><span data-ccp-props=\"{&quot;134245417&quot;:false}\">\u00a0<\/span><\/p>\n<p><span data-contrast=\"auto\">\u201cLa formaci\u00f3n para mi tarea se fue dando con pr\u00e1ctica, en realidad cuando comenc\u00e9 adelante a llevar De buena fuente, no lo hice sola. Era la co conductora, la conducci\u00f3n estaba a cargo de Eduardo Montes De Oca y considero que fue un gran maestro formador, fue muy generoso, aprend\u00ed mucho, a la hora de ense\u00f1arme sobre todo con Eduardo me remit\u00ed a escucharlo y ver c\u00f3mo se desarrollaba \u00e9l como periodista, no ten\u00eda en ese momento la participaci\u00f3n que me gustara tener pero el aprendizaje fue rico y exitoso\u201d dijo.<\/span><span data-ccp-props=\"{&quot;134245417&quot;:false}\">\u00a0<\/span><\/p>\n<p><span data-contrast=\"auto\">\u201cLa comunicaci\u00f3n lleg\u00f3 a mi vida a mitad de camino, por lo tanto me permito disfrutarlo con la madurez suficiente que la experiencia de vida te ofrece, por otro lado siempre permanentemente trato de ser objetiva y sobre todas las cosas de no perder la esencia de lo que se quiere escuchar del otro lado, lo genuino, lo transparente de cada uno de los entrevistados. Mi perfil es de ir hasta el hueso, sin filtro, en un marco de respeto pero tratar de ir hasta la m\u00e9dula, obtener la respuesta que el oyente est\u00e1 esperando\u201d agreg\u00f3.<\/span><span data-ccp-props=\"{&quot;134245417&quot;:false}\">\u00a0<\/span><\/p>\n<p><span data-contrast=\"auto\">Tambi\u00e9n tiene sus preferencias, aunque aborda tem\u00e1ticas variadas, desde lo pol\u00edtico, lo social, lo cultural.<\/span><span data-ccp-props=\"{&quot;134245417&quot;:false}\">\u00a0<\/span><\/p>\n<p><span data-contrast=\"auto\">\u201cFundamentalmente soy una apasionada de los temas pol\u00edticos, escucho, veo y trato de permanentemente estar al tanto de los programas y de los discursos de cada uno de mis entrevistados, en base a eso cuando se sientan frente al micr\u00f3fono de radio Durazno y de De buena fuente pasan las preguntas, pero no de la manera que ellos quieren o quieren responder, para lograr ese marketing pol\u00edtico, sino realmente lo que\u00a0 les va a dejar algo claro y una idea para tomar sus propias decisiones al oyente\u201d dijo.<\/span><span data-ccp-props=\"{&quot;134245417&quot;:false}\">\u00a0<\/span><\/p>\n<p><span data-contrast=\"auto\">\u201cA la hora de abordar los temas sociales y culturales, es un complemento de la actividad que realizo en Actualidades, el programa que conduzco, a la hora de poner temas sociales, el rol de productora de los informativos de la radio y el canal me generan mucho insumos, por lo cual me nutro de ellos para realizar mi actividad\u201d agreg\u00f3.<\/span><span data-ccp-props=\"{&quot;134245417&quot;:false}\">\u00a0<\/span><\/p>\n<p><span data-contrast=\"auto\">Algunas entrevistas le ha impactado por los resultados obtenidos y busca a trav\u00e9s de la exposici\u00f3n de los temas, generar cambios.<\/span><span data-ccp-props=\"{&quot;134245417&quot;:false}\">\u00a0<\/span><\/p>\n<p><span data-contrast=\"auto\">\u201cNo tengo una nota so\u00f1ada, las notas importantes para mi son aquellas que est\u00e1n relacionadas con la realidad que estamos tran citando y con los temas de actualidad que inciden en la sociedad, por eso no soy so\u00f1adora a la hora de pensar una nota a futuro sino que trato de basarme en la realidad y las consecuencias de esa realidad\u201d dijo.<\/span><span data-ccp-props=\"{&quot;134245417&quot;:false}\">\u00a0<\/span><\/p>\n<p><span data-contrast=\"auto\">\u201cUna nota importante se la realic\u00e9 al senador Carlos Daniel Cam\u00ed donde le expuse la realidad de Durazno, donde contrariamente a lo que estaba sucediendo en el resto del pa\u00eds, con un Jorge Larra\u00f1aga como Ministro del Interior que estaba reabriendo destacamentos policiales en el interior del departamento, en Durazno se estaban cerrando. A partir de eso el tema fue abordado en el Senado de la Rep\u00fablica y tuvo un rev\u00e9s importante. Otras dos notas que para mi fueron importantes, que me impactaron, uno con la historia de una abuela que viv\u00eda en PUeblo de Alvarez con sus dos nietos con una precariedad habitacional tremenda, con las repercusiones que tuvo su nota en De buena fuente, su condici\u00f3n mejor\u00f3 y hoy tiene calidad de vida sobre todo y un techo seguro para seguir criando a sus nietos.<\/span><span data-ccp-props=\"{&quot;134245417&quot;:false}\">\u00a0<\/span><\/p>\n<p><span data-contrast=\"auto\">Otra fue una mujer que estaba quedando abandonada por su familia en la vieja planta de leche y gracias a ese accionar period\u00edstico eso se desarticul\u00f3, los organismos que hasta el momento le estaban dando la espalda pusieron su impronta y eficiencia, que no hab\u00edan tenido hasta el momento, ahora est\u00e1 viviendo en un monoambiente en la capital del pa\u00eds y cerca de sus afectos\u201d agreg\u00f3.<\/span><span data-ccp-props=\"{&quot;134245417&quot;:false}\">\u00a0<\/span><\/p>\n<p><span data-contrast=\"auto\">Como periodista, tiene sus proyectos a futuro, buscando mejorar su propuesta.<\/span><span data-ccp-props=\"{&quot;134245417&quot;:false}\">\u00a0<\/span><\/p>\n<p><span data-contrast=\"auto\">\u201cMi proyecto es mejorar la estructura de De buena fuente, agregarle m\u00e1s cosas, tratar de que siga manteniendo vigencia y se transforme cada vez en un programa m\u00e1s atractivo haciendo periodismo a las dos de la tarde, lo cual es muy desafiante\u201d dijo.<\/span><span data-ccp-props=\"{&quot;134245417&quot;:false}\">\u00a0<\/span><\/p>\n<p><span data-contrast=\"auto\">Con respecto al rol de la mujer en la actualidad consider\u00f3 que \u201ca las mujeres se las critica y se las cuestiona como no se hace con los hombres, sin embargo han demostrado tener la idoneidad y estar a la altura de las circunstancias, por su sensibilidad natural, por su gran capacidad de compromiso y por tener la suficiente capacidad de ser todoterreno, ser como son en la vida misma y con la esencia que las caracteriza\u201d.<\/span><span data-ccp-props=\"{&quot;134245417&quot;:false}\">\u00a0<\/span><\/p>\n<p><span data-contrast=\"auto\">\u201cConsidero que la sociedad actual las mujeres jugamos un rol m\u00e1s que importante y no necesitamos que se nos generen los espacio, nosotros solas nos hemos ido abriendo los caminos, demostrando la capacidad y la espalda que tenemos para enfrentar cada desafio y ganar en base a eso nuestros espacios\u201d finaliz\u00f3.<\/span><span data-ccp-props=\"{&quot;134245417&quot;:false}\">\u00a0<\/span><\/p>\n","protected":false},"excerpt":{"rendered":"<p>Yanir\u00e9 Tafura es una comprometida comunicadora que lleva adelante espacios en radio y televisi\u00f3n, donde muestra la realidad local, buscando cambiar aquellas situaciones que percibe complejas o injustas, adem\u00e1s de brindarle a quien la escucha, una nueva visi\u00f3n sobre diferentes temas.\u00a0<\/p>\n","protected":false},"author":4,"featured_media":5088,"comment_status":"closed","ping_status":"closed","sticky":false,"template":"","format":"standard","meta":{"footnotes":""},"categories":[5,17],"tags":[],"class_list":["post-5087","post","type-post","status-publish","format-standard","has-post-thumbnail","hentry","category-durazno","category-suplemento-mujer"],"_links":{"self":[{"href":"https:\/\/paginacero.com.uy\/index.php?rest_route=\/wp\/v2\/posts\/5087","targetHints":{"allow":["GET"]}}],"collection":[{"href":"https:\/\/paginacero.com.uy\/index.php?rest_route=\/wp\/v2\/posts"}],"about":[{"href":"https:\/\/paginacero.com.uy\/index.php?rest_route=\/wp\/v2\/types\/post"}],"author":[{"embeddable":true,"href":"https:\/\/paginacero.com.uy\/index.php?rest_route=\/wp\/v2\/users\/4"}],"replies":[{"embeddable":true,"href":"https:\/\/paginacero.com.uy\/index.php?rest_route=%2Fwp%2Fv2%2Fcomments&post=5087"}],"version-history":[{"count":1,"href":"https:\/\/paginacero.com.uy\/index.php?rest_route=\/wp\/v2\/posts\/5087\/revisions"}],"predecessor-version":[{"id":5089,"href":"https:\/\/paginacero.com.uy\/index.php?rest_route=\/wp\/v2\/posts\/5087\/revisions\/5089"}],"wp:featuredmedia":[{"embeddable":true,"href":"https:\/\/paginacero.com.uy\/index.php?rest_route=\/wp\/v2\/media\/5088"}],"wp:attachment":[{"href":"https:\/\/paginacero.com.uy\/index.php?rest_route=%2Fwp%2Fv2%2Fmedia&parent=5087"}],"wp:term":[{"taxonomy":"category","embeddable":true,"href":"https:\/\/paginacero.com.uy\/index.php?rest_route=%2Fwp%2Fv2%2Fcategories&post=5087"},{"taxonomy":"post_tag","embeddable":true,"href":"https:\/\/paginacero.com.uy\/index.php?rest_route=%2Fwp%2Fv2%2Ftags&post=5087"}],"curies":[{"name":"wp","href":"https:\/\/api.w.org\/{rel}","templated":true}]}}