{"id":5064,"date":"2024-07-10T20:13:08","date_gmt":"2024-07-10T23:13:08","guid":{"rendered":"https:\/\/paginacero.com.uy\/?p=5064"},"modified":"2024-07-10T20:36:50","modified_gmt":"2024-07-10T23:36:50","slug":"llaman-a-postularse-a-la-copa-mundial-de-emprendimientos-a-uruguay","status":"publish","type":"post","link":"https:\/\/paginacero.com.uy\/?p=5064","title":{"rendered":"Llaman a postularse a la Copa Mundial de Emprendimientos a Uruguay"},"content":{"rendered":"<p><strong><span class=\"TextRun SCXW146641514 BCX0\" lang=\"ES-UY\" xml:lang=\"ES-UY\" data-contrast=\"auto\"><span class=\"NormalTextRun SCXW146641514 BCX0\" data-ccp-parastyle=\"Standard\" data-ccp-parastyle-defn=\"{&quot;ObjectId&quot;:&quot;cd933579-6fb7-4780-8549-2b1d08fa58c2|5&quot;,&quot;ClassId&quot;:1073872969,&quot;Properties&quot;:[469775450,&quot;Standard&quot;,201340122,&quot;2&quot;,134233614,&quot;true&quot;,469778129,&quot;Standard&quot;,335572020,&quot;1&quot;,469777841,&quot;Times New Roman&quot;,469777842,&quot;Arial&quot;,469777843,&quot;SimSun&quot;,469777844,&quot;Times New Roman&quot;,469769226,&quot;Times New Roman,Arial,SimSun&quot;,268442635,&quot;24&quot;,335559704,&quot;1081&quot;,335559705,&quot;2052&quot;,335551547,&quot;14346&quot;,134245417,&quot;false&quot;]}\">ANDE llama a postularse para la Copa Mundial de Emprendimientos, con la expectativa de que alg\u00fan representante de nuestro pa\u00eds pueda llegar a la instancia <\/span><span class=\"NormalTextRun SCXW146641514 BCX0\" data-ccp-parastyle=\"Standard\">internacional, luego de ser seleccionado en las etapas nacionales.<\/span><\/span><span class=\"EOP SCXW146641514 BCX0\" data-ccp-props=\"{&quot;134245417&quot;:false}\">\u00a0<\/span><\/strong><!--more--><\/p>\n<p>por Daniela bonaudi<\/p>\n<p><span data-contrast=\"auto\">La Copa Mundial de Emprendimientos es una de las competencias y programas de apoyo m\u00e1s grandes y diversos de su tipo. Cada a\u00f1o, decenas de miles de personas emprendedoras de 200 pa\u00edses compiten por un mill\u00f3n de d\u00f3lares en premios en efectivo, adem\u00e1s de la oportunidad de capacitarse con expertos internacionales a trav\u00e9s de mentor\u00edas focalizadas o de vincularse con potenciales inversores. El evento es organizado conjuntamente por la Red Global de Emprendimientos Global y la Autoridad General de las Peque\u00f1as y Medianas Empresas \u00abMonsha\u2019at\u00bb de Arabia Saudita. En Uruguay, los socios locales son la Agencia Nacional de Investigaci\u00f3n e Innovaci\u00f3n (ANII) y la Agencia Nacional de Desarrollo (ANDE).<\/span><span data-ccp-props=\"{&quot;134245417&quot;:false}\">\u00a0<\/span><\/p>\n<p><span data-contrast=\"auto\">La competencia consta de varias etapas, desde una fase a nivel local en cada pa\u00eds hasta una final global. La convocatoria para Uruguay ya est\u00e1 abierta para quienes tengan una idea o emprendimiento con potencial din\u00e1mico, de base tecnol\u00f3gica y con un impacto social relevante en t\u00e9rminos de problem\u00e1ticas globales. Las postulaciones se reciben hasta el pr\u00f3ximo 31 de julio, y deben hacerse en ingl\u00e9s, a trav\u00e9s de la plataforma de EWC.<\/span><span data-ccp-props=\"{&quot;134245417&quot;:false}\">\u00a0<\/span><\/p>\n<p><span data-contrast=\"auto\">La Copa Mundial de Emprendimientos tiene como objetivo descubrir, asesorar y premiar a personas emprendedoras de todo el mundo y de todos los niveles de desarrollo: etapa de idea (idea-stage): dirigida a emprendedores que est\u00e1n en proceso de validar su primer producto\/servicio; etapa temprana (early-stage): para aquellos con productos\/servicios en una fase inicial de comercializaci\u00f3n y con una empresa ya constituida; etapa de crecimiento (growth-stage): orientada a emprendimientos que han alcanzado un nivel avanzado de comercializaci\u00f3n en un mercado en expansi\u00f3n.<\/span><span data-ccp-props=\"{&quot;134245417&quot;:false}\">\u00a0<\/span><\/p>\n<p><span data-contrast=\"auto\">Luego del cierre de la convocatoria el 31 de julio, ANII y ANDE realizar\u00e1n el 14 de agosto una final nacional. En esta instancia, los seleccionados de cada categor\u00eda presentar\u00e1n sus iniciativas frente a referentes nacionales y destacados inversores de nuestro pa\u00eds, para poder acceder a la oportunidad de representar al pa\u00eds en la competencia mundial.<\/span><span data-ccp-props=\"{&quot;134245417&quot;:false}\">\u00a0<\/span><\/p>\n<p><span data-contrast=\"auto\">La Copa Mundial de Emprendimientos (EWC) es un programa que empodera a personas emprendedoras en todos los niveles &#8211; desde la fase idea hasta la fase de escalamiento &#8211; ayud\u00e1ndolas a alcanzar el pr\u00f3ximo nivel en su camino, a trav\u00e9s de una competencia nacional e internacional que les permitir\u00e1 acelerar sus emprendimientos, a trav\u00e9s de mentor\u00edas, premios, contacto con personas inversoras y formar parte de una red global de emprendimientos.<\/span><span data-ccp-props=\"{&quot;134245417&quot;:false}\">\u00a0<\/span><\/p>\n<p><span data-contrast=\"auto\">ANDE se suma como socia y l\u00edder local de esta iniciativa llevada a cabo por el Global Entrepreneurship Network, Misk Global Forum y Global Education and Leadership Foundation para que emprendimientos uruguayos puedan ser parte de esta experiencia buscando emprendimientos que tengan potencial din\u00e1mico, sean de base tecnol\u00f3gica y\/o impacto social en cualquiera de las siguientes etapas:<\/span><span data-ccp-props=\"{&quot;134245417&quot;:false}\">\u00a0<\/span><\/p>\n<p><span data-contrast=\"auto\">Las etapas de la competencia nacional comienzan con el registro y postulaci\u00f3n en l\u00ednea en la plataforma global, selecci\u00f3n de proyectos para participar de la final nacional, final nacional y selecci\u00f3n de un proyecto ganador por fase de emprendimiento<\/span><span data-ccp-props=\"{&quot;134245417&quot;:false}\">\u00a0<\/span><\/p>\n<p><span data-contrast=\"auto\">En la competencia final se define la persona que pasar\u00e1 a la aceleraci\u00f3n y competencial global. Es importante que alguien del equipo debe manejar bien el ingl\u00e9s; los contenidos en la plataforma y el proceso en la competencia global se har\u00e1n en ese idioma. La competencia a nivel nacional se har\u00e1 en espa\u00f1ol.<\/span><span data-ccp-props=\"{&quot;134245417&quot;:false}\">\u00a0<\/span><\/p>\n","protected":false},"excerpt":{"rendered":"<p>ANDE llama a postularse para la Copa Mundial de Emprendimientos, con la expectativa de que alg\u00fan representante de nuestro pa\u00eds pueda llegar a la instancia internacional, luego de ser seleccionado en las etapas nacionales.\u00a0<\/p>\n","protected":false},"author":4,"featured_media":5065,"comment_status":"closed","ping_status":"closed","sticky":false,"template":"","format":"standard","meta":{"footnotes":""},"categories":[5],"tags":[],"class_list":["post-5064","post","type-post","status-publish","format-standard","has-post-thumbnail","hentry","category-durazno"],"_links":{"self":[{"href":"https:\/\/paginacero.com.uy\/index.php?rest_route=\/wp\/v2\/posts\/5064","targetHints":{"allow":["GET"]}}],"collection":[{"href":"https:\/\/paginacero.com.uy\/index.php?rest_route=\/wp\/v2\/posts"}],"about":[{"href":"https:\/\/paginacero.com.uy\/index.php?rest_route=\/wp\/v2\/types\/post"}],"author":[{"embeddable":true,"href":"https:\/\/paginacero.com.uy\/index.php?rest_route=\/wp\/v2\/users\/4"}],"replies":[{"embeddable":true,"href":"https:\/\/paginacero.com.uy\/index.php?rest_route=%2Fwp%2Fv2%2Fcomments&post=5064"}],"version-history":[{"count":4,"href":"https:\/\/paginacero.com.uy\/index.php?rest_route=\/wp\/v2\/posts\/5064\/revisions"}],"predecessor-version":[{"id":5075,"href":"https:\/\/paginacero.com.uy\/index.php?rest_route=\/wp\/v2\/posts\/5064\/revisions\/5075"}],"wp:featuredmedia":[{"embeddable":true,"href":"https:\/\/paginacero.com.uy\/index.php?rest_route=\/wp\/v2\/media\/5065"}],"wp:attachment":[{"href":"https:\/\/paginacero.com.uy\/index.php?rest_route=%2Fwp%2Fv2%2Fmedia&parent=5064"}],"wp:term":[{"taxonomy":"category","embeddable":true,"href":"https:\/\/paginacero.com.uy\/index.php?rest_route=%2Fwp%2Fv2%2Fcategories&post=5064"},{"taxonomy":"post_tag","embeddable":true,"href":"https:\/\/paginacero.com.uy\/index.php?rest_route=%2Fwp%2Fv2%2Ftags&post=5064"}],"curies":[{"name":"wp","href":"https:\/\/api.w.org\/{rel}","templated":true}]}}