{"id":5034,"date":"2024-07-08T22:48:38","date_gmt":"2024-07-09T01:48:38","guid":{"rendered":"https:\/\/paginacero.com.uy\/?p=5034"},"modified":"2024-07-08T22:48:38","modified_gmt":"2024-07-09T01:48:38","slug":"lagrima-rios-propusieron-que-un-asteroide-lleve-su-nombre-y-a-nivel-local-se-organiza-homenaje","status":"publish","type":"post","link":"https:\/\/paginacero.com.uy\/?p=5034","title":{"rendered":"L\u00e1grima R\u00edos: propusieron que un asteroide lleve su nombre y a nivel local se organiza homenaje"},"content":{"rendered":"<p><strong><span class=\"TextRun SCXW121465289 BCX0\" lang=\"ES-UY\" xml:lang=\"ES-UY\" data-contrast=\"auto\"><span class=\"NormalTextRun SCXW121465289 BCX0\" data-ccp-parastyle=\"Standard\" data-ccp-parastyle-defn=\"{&quot;ObjectId&quot;:&quot;3dcbed42-a67b-4b61-afc3-5ff9698ea761|5&quot;,&quot;ClassId&quot;:1073872969,&quot;Properties&quot;:[469775450,&quot;Standard&quot;,201340122,&quot;2&quot;,134233614,&quot;true&quot;,469778129,&quot;Standard&quot;,335572020,&quot;1&quot;,469777841,&quot;Times New Roman&quot;,469777842,&quot;Arial&quot;,469777843,&quot;SimSun&quot;,469777844,&quot;Times New Roman&quot;,469769226,&quot;Times New Roman,Arial,SimSun&quot;,268442635,&quot;24&quot;,335559704,&quot;1081&quot;,335559705,&quot;2052&quot;,335551547,&quot;14346&quot;,134245417,&quot;false&quot;]}\">Se realiz\u00f3 el segundo encuentro del ciclo de charlas y muestras \u201cMujeres en el Espacio\u201d. En esta instancia, la homenajeada fue L\u00e1grima <\/span><span class=\"NormalTextRun SCXW121465289 BCX0\" data-ccp-parastyle=\"Standard\">R\u00edos y se solicit\u00f3 la nominaci\u00f3n de un asteroide en su honor.<\/span><\/span><span class=\"EOP SCXW121465289 BCX0\" data-ccp-props=\"{&quot;134245417&quot;:false}\">\u00a0<\/span><\/strong><!--more--><\/p>\n<p><span data-contrast=\"auto\">Durante el evento, se present\u00f3 la cuerda de tambores del Taller de Candombe del liceo N.\u00b0 48 Bernardo Prudencio Berro. Los asistentes tambi\u00e9n disfrutaron las muestras art\u00edsticas realizadas por los estudiantes que integran el Coro, el Taller de Danza y el Taller de Instrumentos Musicales del liceo N.\u00b0 29 Alicia Goyena.<\/span><span data-ccp-props=\"{&quot;134245417&quot;:false}\">\u00a0<\/span><\/p>\n<p><span data-contrast=\"auto\">Los estudiantes del liceo N.\u00b0 3 D\u00e1maso Antonio Larra\u00f1aga presentaron la investigaci\u00f3n cient\u00edfica que elaboraron. Adem\u00e1s, se realiz\u00f3 la solicitud de nominaci\u00f3n del asteroide en honor a L\u00e1grima R\u00edos a trav\u00e9s de uno de los observatorios institucionales.<\/span><span data-ccp-props=\"{&quot;134245417&quot;:false}\">\u00a0<\/span><\/p>\n<p><span data-contrast=\"auto\">Este evento celebr\u00f3 las contribuciones de L\u00e1grima R\u00edos a la cultura nacional, al tiempo que mostr\u00f3 el talento y la dedicaci\u00f3n de los estudiantes de Secundaria involucrados en este significativo proyecto.<\/span><span data-ccp-props=\"{&quot;134245417&quot;:false}\">\u00a0<\/span><\/p>\n<p><span data-contrast=\"auto\">El ciclo Mujeres en el Espacio tiene como objetivo visibilizar los aportes que destacadas mujeres uruguayas han realizado a la cultura nacional y a la ciencia. Asimismo se busca resaltar el valor educativo del trabajo multi e interdisciplinario entre ciencia y arte. Estos encuentros son organizados por la Inspecci\u00f3n General Docente en coordinaci\u00f3n con las inspecciones de asignatura de la Direcci\u00f3n General de Educaci\u00f3n Secundaria (DGES) desde el a\u00f1o 2023.<\/span><span data-ccp-props=\"{&quot;134245417&quot;:false}\">\u00a0<\/span><\/p>\n<p><span data-contrast=\"auto\">A nivel departamental, la Intendencia de Durazno y el Instituto Nacional de M\u00fasica (INMUS) celebrar\u00e1n a nivel nacional en la ciudad de Durazno, el cent\u00e9simo aniversario del nacimiento de L\u00e1grima R\u00edos, que se cumple el pr\u00f3ximo 26 de setiembre. En la oportunidad se realizar\u00e1n varias actividades culturales, entre otras una exposici\u00f3n alusiva a su figura. <\/span><br \/>\n<span data-contrast=\"auto\">Con este motivo se invita a artistas pl\u00e1sticos, dibujantes, pintores, caricaturistas, escultores, fot\u00f3grafos y otros, a participar con sus obras (una por cada creador), ya sean nuevas o viejas realizaciones, referente a la artista que ser\u00e1 homenajeada, conocida como la \u00abPerla negra del Tango\u00bb, o la \u00abDama del Candombe\u00bb. <\/span><br \/>\n<span data-contrast=\"auto\">Tambi\u00e9n pueden participar escritores y poetas con peque\u00f1os textos y poemas sobre L\u00e1grima R\u00edos, que se podr\u00e1n exponer junto a las obras pl\u00e1sticas. Quienes deseen participar o por mayor informaci\u00f3n, se pueden comunicar a los celulares 091 866 444 o 098 930 880.<\/span><span data-ccp-props=\"{&quot;134245417&quot;:false}\">\u00a0<\/span><\/p>\n<p><span data-contrast=\"auto\">Lida Melba Benav\u00eddez Tab\u00e1rez naci\u00f3 en Durazno el 26 de septiembre de 1924 y falleci\u00f3 en Montevideo, 25 de diciembre de 2006, fue conocida como L\u00e1grima R\u00edos, se convirti\u00f3 en una cantante afrodescendiente uruguaya que destac\u00f3 en los cantos del candombe. Conocida tambi\u00e9n como \u00abla perla negra del tango\u00bb y la \u00abdama del candombe\u00bb, se dice que \u00abrepresenta la m\u00e1s noble esencia del canto mestizo y negro\u00bb. Su voz era potente, como afirmaba ella misma: \u00ablos negros tenemos las cuerdas vocales una pinta m\u00e1s gruesa que los blancos\u00bb.<\/span><span data-ccp-props=\"{&quot;134245417&quot;:false}\">\u00a0<\/span><\/p>\n<p><span data-contrast=\"auto\">En su infancia, L\u00e1grima R\u00edos vivi\u00f3 una vida de extrema pobreza. Siendo muy ni\u00f1a, su madre dej\u00f3 la ciudad de Durazno, y vivieron entonces en diversos conventillos en la capital del pa\u00eds. Se mudaban muy a menudo, y su madre aceptaba cualquier trabajo. Conoci\u00f3 a Carlos Gardel a los tres o cuatro a\u00f1os, cuando este buscaba al guitarrista Carlos Portela en el conventillo en que viv\u00edan en Durazno 1182, su primer hogar montevideano. El recuerdo en s\u00ed de la figura de Gardel es probablemente m\u00ednimo; lo que una ni\u00f1a de tan corta edad recuerda es casi con seguridad el \u00abalboroto\u00bb que se produjo en el conventillo al llegar el famoso cantante.<\/span><span data-ccp-props=\"{&quot;134245417&quot;:false}\">\u00a0<\/span><\/p>\n<p><span data-contrast=\"auto\">Tambi\u00e9n vivi\u00f3, siendo ni\u00f1a, donde su madre trabajaba como dom\u00e9stica, cocinera y lavandera; o\u00eda en las vitrolas y radios de los vecinos guaranias, rancheras, pasodobles, coplas espa\u00f1olas; m\u00fasicas y letras que memorizaba, cantaba y bailaba. A los tres a\u00f1os se le despert\u00f3 el amor por el canto al escuchar los discos en las vitrolas que hab\u00eda en las casas donde la madre trabajaba. L\u00e1grima R\u00edos trabaj\u00f3 como empleada dom\u00e9stica en una casa de la calle 8 de octubre. En la casa de al lado hab\u00eda radio: as\u00ed ella o\u00eda canciones de todas clases y las aprend\u00eda de memoria. La deslumbraba el piano que hab\u00eda en la casa, y apretaba sus teclas despacio para que no rezongaran. Trabaj\u00f3 tambi\u00e9n como cocinera en la familia de un agregado cultural de la embajada de Estados Unidos; a partir de entonces se compenetr\u00f3 con la m\u00fasica de los blues y otras melod\u00edas estadounidenses que cantaba con su particular gracia y emoci\u00f3n.<\/span><span data-ccp-props=\"{&quot;134245417&quot;:false}\">\u00a0<\/span><\/p>\n<p><span data-contrast=\"auto\">L\u00e1grima cantaba en su casa hasta que alguien la escuch\u00f3, se interes\u00f3 por ella y, con permiso de sus padres, en 1945, empez\u00f3 a cantar junto a un guitarrista. A los dieciocho comenz\u00f3 a cantar en los populares \u00abrecreos\u00bb de barrio, lugares donde la gente se reun\u00eda en las noches de verano. No imaginaba que su vida, cada vez m\u00e1s, iba a estar vinculada para siempre al canto.<\/span><span data-ccp-props=\"{&quot;134245417&quot;:false}\">\u00a0<\/span><\/p>\n<p><span data-contrast=\"auto\">La voz de L\u00e1grima R\u00edos, por su excelente calidad y potencia, llamaba la atenci\u00f3n del vecindario, y fue entonces cuando empezaron a invitarla a cantar en reuniones familiares, mientras que en la escuela era quien entonaba siempre el solo del himno nacional. En 1942, la invitaron a cantar en un local que se inauguraba. Ella ten\u00eda dieciocho a\u00f1os y fue la primera vez que lo hizo para el p\u00fablico.<\/span><span data-ccp-props=\"{&quot;134245417&quot;:false}\">\u00a0<\/span><\/p>\n<p><span data-contrast=\"auto\">En 1950, Alberto Mastra la integr\u00f3 a su tr\u00edo y le puso el nombre art\u00edstico de L\u00e1grima R\u00edos; con este conjunto estuvo bastante tiempo cantando tangos, siendo la primera mujer negra en hacerlo. Luego comenz\u00f3 a salir en carnaval con Jos\u00e9 Antonio Lungo, que era del barrio. Despu\u00e9s conoci\u00f3 a Emilio River\u00f3n, quien ten\u00eda tres conjuntos.<\/span><span data-ccp-props=\"{&quot;134245417&quot;:false}\">\u00a0<\/span><\/p>\n<p><span data-contrast=\"auto\">Tambi\u00e9n trabaj\u00f3 con Orosm\u00e1n Fern\u00e1ndez, como vocalista en su orquesta. L\u00e1grima form\u00f3 parte de \u00abBrindis de Sala\u00bb, grupo coral integrado por los hermanos Ramos, Luis Alberto G\u00f3mez y Juan Sequeira, que era un conocido integrante de conjuntos de carnaval. Este grupo interpretaba canciones a capella. Cant\u00f3 con Danny Glover y Mary Wilson, actor y cantante estadounidenses; Danny estuvo recientemente en Mundo Afro. L\u00e1grima hizo presentaciones con Celia Cruz, An\u00edbal Troilo, Roberto Goyeneche, H\u00e9ctor Maur\u00e9 y Alberto Castillo. Actu\u00f3 en Madrid y Londres, y fue la primera cantante uruguaya y afrodescendiente que actu\u00f3 en Par\u00eds, en La Sorbona.<\/span><span data-ccp-props=\"{&quot;134245417&quot;:false}\">\u00a0<\/span><\/p>\n<p><span data-contrast=\"auto\">En 1972 edit\u00f3 La perla negra del tango, que dedic\u00f3 a su maestro Alberto Mastra. Se le otorg\u00f3 la presidencia de Mundo Afro en 1995. Un a\u00f1o despu\u00e9s cant\u00f3 para la Tercera Cumbre Mundial del Tango realizada en Montevideo y en varias ciudades del interior de Uruguay.<\/span><span data-ccp-props=\"{&quot;134245417&quot;:false}\">\u00a0<\/span><\/p>\n<p><span data-contrast=\"auto\">Edit\u00f3 su primer disco compacto en 1997, llamado Cantando sue\u00f1os, y en 1999 film\u00f3 el videoclip del tema \u00abDanza Sur\u00bb. Grab\u00f3 en Par\u00eds un CD con P\u00e1jaro Canzani, exitoso m\u00fasico uruguayo, cantando en una lengua africana. En 2005 hizo una presentaci\u00f3n en vivo de la canci\u00f3n \u00abUn cielo para los dos\u00bb, junto a Gustavo Santaolalla, en el concierto brindado por el artista Luciano Supervielle en el Teatro Sol\u00eds de Montevideo. Previamente se edit\u00f3 un DVD con el concierto llamado \u00abSupervielle en el Sol\u00eds\u00bb, en el cual est\u00e1 incluida esta presentaci\u00f3n, finalizando con todo el teatro de pie y aplaudiendo a este icono de la m\u00fasica uruguaya.<\/span><span data-ccp-props=\"{&quot;134245417&quot;:false}\">\u00a0<\/span><\/p>\n<p><span data-contrast=\"auto\">Actu\u00f3 en la pel\u00edcula documental Caf\u00e9 de los maestros, dirigida por Miguel Kohan en 2008, y en el \u00e1lbum Caf\u00e9 de los maestros vol. 1 y 2, producido por Gustavo Santaolalla, en el que registr\u00f3 \u00abVieja viola\u00bb, acompa\u00f1ada por An\u00edbal Arias, y \u00abUn cielo para los dos\u00bb, acompa\u00f1ada por Gustavo Santaolalla.<\/span><span data-ccp-props=\"{&quot;134245417&quot;:false}\">\u00a0<\/span><\/p>\n","protected":false},"excerpt":{"rendered":"<p>Se realiz\u00f3 el segundo encuentro del ciclo de charlas y muestras \u201cMujeres en el Espacio\u201d. En esta instancia, la homenajeada fue L\u00e1grima R\u00edos y se solicit\u00f3 la nominaci\u00f3n de un asteroide en su honor.\u00a0<\/p>\n","protected":false},"author":4,"featured_media":5035,"comment_status":"closed","ping_status":"closed","sticky":false,"template":"","format":"standard","meta":{"footnotes":""},"categories":[5],"tags":[],"class_list":["post-5034","post","type-post","status-publish","format-standard","has-post-thumbnail","hentry","category-durazno"],"_links":{"self":[{"href":"https:\/\/paginacero.com.uy\/index.php?rest_route=\/wp\/v2\/posts\/5034","targetHints":{"allow":["GET"]}}],"collection":[{"href":"https:\/\/paginacero.com.uy\/index.php?rest_route=\/wp\/v2\/posts"}],"about":[{"href":"https:\/\/paginacero.com.uy\/index.php?rest_route=\/wp\/v2\/types\/post"}],"author":[{"embeddable":true,"href":"https:\/\/paginacero.com.uy\/index.php?rest_route=\/wp\/v2\/users\/4"}],"replies":[{"embeddable":true,"href":"https:\/\/paginacero.com.uy\/index.php?rest_route=%2Fwp%2Fv2%2Fcomments&post=5034"}],"version-history":[{"count":1,"href":"https:\/\/paginacero.com.uy\/index.php?rest_route=\/wp\/v2\/posts\/5034\/revisions"}],"predecessor-version":[{"id":5036,"href":"https:\/\/paginacero.com.uy\/index.php?rest_route=\/wp\/v2\/posts\/5034\/revisions\/5036"}],"wp:featuredmedia":[{"embeddable":true,"href":"https:\/\/paginacero.com.uy\/index.php?rest_route=\/wp\/v2\/media\/5035"}],"wp:attachment":[{"href":"https:\/\/paginacero.com.uy\/index.php?rest_route=%2Fwp%2Fv2%2Fmedia&parent=5034"}],"wp:term":[{"taxonomy":"category","embeddable":true,"href":"https:\/\/paginacero.com.uy\/index.php?rest_route=%2Fwp%2Fv2%2Fcategories&post=5034"},{"taxonomy":"post_tag","embeddable":true,"href":"https:\/\/paginacero.com.uy\/index.php?rest_route=%2Fwp%2Fv2%2Ftags&post=5034"}],"curies":[{"name":"wp","href":"https:\/\/api.w.org\/{rel}","templated":true}]}}