{"id":5020,"date":"2024-07-08T11:24:17","date_gmt":"2024-07-08T14:24:17","guid":{"rendered":"https:\/\/paginacero.com.uy\/?p=5020"},"modified":"2024-07-08T12:02:58","modified_gmt":"2024-07-08T15:02:58","slug":"el-club-juvenil-pide-que-se-le-tenga-en-cuenta-para-limpiar-y-colocar-tierra-negra-en-su-escenario-deportivo","status":"publish","type":"post","link":"https:\/\/paginacero.com.uy\/?p=5020","title":{"rendered":"\u201cEl Club Juvenil solicita limpieza y colocaci\u00f3n de tierra negra en su escenario deportivo.\u201d"},"content":{"rendered":"<p><strong><span class=\"TextRun SCXW89879892 BCX0\" lang=\"ES-UY\" xml:lang=\"ES-UY\" data-contrast=\"auto\"><span class=\"NormalTextRun AdvancedProofingIssueV2Themed SCXW89879892 BCX0\" data-ccp-parastyle=\"Standard\" data-ccp-parastyle-defn=\"{&quot;ObjectId&quot;:&quot;4ff312a0-a83b-44af-98ff-3eb6a48e1e4f|5&quot;,&quot;ClassId&quot;:1073872969,&quot;Properties&quot;:[469775450,&quot;Standard&quot;,201340122,&quot;2&quot;,134233614,&quot;true&quot;,469778129,&quot;Standard&quot;,335572020,&quot;1&quot;,469777841,&quot;Times New Roman&quot;,469777842,&quot;Arial&quot;,469777843,&quot;SimSun&quot;,469777844,&quot;Times New Roman&quot;,469769226,&quot;Times New Roman,Arial,SimSun&quot;,268442635,&quot;24&quot;,335559704,&quot;1081&quot;,335559705,&quot;2052&quot;,335551547,&quot;14346&quot;,134245417,&quot;false&quot;]}\">Martin Viana present\u00f3 una solicitud que desde hace mucho tiempo hace el Club Juvenil, relacionada a su escenario <\/span><span class=\"NormalTextRun AdvancedProofingIssueV2Themed SCXW89879892 BCX0\" data-ccp-parastyle=\"Standard\">deportivo, contando adem\u00e1s la historia de la instituci\u00f3n que en el a\u00f1o 69 don\u00f3 su predio para la construcci\u00f3n de viviendas y hasta la actualidad no se ha cumplido con lo pautado.<\/span><\/span><span class=\"EOP SCXW89879892 BCX0\" data-ccp-props=\"{&quot;134245417&quot;:false}\">\u00a0<\/span><\/strong><!--more--><\/p>\n<p><span data-contrast=\"auto\">\u201cEsa foto corresponde al primer estadio que tuvo nuestra ciudad, es el Estadio Centro Deportivo Uni\u00f3n Juvenil, que perteneci\u00f3 al club hasta el a\u00f1o 1969, momento en el que fue cedido para la construcci\u00f3n de viviendas y edificios, con la promesa en ese momento de que iba a estar la ayuda para que el Club pudiera tener nuevamente su propio estadio\u201d dijo.<\/span><span data-ccp-props=\"{&quot;134245417&quot;:false}\">\u00a0<\/span><\/p>\n<p><span data-contrast=\"auto\">\u201cPasaron much\u00edsimos a\u00f1os como ver\u00e1n y el club sigue en la lucha de tener su propio escenario, actualmente cuenta con un predio en el balneario Independencia, que es propiedad del Club, en la cual hace dos a\u00f1os, 2022 y 2023, invirti\u00f3 aproximadamente unos 8000 d\u00f3lares para acondicionarlo porque era una cantera y fue lo que logr\u00f3 acondicionar. Como todo club que hace su esfuerzo con su comisi\u00f3n y todo a pulm\u00f3n hasta ah\u00ed le dieron las fuerzas, actualmente nos encontramos con que pr\u00e1cticamente dej\u00f3 de ser una cantera para ser un predio y es actualmente un bald\u00edo, incluso con personas viviendo dentro del predio, tenemos tres o cuatro carpas con personas que est\u00e1n viviendo all\u00ed\u201d agreg\u00f3.<\/span><span data-ccp-props=\"{&quot;134245417&quot;:false}\">\u00a0<\/span><\/p>\n<p><span data-contrast=\"auto\">\u201cMe toca ser parte de este club, estas son las condiciones en que estamos. Desde enero de este a\u00f1o hemos pedido incansablemente a la Intendencia que nos pueda colaborar con la limpieza como m\u00ednimo del predio y la colocaci\u00f3n de lo \u00faltimo que nos faltar\u00eda para tener una cancha digna, tierra negra. Se enviaron seis cartas dirigidas al Intendente, se habl\u00f3 con el Director de Obras personalmente y todo ha quedado en la nada, el Club pide como \u00faltima instancia que llegue ac\u00e1 a la Junta para ver si desde ac\u00e1 se puede tener la fuerza para que de la Intendencia est\u00e9 esa empat\u00eda con un club que trabaja muy bien socialmente, no solamente en lo deportivo, tiene 300 ni\u00f1os en el baby f\u00fatbol, 90 adolescentes en sus inferiores, trabaja socialmente con talleres en sicolog\u00eda, de maestros, de profesores, aporta a la comunidad\u201d indic\u00f3.<\/span><span data-ccp-props=\"{&quot;134245417&quot;:false}\">\u00a0<\/span><\/p>\n<p><span data-contrast=\"auto\">\u201cY por lo que ven, no es un club que pide todo a la Intendencia, no est\u00e1 pidiendo que le haga el escenario como en aquel 69 se le hab\u00eda prometido, simplemente una limpieza de terreno y un poco de tierra negra para tener su escenario. Me lo piden expresamente de que esto sea como el \u00faltimo empuj\u00f3n del pedido, pido que mis palabras pasen al Director de Obras, al Intendente y esperemos que seamos escuchados y tengamos alguna respuesta de las tantas cartas de pedidos que hemos solicitado\u201d finaliz\u00f3.<\/span><span data-ccp-props=\"{&quot;134245417&quot;:false}\">\u00a0<\/span><\/p>\n<p><span data-contrast=\"auto\">El Centro Sportivo Uni\u00f3n Juvenil es una instituci\u00f3n social y deportiva, fue fundado el 26 de mayo de 1911, su principal disciplina deportiva es el f\u00fatbol y el equipo milita en la Liga de F\u00fatbol Ciudad de Durazno.<\/span><span data-ccp-props=\"{&quot;134245417&quot;:false}\">\u00a0<\/span><\/p>\n<p><span data-contrast=\"auto\">El Centro Sportivo Uni\u00f3n Juvenil fue fundado el 11 de mayo de 1911, por entusiastas j\u00f3venes que se juntaban a jugar a la pelota en la Plaza de las Carretas, hoy Parque Rod\u00f3. Entre sus fundadores se encontraban, entre otros, Enrique y Horacio De Marco, Beltr\u00e1n Maytia, Blas Indarte, Felipe Flores y Segundo Scal. Desde la fundaci\u00f3n de la Liga de F\u00fatbol Ciudad de Durazno, dicho torneo lo ha tenido como uno de sus principales animadores junto a su cl\u00e1sico adversario, el Club Atl\u00e9tico Wanderers de la misma ciudad. En dicha liga Juvenil se coron\u00f3 campe\u00f3n en la primera edici\u00f3n del Liga de F\u00fatbol Ciudad de Durazno en 1916 y en un total de 27 oportunidades, siendo el equipo m\u00e1s laureado de la competencia.<\/span><span data-ccp-props=\"{&quot;134245417&quot;:false}\">\u00a0<\/span><\/p>\n<p><span data-contrast=\"auto\">La primera sede social de Juvenil estuvo ubicada en calle 18 de Julio esquina Juan Zorrilla de San Mart\u00edn, pegado al bar de Menotti Scala. Mud\u00e1ndose posteriormente hac\u00eda el sitio actual en calle Gral. Manuel Oribe entre calles Galarza y 4 de Octubre.<\/span><span data-ccp-props=\"{&quot;134245417&quot;:false}\">\u00a0<\/span><\/p>\n<p><span data-contrast=\"auto\">Juvenil cont\u00f3 con cancha propia, el Estadio \u201cEnrique Demarco\u201d, fue el \u00fanico hasta la inauguraci\u00f3n del Estadio en el Campus Municipal en 1952 hoy denominado Estadio Silvestre Octavio Landoni. Una larga tribuna ocupaba el lateral del campo de juego, de espaldas a la calle Eusebio Piriz y la boleter\u00eda, junto al port\u00f3n de acceso, en la esquina con calle Basilio Mu\u00f1oz. Por los a\u00f1os 60 el estadio de Juvenil era tambi\u00e9n escenario de la liga local.<\/span><span data-ccp-props=\"{&quot;134245417&quot;:false}\">\u00a0<\/span><\/p>\n","protected":false},"excerpt":{"rendered":"<p>Martin Viana present\u00f3 una solicitud que desde hace mucho tiempo hace el Club Juvenil, relacionada a su escenario deportivo, contando adem\u00e1s la historia de la instituci\u00f3n que en el a\u00f1o 69 don\u00f3 su predio para la construcci\u00f3n de viviendas y hasta la actualidad no se ha cumplido con lo pautado.\u00a0<\/p>\n","protected":false},"author":4,"featured_media":5021,"comment_status":"closed","ping_status":"closed","sticky":false,"template":"","format":"standard","meta":{"footnotes":""},"categories":[5],"tags":[],"class_list":["post-5020","post","type-post","status-publish","format-standard","has-post-thumbnail","hentry","category-durazno"],"_links":{"self":[{"href":"https:\/\/paginacero.com.uy\/index.php?rest_route=\/wp\/v2\/posts\/5020","targetHints":{"allow":["GET"]}}],"collection":[{"href":"https:\/\/paginacero.com.uy\/index.php?rest_route=\/wp\/v2\/posts"}],"about":[{"href":"https:\/\/paginacero.com.uy\/index.php?rest_route=\/wp\/v2\/types\/post"}],"author":[{"embeddable":true,"href":"https:\/\/paginacero.com.uy\/index.php?rest_route=\/wp\/v2\/users\/4"}],"replies":[{"embeddable":true,"href":"https:\/\/paginacero.com.uy\/index.php?rest_route=%2Fwp%2Fv2%2Fcomments&post=5020"}],"version-history":[{"count":2,"href":"https:\/\/paginacero.com.uy\/index.php?rest_route=\/wp\/v2\/posts\/5020\/revisions"}],"predecessor-version":[{"id":5023,"href":"https:\/\/paginacero.com.uy\/index.php?rest_route=\/wp\/v2\/posts\/5020\/revisions\/5023"}],"wp:featuredmedia":[{"embeddable":true,"href":"https:\/\/paginacero.com.uy\/index.php?rest_route=\/wp\/v2\/media\/5021"}],"wp:attachment":[{"href":"https:\/\/paginacero.com.uy\/index.php?rest_route=%2Fwp%2Fv2%2Fmedia&parent=5020"}],"wp:term":[{"taxonomy":"category","embeddable":true,"href":"https:\/\/paginacero.com.uy\/index.php?rest_route=%2Fwp%2Fv2%2Fcategories&post=5020"},{"taxonomy":"post_tag","embeddable":true,"href":"https:\/\/paginacero.com.uy\/index.php?rest_route=%2Fwp%2Fv2%2Ftags&post=5020"}],"curies":[{"name":"wp","href":"https:\/\/api.w.org\/{rel}","templated":true}]}}