{"id":5014,"date":"2024-07-08T11:17:14","date_gmt":"2024-07-08T14:17:14","guid":{"rendered":"https:\/\/paginacero.com.uy\/?p=5014"},"modified":"2024-07-08T11:17:14","modified_gmt":"2024-07-08T14:17:14","slug":"barrio-la-lanera-tendra-el-servicio-de-saneamiento","status":"publish","type":"post","link":"https:\/\/paginacero.com.uy\/?p=5014","title":{"rendered":"\u201cBarrio La Lanera tendr\u00e1 el servicio de saneamiento\u201d"},"content":{"rendered":"<p><strong><span class=\"NormalTextRun SCXW222896106 BCX0\" data-ccp-parastyle=\"Standard\" data-ccp-parastyle-defn=\"{&quot;ObjectId&quot;:&quot;7d8b7a17-0570-48af-ad4a-04971f6e3ede|5&quot;,&quot;ClassId&quot;:1073872969,&quot;Properties&quot;:[469775450,&quot;Standard&quot;,201340122,&quot;2&quot;,134233614,&quot;true&quot;,469778129,&quot;Standard&quot;,335572020,&quot;1&quot;,469777841,&quot;Times New Roman&quot;,469777842,&quot;Arial&quot;,469777843,&quot;SimSun&quot;,469777844,&quot;Times New Roman&quot;,469769226,&quot;Times New Roman,Arial,SimSun&quot;,268442635,&quot;24&quot;,335559704,&quot;1081&quot;,335559705,&quot;2052&quot;,335551547,&quot;14346&quot;,134245417,&quot;false&quot;]}\">La novedad de que barrio La Lanera recibir\u00e1 el servicio de saneamiento, <\/span><span class=\"NormalTextRun ContextualSpellingAndGrammarErrorV2Themed SCXW222896106 BCX0\" data-ccp-parastyle=\"Standard\">vino acompa\u00f1ada<\/span><span class=\"NormalTextRun SCXW222896106 BCX0\" data-ccp-parastyle=\"Standard\"> de un petitorio de vecinos cercanos para extender el servicio.<\/span><\/strong><!--more--><\/p>\n<p><span data-contrast=\"auto\">\u201cMe ha llegado de vecinos de zona de La Lanera una nota, que har\u00e9 llegar a la Mesa y me adhiero totalmente al petitorio de estos vecinos, en virtud que hace muy pocos d\u00edas tom\u00f3 p\u00fablico conocimiento que felizmente el barrio La Lanera va a tener el servicio que tanto ha luchado por ello, que es el saneamiento. Precisamente creo que cuando se haga ese servicio de saneamiento hay un tramo m\u00e1s que ameritar\u00eda el esfuerzo ya que cuando est\u00e9n los vecinos conectados a ese servicio tan imprescindible, que son los vecinos de calle Iribary, que est\u00e1n los acceso a Lanas Trinidad, hay varias casas de familia, los vecinos por eso hacen saber su inquietud y su deseo de que esto se concrete, piden al Intendente y al Presidente de OSE que se los tenga en cuenta\u201d dijo el edil Carlos Kuster.<\/span><span data-ccp-props=\"{&quot;134245417&quot;:false}\">\u00a0<\/span><\/p>\n<p><span data-contrast=\"auto\">\u201cFirman una nota varios vecinos y ojal\u00e1 esta gesti\u00f3n tenga \u00e9xito y sean inclu\u00eddos en ese proyecto tan importante\u201d agreg\u00f3.<\/span><span data-ccp-props=\"{&quot;134245417&quot;:false}\">\u00a0<\/span><\/p>\n<p><span data-contrast=\"auto\">Tambi\u00e9n hizo referencia a un tema que \u00faltimamente han nombrado varias veces en la Junta, como es el de los perros sueltos, pero en este caso, a\u00fan cuando la ley no contempla este tipo de acciones, reclama la vuelta de la perrera y el sacrificio de perros.<\/span><span data-ccp-props=\"{&quot;134245417&quot;:false}\">\u00a0<\/span><\/p>\n<p><span data-contrast=\"auto\">\u201cVoy a hacer referencia a un tema que no es nuevo, ha sido reiterativo no solo de mi parte sino de otros ediles, la irresponsabilidad en la tenencia de animales, en particular la de los caballos, vemos que se ha aflojado el control, se hab\u00eda estado bien con ese tema, se estaban incautando los caballos sueltos, se llevaban a la Bepra, hay de nuevo caballos sueltos, van a haber accidentes nuevamente, sobre todo en ruta 14 se ven habitualmente.<\/span><span data-ccp-props=\"{&quot;134245417&quot;:false}\">\u00a0<\/span><\/p>\n<p><span data-contrast=\"auto\">Hay un problema end\u00e9mico que es incre\u00edble que no se pueda resolver, el tema de los perros sueltos, pero sobre todo los perros que atacan a la gente y le hacen da\u00f1o. Yo amo a los animales, tengo un perro que no sabe que es perro, es casi humano, el mismo amor que tengo a los animales lo tengo a la gente tiene que haber un l\u00edmite, entiendo que deben tomarse medidas\u201d dijo.<\/span><span data-ccp-props=\"{&quot;134245417&quot;:false}\">\u00a0<\/span><\/p>\n<p><span data-contrast=\"auto\">\u201cHay una ley, la 18471, que prev\u00e9 todo, lo que pasa es que no se aplica. Es el tema de que los ciudadanos en Durazno en particular, que estamos siendo objeto de da\u00f1os f\u00edsicos reales y graves con la mordedura de perros, hay un hombre en situaci\u00f3n de calle que tiene tres perros, a mi me importa un corno su situaci\u00f3n de calle, me interesa que si pasa un ni\u00f1o, una ni\u00f1a, el perro te come y como es de alguien que est\u00e1 en situaci\u00f3n de calle se deja pasar. Los da\u00f1os a veces son irreversibles. Soy partidario, se que voy en contra de la corriente con muchas instituciones que defienden a los animales, de que tendr\u00eda que volver la perrera, no hay chance, porque el 70% de los perros le puedo asegurar que desaparecen\u201d agreg\u00f3..<\/span><span data-ccp-props=\"{&quot;134245417&quot;:false}\">\u00a0<\/span><\/p>\n<p><span data-contrast=\"auto\">\u201cEs cierto que si usted saca un perro pueden llegar quince o veinte m\u00e1s, pero la gente es irresponsable, la ley prev\u00e9 que uno tiene que sacarlo, ac\u00e1 es la comodidad, largo el perrito y que haga sus necesidades en la vereda del vecino. Hay que cuidar al perro, hay que levantar la materia fecal, la ley lo dispone, pero nadie lo hace. Todo esto lo planteamos y nadie le pone el cascabel al gato, todo el mundo se lava las manos, el Inba, el Ministerio de Ganader\u00eda, el Ministerio del Interior est\u00e1 aburrido de recibir denuncias y no tienen opci\u00f3n que comunicar al Ministerio de Ganader\u00eda, al inba, pero nadie puede agarrar los perros\u201d dijo.<\/span><span data-ccp-props=\"{&quot;134245417&quot;:false}\">\u00a0<\/span><\/p>\n<p><span data-contrast=\"auto\">\u201cLa ley prev\u00e9 que el perro que cause un da\u00f1o a las personas, lo prev\u00e9 en el art\u00edculo 12, se le pueda dar muerte. Yo digo, una muerte digna, no los asesinatos que hac\u00edan antes, pero no puede ser que un perro reiterativo como algunos ac\u00e1 que los conoce todo el barrio, muerda varias veces y el perro sigue siendo impune, hablado jur\u00eddicamente. Entiendo que deben tomarse cartas en el asunto, se debe aplicar la ley como corresponde\u201d agreg\u00f3.<\/span><span data-ccp-props=\"{&quot;134245417&quot;:false}\">\u00a0<\/span><\/p>\n<p><span data-contrast=\"auto\">\u201cQuiero que mis palabras pasen al Ministerio de GAnader\u00eda, al Ministerio del Interior, que pasen al Parlamento y que esto se haga al Congreso Nacional de Ediles y se tomen medidas, porque el problema est\u00e1 instaurado hoy, la educaci\u00f3n es a largo plazo, pero todo lo que nos muerden hoy no hay soluci\u00f3n\u201d finaliz\u00f3.<\/span><span data-ccp-props=\"{&quot;134245417&quot;:false}\">\u00a0<\/span><\/p>\n","protected":false},"excerpt":{"rendered":"<p>La novedad de que barrio La Lanera recibir\u00e1 el servicio de saneamiento, vino acompa\u00f1ada de un petitorio de vecinos cercanos para extender el servicio.<\/p>\n","protected":false},"author":4,"featured_media":5015,"comment_status":"closed","ping_status":"closed","sticky":false,"template":"","format":"standard","meta":{"footnotes":""},"categories":[5],"tags":[],"class_list":["post-5014","post","type-post","status-publish","format-standard","has-post-thumbnail","hentry","category-durazno"],"_links":{"self":[{"href":"https:\/\/paginacero.com.uy\/index.php?rest_route=\/wp\/v2\/posts\/5014","targetHints":{"allow":["GET"]}}],"collection":[{"href":"https:\/\/paginacero.com.uy\/index.php?rest_route=\/wp\/v2\/posts"}],"about":[{"href":"https:\/\/paginacero.com.uy\/index.php?rest_route=\/wp\/v2\/types\/post"}],"author":[{"embeddable":true,"href":"https:\/\/paginacero.com.uy\/index.php?rest_route=\/wp\/v2\/users\/4"}],"replies":[{"embeddable":true,"href":"https:\/\/paginacero.com.uy\/index.php?rest_route=%2Fwp%2Fv2%2Fcomments&post=5014"}],"version-history":[{"count":1,"href":"https:\/\/paginacero.com.uy\/index.php?rest_route=\/wp\/v2\/posts\/5014\/revisions"}],"predecessor-version":[{"id":5016,"href":"https:\/\/paginacero.com.uy\/index.php?rest_route=\/wp\/v2\/posts\/5014\/revisions\/5016"}],"wp:featuredmedia":[{"embeddable":true,"href":"https:\/\/paginacero.com.uy\/index.php?rest_route=\/wp\/v2\/media\/5015"}],"wp:attachment":[{"href":"https:\/\/paginacero.com.uy\/index.php?rest_route=%2Fwp%2Fv2%2Fmedia&parent=5014"}],"wp:term":[{"taxonomy":"category","embeddable":true,"href":"https:\/\/paginacero.com.uy\/index.php?rest_route=%2Fwp%2Fv2%2Fcategories&post=5014"},{"taxonomy":"post_tag","embeddable":true,"href":"https:\/\/paginacero.com.uy\/index.php?rest_route=%2Fwp%2Fv2%2Ftags&post=5014"}],"curies":[{"name":"wp","href":"https:\/\/api.w.org\/{rel}","templated":true}]}}