{"id":5000,"date":"2024-07-05T11:24:09","date_gmt":"2024-07-05T14:24:09","guid":{"rendered":"https:\/\/paginacero.com.uy\/?p=5000"},"modified":"2024-07-05T11:24:09","modified_gmt":"2024-07-05T14:24:09","slug":"plan-de-convivencia-fue-lanzado-en-nuestro-departamento","status":"publish","type":"post","link":"https:\/\/paginacero.com.uy\/?p=5000","title":{"rendered":"Plan de Convivencia fue lanzado en nuestro departamento"},"content":{"rendered":"<p><strong><span class=\"TextRun SCXW6196679 BCX0\" lang=\"ES-UY\" xml:lang=\"ES-UY\" data-contrast=\"auto\"><span class=\"NormalTextRun SCXW6196679 BCX0\" data-ccp-parastyle=\"Standard\" data-ccp-parastyle-defn=\"{&quot;ObjectId&quot;:&quot;75763ff7-e392-4676-9854-d95bcde0d540|5&quot;,&quot;ClassId&quot;:1073872969,&quot;Properties&quot;:[469775450,&quot;Standard&quot;,201340122,&quot;2&quot;,134233614,&quot;true&quot;,469778129,&quot;Standard&quot;,335572020,&quot;1&quot;,469777841,&quot;Times New Roman&quot;,469777842,&quot;Arial&quot;,469777843,&quot;SimSun&quot;,469777844,&quot;Times New Roman&quot;,469769226,&quot;Times New Roman,Arial,SimSun&quot;,268442635,&quot;24&quot;,335559704,&quot;1081&quot;,335559705,&quot;2052&quot;,335551547,&quot;14346&quot;,134245417,&quot;false&quot;]}\">Los equipos t\u00e9cnicos de la Direcci\u00f3n de Derechos Humanos de la Administraci\u00f3n Nacional de Educaci\u00f3n P\u00fablica (ANEP) contin\u00faan recorriendo el pa\u00eds, acercando a las <\/span><span class=\"NormalTextRun SCXW6196679 BCX0\" data-ccp-parastyle=\"Standard\">comunidades educativas la propuesta del Plan Nacional de Convivencia y Participaci\u00f3n y las acciones promovidas en torno a la iniciativa \u201cTu voz, tu centro, tu acci\u00f3n\u201d.<\/span><\/span><span class=\"EOP SCXW6196679 BCX0\" data-ccp-props=\"{&quot;134245417&quot;:false}\">\u00a0<\/span><\/strong><!--more--><\/p>\n<p><span data-contrast=\"auto\">El Plan Nacional de Convivencia y Participaci\u00f3n constituye un marco de referencia dirigido a las comunidades educativas desde una perspectiva integral en clave ANEP, que apunta y se nutre del intercambio con los estudiantes, docentes y familias.<\/span><span data-ccp-props=\"{&quot;134245417&quot;:false}\">\u00a0<\/span><\/p>\n<p><span data-contrast=\"auto\">Asimismo, reconoce y da respuesta a diversos planteos, inquietudes y propuestas de docentes y estudiantes. \u201cTu voz, tu centro, tu acci\u00f3n\u201d es un documento vivo que promueve un conjunto de acciones a implementar en los centros educativos que se van ajustando, transformando y modificando de acuerdo a la pol\u00edtica educativa, las necesidades del territorio y el seguimiento y monitoreo.<\/span><span data-ccp-props=\"{&quot;134245417&quot;:false}\">\u00a0<\/span><\/p>\n<p><span data-contrast=\"auto\">En este sentido, desarrolla acciones organizadas en torno a siete ejes de trabajo: educaci\u00f3n en derechos humanos, gesti\u00f3n y resoluci\u00f3n de conflictos \/ mediaci\u00f3n educativa, participaci\u00f3n estudiantil, acoso entre pares \/ ciberacoso, educaci\u00f3n psicosocioemocional, educaci\u00f3n inclusiva, v\u00ednculo centro educativo-familia-comunidad y promoci\u00f3n de la participaci\u00f3n de las ni\u00f1as y adolescentes en las \u00e1reas de ciencia y tecnolog\u00eda.<\/span><span data-ccp-props=\"{&quot;134245417&quot;:false}\">\u00a0<\/span><\/p>\n<p><span data-contrast=\"auto\">La estrategia apunta a referentes clave que tienen incidencia en la construcci\u00f3n de los proyectos de gesti\u00f3n de las comunidades educativas, y en la implementaci\u00f3n de acciones espec\u00edficas en tem\u00e1ticas transversales de derechos humanos tales como cuerpos inspectivos, equipos de direcci\u00f3n, adscriptos, docentes interesados en la tem\u00e1tica, educadores FPB, referentes de protecci\u00f3n a las trayectorias, referentes de educaci\u00f3n sexual y equipos interdisciplinarios, y maestros comunitarios, entre otros.<\/span><span data-ccp-props=\"{&quot;134245417&quot;:false}\">\u00a0<\/span><\/p>\n<p><span data-contrast=\"auto\">El Plan ya ha sido presentado en Artigas, Salto, Paysand\u00fa, Rivera, Tacuaremb\u00f3, Cerro Largo, Durazno, Flores, Florida, Canelones y Montevideo.<\/span><span data-ccp-props=\"{&quot;134245417&quot;:false}\">\u00a0<\/span><\/p>\n<p><span data-contrast=\"auto\">\u00a0Uruguay reconoce en la Ley 17823 (C\u00f3digo de la Ni\u00f1ez y la Adolescencia) a las ni\u00f1as,<\/span><span data-ccp-props=\"{&quot;134245417&quot;:false}\">\u00a0<\/span><\/p>\n<p><span data-contrast=\"auto\">ni\u00f1os y adolescentes como titulares de derechos, deberes y garant\u00edas. Establece que por su<\/span><span data-ccp-props=\"{&quot;134245417&quot;:false}\">\u00a0<\/span><\/p>\n<p><span data-contrast=\"auto\">condici\u00f3n de sujeto en desarrollo son beneficiarios de medidas especiales de protecci\u00f3n por<\/span><span data-ccp-props=\"{&quot;134245417&quot;:false}\">\u00a0<\/span><\/p>\n<p><span data-contrast=\"auto\">parte de la familia, la sociedad y el Estado (Uruguay, 2004, art\u00edculos 2 y 3).<\/span><span data-ccp-props=\"{&quot;134245417&quot;:false}\">\u00a0<\/span><\/p>\n<p><span data-contrast=\"auto\">Acorde a estos postulados, el conjunto de resoluciones y protocolos emanados de la ANEP<\/span><span data-ccp-props=\"{&quot;134245417&quot;:false}\">\u00a0<\/span><\/p>\n<p><span data-contrast=\"auto\">orientan las l\u00edneas de acci\u00f3n hacia la protecci\u00f3n y garant\u00eda de derechos y hacia la promoci\u00f3n<\/span><span data-ccp-props=\"{&quot;134245417&quot;:false}\">\u00a0<\/span><\/p>\n<p><span data-contrast=\"auto\">de una buena convivencia en los centros educativos.<\/span><span data-ccp-props=\"{&quot;134245417&quot;:false}\">\u00a0<\/span><\/p>\n<p><span data-contrast=\"auto\">En el a\u00f1o 2022, se aprob\u00f3 la versi\u00f3n actualizada para Educaci\u00f3n Inicial y Primaria del \u00abMapa de<\/span><span data-ccp-props=\"{&quot;134245417&quot;:false}\">\u00a0<\/span><\/p>\n<p><span data-contrast=\"auto\">Ruta para las situaciones de maltrato y abuso sexual en ni\u00f1os, ni\u00f1as y adolescentes detectadas en el \u00e1mbito escolar\u00bb. El nivel de Educaci\u00f3n Media cuenta con el Protocolo de intervenci\u00f3n ante situaciones de violencia dom\u00e9stica en adolescentes, con el Mapa de Ruta de Promoci\u00f3n de la Convivencia para Instituciones de Educaci\u00f3n Media y con la versi\u00f3n actualizada del Mapa de ruta ante situaciones de Violencia hacia Adolescentes de Educaci\u00f3n Media.<\/span><span data-ccp-props=\"{&quot;134245417&quot;:false}\">\u00a0<\/span><\/p>\n<p><span data-contrast=\"auto\">Entre otros instrumentos que promueven la protecci\u00f3n y promoci\u00f3n de buenos climas de convivencia y participaci\u00f3n, se encuentra a trav\u00e9s del Sistema de Protecci\u00f3n a las Trayectorias Educativas (2016) el Protocolo de actuaci\u00f3n para garantizar el derecho a la Educaci\u00f3n Inclusiva de las Personas con Discapacidad y las Acciones afirmativas hacia la poblaci\u00f3n afrodescendiente y trans.<\/span><span data-ccp-props=\"{&quot;134245417&quot;:false}\">\u00a0<\/span><\/p>\n<p><span data-contrast=\"auto\">Con respecto a esto, en el transcurso de los aprendizajes obtenidos en materia de convivencia desde la ANEP, se busca no solo mejorar y fortalecer los climas educativos a trav\u00e9s de la participaci\u00f3n activa, sino tambi\u00e9n trascender la \u00abemergencia\u00bb (referida a la violencia en los centros de estudio). Es decir, impulsar buenas pr\u00e1cticas desde la promoci\u00f3n y prevenci\u00f3n que aborden de forma continua (acorde a las necesidades e intereses) distintos ejes como parte de las din\u00e1micas institucionales. En tal sentido, lograr una muy buena gesti\u00f3n de la convivencia refiere al instrumento que permite logros en los procesos de ense\u00f1anza-aprendizaje. Trascender, por tanto, requiere propiciar procesos de inclusi\u00f3n social en pos de desarrollar sentido de pertenencia y fortalecimiento de los lazos institucionales. De manera que los acuerdos en convivencia contribuyen a las construcciones colectivas como escenario propicio y validado por la comunidad educativa. Este proceso reconoce y favorece con un lugar primordial a todos los ni\u00f1os y adolescentes como seres capaces de participar real y activamente.<\/span><span data-ccp-props=\"{&quot;134245417&quot;:false}\">\u00a0<\/span><\/p>\n<p><span data-contrast=\"auto\">Se busca consolidar la creaci\u00f3n de un Plan Nacional de Convivencia y Participaci\u00f3n como pol\u00edtica educativa requiere transversalizar a todos los subsistemas de la educaci\u00f3n desde una mirada de convivencia y resoluci\u00f3n de conflictos m\u00e1s all\u00e1 de la noci\u00f3n de violencia y las pr\u00e1cticas basadas \u00fanicamente en acciones punitivas. A fin de transcender en propuestas que propicien el di\u00e1logo y pr\u00e1cticas promotoras de espacios participativos, el Plan propone sustituir el paradigma punitivo por un paradigma basado en la corresponsabilidad individual y colectiva. Pensar los centros educativos en dicha clave no significa incorporar una asignatura m\u00e1s, algo m\u00e1s que agregar a la curr\u00edcula u obligaciones de la escuela. Educar en convivencia es basarse en acciones vivenciales de educaci\u00f3n en derechos humanos, es reconocerlos como propios, incorporarlos, internalizarlos como algo inalienable de las personas.<\/span><span data-ccp-props=\"{&quot;134245417&quot;:false}\">\u00a0<\/span><\/p>\n<p><span data-contrast=\"auto\">El ser humano como tal es portador indiscutible de derechos, ya que vive en sociedad con reglas de convivencias que necesitan de participaci\u00f3n. Por lo tanto, para poder posicionarse realmente y dejar de ser una \u00abasignatura m\u00e1s\u00bb y poder ser la cultura institucional que rige el accionar, deben promocionarse pr\u00e1cticas y valores, involucrando al estudiantado, a sus familias, referentes adultos, as\u00ed como al colectivo docente y el no docente.<\/span><span data-ccp-props=\"{&quot;134245417&quot;:false}\">\u00a0<\/span><\/p>\n<p><span data-contrast=\"auto\">Por tanto, pensar la dimensi\u00f3n de la convivencia en los centros educativos trae impl\u00edcito necesariamente la protecci\u00f3n y el respeto de los derechos humanos de ni\u00f1os, ni\u00f1as y adolescentes que participan de dicho sistema. El enfoque de la convivencia son los derechos humanos desde su marco conceptual y tambi\u00e9n operativo, desde el punto de vista de la promoci\u00f3n y prevenci\u00f3n de acciones en las comunidades educativas. Su objetivo es poder identificar, analizar e intervenir sobre las desigualdades y pr\u00e1cticas discriminatorias que obturan el pleno reconocimiento, goce, ejercicio y protecci\u00f3n de los derechos.<\/span><span data-ccp-props=\"{&quot;134245417&quot;:false}\">\u00a0<\/span><\/p>\n<p><span data-contrast=\"auto\">El PNCP se enfoca en todas las comunidades educativas de todos los subsistemas ANEP \u2013 Codicen (Direcci\u00f3n General de Educaci\u00f3n Inicial y Primaria, Direcci\u00f3n General de Educaci\u00f3n Secundaria, Direcci\u00f3n General de Educaci\u00f3n T\u00e9cnico Profesional, Direcci\u00f3n de J\u00f3venes y Adultos y Centro de Formaci\u00f3n en Educaci\u00f3n).<\/span><span data-ccp-props=\"{&quot;134245417&quot;:false}\">\u00a0<\/span><\/p>\n<p><span data-contrast=\"auto\">El objetivo general es orientar a los centros educativos a partir de un marco conceptual integral sobre convivencia y participaci\u00f3n para todo el sistema ANEP que gu\u00ede su implementaci\u00f3n a trav\u00e9s de diversas acciones, proyectos, iniciativas que promuevan buenos climas de convivencia a partir de pr\u00e1cticas que garanticen el ejercicio efectivo de derechos con equidad de g\u00e9nero, participaci\u00f3n, inclusi\u00f3n, gesti\u00f3n institucional y territorial.<\/span><span data-ccp-props=\"{&quot;134245417&quot;:false}\">\u00a0<\/span><\/p>\n<p><span data-contrast=\"auto\">Se busca continuar propiciando y fortaleciendo buenos climas educativos con el fin de contribuir a los procesos de ense\u00f1anza-aprendizaje y al bienestar y protecci\u00f3n de ni\u00f1as, ni\u00f1os y adolescentes garantizando el goce de derechos y donde se promueva el desarrollo de sus habilidades y potencialidades.<\/span><span data-ccp-props=\"{&quot;134245417&quot;:false}\">\u00a0<\/span><\/p>\n<p><span data-contrast=\"auto\">Adem\u00e1s se busca fortalecer a las comunidades educativas en sus capacidades t\u00e9cnico-profesionales a trav\u00e9s de la sensibilizaci\u00f3n, promoci\u00f3n y comprensi\u00f3n de la convivencia como instrumento interviniente en los procesos de ense\u00f1anza-aprendizaje; promover la participaci\u00f3n activa de todos los actores que integran las comunidades educativas en pro de una convivencia pac\u00edfica donde se dialogue, se promuevan y ejecuten propuestas conjuntas a trav\u00e9s de proyectos educativos y potenciar la articulaci\u00f3n interinstitucional, con enfoque territorial, con el fin de prevenir, detectar y dar respuesta a las necesidades y problem\u00e1ticas que surjan en los centros educativos.<\/span><span data-ccp-props=\"{&quot;134245417&quot;:false}\">\u00a0<\/span><\/p>\n","protected":false},"excerpt":{"rendered":"<p>Los equipos t\u00e9cnicos de la Direcci\u00f3n de Derechos Humanos de la Administraci\u00f3n Nacional de Educaci\u00f3n P\u00fablica (ANEP) contin\u00faan recorriendo el pa\u00eds, acercando a las comunidades educativas la propuesta del Plan Nacional de Convivencia y Participaci\u00f3n y las acciones promovidas en torno a la iniciativa \u201cTu voz, tu centro, tu acci\u00f3n\u201d.\u00a0<\/p>\n","protected":false},"author":4,"featured_media":5001,"comment_status":"closed","ping_status":"closed","sticky":false,"template":"","format":"standard","meta":{"footnotes":""},"categories":[5],"tags":[],"class_list":["post-5000","post","type-post","status-publish","format-standard","has-post-thumbnail","hentry","category-durazno"],"_links":{"self":[{"href":"https:\/\/paginacero.com.uy\/index.php?rest_route=\/wp\/v2\/posts\/5000","targetHints":{"allow":["GET"]}}],"collection":[{"href":"https:\/\/paginacero.com.uy\/index.php?rest_route=\/wp\/v2\/posts"}],"about":[{"href":"https:\/\/paginacero.com.uy\/index.php?rest_route=\/wp\/v2\/types\/post"}],"author":[{"embeddable":true,"href":"https:\/\/paginacero.com.uy\/index.php?rest_route=\/wp\/v2\/users\/4"}],"replies":[{"embeddable":true,"href":"https:\/\/paginacero.com.uy\/index.php?rest_route=%2Fwp%2Fv2%2Fcomments&post=5000"}],"version-history":[{"count":1,"href":"https:\/\/paginacero.com.uy\/index.php?rest_route=\/wp\/v2\/posts\/5000\/revisions"}],"predecessor-version":[{"id":5002,"href":"https:\/\/paginacero.com.uy\/index.php?rest_route=\/wp\/v2\/posts\/5000\/revisions\/5002"}],"wp:featuredmedia":[{"embeddable":true,"href":"https:\/\/paginacero.com.uy\/index.php?rest_route=\/wp\/v2\/media\/5001"}],"wp:attachment":[{"href":"https:\/\/paginacero.com.uy\/index.php?rest_route=%2Fwp%2Fv2%2Fmedia&parent=5000"}],"wp:term":[{"taxonomy":"category","embeddable":true,"href":"https:\/\/paginacero.com.uy\/index.php?rest_route=%2Fwp%2Fv2%2Fcategories&post=5000"},{"taxonomy":"post_tag","embeddable":true,"href":"https:\/\/paginacero.com.uy\/index.php?rest_route=%2Fwp%2Fv2%2Ftags&post=5000"}],"curies":[{"name":"wp","href":"https:\/\/api.w.org\/{rel}","templated":true}]}}