{"id":4995,"date":"2024-07-05T11:10:55","date_gmt":"2024-07-05T14:10:55","guid":{"rendered":"https:\/\/paginacero.com.uy\/?p=4995"},"modified":"2024-07-05T11:10:55","modified_gmt":"2024-07-05T14:10:55","slug":"convocatoria-a-encuentros-corales-regionales-de-primavera","status":"publish","type":"post","link":"https:\/\/paginacero.com.uy\/?p=4995","title":{"rendered":"Convocatoria a Encuentros Corales Regionales de Primavera"},"content":{"rendered":"<p><strong><span class=\"TextRun SCXW113882577 BCX0\" lang=\"ES-UY\" xml:lang=\"ES-UY\" data-contrast=\"auto\"><span class=\"NormalTextRun SCXW113882577 BCX0\" data-ccp-parastyle=\"Standard\" data-ccp-parastyle-defn=\"{&quot;ObjectId&quot;:&quot;cae3d054-b3f1-400e-8974-22aced498d1f|5&quot;,&quot;ClassId&quot;:1073872969,&quot;Properties&quot;:[469775450,&quot;Standard&quot;,201340122,&quot;2&quot;,134233614,&quot;true&quot;,469778129,&quot;Standard&quot;,335572020,&quot;1&quot;,469777841,&quot;Times New Roman&quot;,469777842,&quot;Arial&quot;,469777843,&quot;SimSun&quot;,469777844,&quot;Times New Roman&quot;,469769226,&quot;Times New Roman,Arial,SimSun&quot;,268442635,&quot;24&quot;,335559704,&quot;1081&quot;,335559705,&quot;2052&quot;,335551547,&quot;14346&quot;,134245417,&quot;false&quot;]}\">La Inspecci\u00f3n de Educaci\u00f3n Musical convoca a los coros <\/span><span class=\"NormalTextRun SpellingErrorV2Themed SCXW113882577 BCX0\" data-ccp-parastyle=\"Standard\">liceales<\/span><span class=\"NormalTextRun SCXW113882577 BCX0\" data-ccp-parastyle=\"Standard\"> a participar en los Encuentros Corales Regionales de Primavera, que contar\u00e1n con el apoyo y difusi\u00f3n de la <\/span><span class=\"NormalTextRun SCXW113882577 BCX0\" data-ccp-parastyle=\"Standard\">Asociaci\u00f3n Coral del Uruguay (ACORDELUR<\/span><span class=\"NormalTextRun ContextualSpellingAndGrammarErrorV2Themed SCXW113882577 BCX0\" data-ccp-parastyle=\"Standard\">),\u00a0 una<\/span><span class=\"NormalTextRun SCXW113882577 BCX0\" data-ccp-parastyle=\"Standard\"> asociaci\u00f3n civil con personer\u00eda jur\u00eddica, sin fines de lucro, cuyo objetivo primordial es promover la superaci\u00f3n personal y difundir ampliamente el canto coral en el Uruguay.<\/span><\/span><span class=\"EOP SCXW113882577 BCX0\" data-ccp-props=\"{&quot;134245417&quot;:false}\">\u00a0<\/span><\/strong><!--more--><\/p>\n<p><span data-contrast=\"auto\">La Asociaci\u00f3n est\u00e1 integrada por coros, coreutas, directores corales, m\u00fasicos y tambi\u00e9n aficionados a la m\u00fasica coral, familiares y amigos que comparten los objetivos de la Asociaci\u00f3n.<\/span><span data-ccp-props=\"{&quot;134245417&quot;:false}\">\u00a0<\/span><\/p>\n<p><span data-contrast=\"auto\">Las actividades que organizan se enfocan en estimular el desarrollo del canto coral en nuestro pa\u00eds, como actividad cultural enaltecedora de valores humanos y aporte fermental en la gestaci\u00f3n de una sociedad mejor, as\u00ed como promover el acercamiento y trabajo en conjunto de los diferentes actores de la vida coral en el Uruguay y la construcci\u00f3n de un colectivo con objetivos comunes, abierto al relacionamiento con otras asociaciones e instituciones nacionales e internacionales.<\/span><span data-ccp-props=\"{&quot;134245417&quot;:false}\">\u00a0<\/span><\/p>\n<p><span data-contrast=\"auto\">Fue fundada despu\u00e9s de un largo proceso, el 13 de diciembre de 1999, en Tarariras, Departamento de Colonia, donde se redactan y firman los estatutos de la actual Asociaci\u00f3n Coral del Uruguay ACORDELUR, aprobados por el Ministerio de Cultura el 16 de enero de 2001. Esta asociaci\u00f3n trabaj\u00f3 en forma ininterrumpida hasta el a\u00f1o 2004, fecha en que las dificultades econ\u00f3micas que afectaron a la regi\u00f3n incidieron en su funcionamiento y sobre todo en el aporte de sus socios.<\/span><span data-ccp-props=\"{&quot;134245417&quot;:false}\">\u00a0<\/span><\/p>\n<p><span data-contrast=\"auto\">Luego de un per\u00edodo de desactivaci\u00f3n, en 2009 un grupo de personas entusiastas del mundo coral, interesados en recuperarla, se uni\u00f3 para convocar a la masa coral a integrarse en listas, realizar un llamado a elecciones y volver a poner en marcha esta oxidada maquinaria. Los esfuerzos fueron exitosos y a partir del 13 de julio de 2010, la Comisi\u00f3n Directiva electa trabaj\u00f3 intensamente para cumplir con los objetivos establecidos en los estatutos fundacionales de la ACORDELUR del 99.<\/span><span data-ccp-props=\"{&quot;134245417&quot;:false}\">\u00a0<\/span><\/p>\n<p><span data-contrast=\"auto\">De ah\u00ed en m\u00e1s la Asociaci\u00f3n Coral del Uruguay se encuentra abocada a continuar desarroll\u00e1ndose en todos los aspectos concernientes a alcanzar sus objetivos, atenta a los intereses de sus socios y a fortalecer su vinculaci\u00f3n con organizaciones similares en el exterior. Es as\u00ed que reconfirm\u00f3 su afiliaci\u00f3n a la Asociaci\u00f3n Latinoamericana de Canto Coral (ALACC Internacional), a la cual estuvo asociada en 1996.<\/span><span data-ccp-props=\"{&quot;134245417&quot;:false}\">\u00a0<\/span><\/p>\n<p><span data-contrast=\"auto\">En estos \u00faltimos a\u00f1os, el posicionamiento de ACORDELUR en el circuito cultural del pa\u00eds, ha generado que instituciones como AGADU, SUDEI, Intendencia de Montevideo as\u00ed como Montevideo Shopping hayan decidido brindar apoyo log\u00edstico en la organizaci\u00f3n de eventos as\u00ed como realizar donaciones para premios que ha otorgado la Asociaci\u00f3n.<\/span><span data-ccp-props=\"{&quot;134245417&quot;:false}\">\u00a0<\/span><\/p>\n<p><span data-contrast=\"auto\">El 24 de noviembre de 2012 la Asociaci\u00f3n Coral del Uruguay fue distinguida por parte de la Fundaci\u00f3n Lolita Rubial de Minas, Lavalleja, al recibir el Premio Morosoli Institucional por su aporte al Uruguay Cultural.<\/span><span data-ccp-props=\"{&quot;134245417&quot;:false}\">\u00a0<\/span><\/p>\n<p><span data-contrast=\"auto\">El Festival de Coros de la Primavera, en el que Durazno ha participado activamente en ediciones anteriores busca poner en valor la actividad Coral del Uruguay, su originalidad y particularidades, involucrando Coros de todos los rincones del pa\u00eds y su rica tradici\u00f3n en nuestro territorio.<\/span><span data-ccp-props=\"{&quot;134245417&quot;:false}\">\u00a0<\/span><\/p>\n<p><span data-contrast=\"auto\">La iniciativa busca reunir en un festival espect\u00e1culos art\u00edsticos de calidad, diversidad de propuestas y estilos de los Coros Vocacionales de nuestro pa\u00eds. As\u00ed como incentivar y fomentar la actividad coral en todo el territorio y generar el espacio adecuado para su desarrollo.<\/span><span data-ccp-props=\"{&quot;134245417&quot;:false}\">\u00a0<\/span><\/p>\n<p><span data-contrast=\"auto\">Los coros interesados pueden inscribirse a trav\u00e9s de sus referentes institucionales en el \u00e1mbito educativo o de la p\u00e1gina de Acordelur, donde ya est\u00e1n disponibles los formularios para participar de la actividad que se realizar\u00e1 en el mes de setiembre y octubre, incluyendo adem\u00e1s de las actividades corales, charlas, exposiciones y presentaciones referidos a la propuesta coral.<\/span><span data-ccp-props=\"{&quot;134245417&quot;:false}\">\u00a0<\/span><\/p>\n","protected":false},"excerpt":{"rendered":"<p>La Inspecci\u00f3n de Educaci\u00f3n Musical convoca a los coros liceales a participar en los Encuentros Corales Regionales de Primavera, que contar\u00e1n con el apoyo y difusi\u00f3n de la Asociaci\u00f3n Coral del Uruguay (ACORDELUR),\u00a0 una asociaci\u00f3n civil con personer\u00eda jur\u00eddica, sin fines de lucro, cuyo objetivo primordial es promover la superaci\u00f3n personal y difundir ampliamente el [&hellip;]<\/p>\n","protected":false},"author":4,"featured_media":4996,"comment_status":"closed","ping_status":"closed","sticky":false,"template":"","format":"standard","meta":{"footnotes":""},"categories":[5],"tags":[],"class_list":["post-4995","post","type-post","status-publish","format-standard","has-post-thumbnail","hentry","category-durazno"],"_links":{"self":[{"href":"https:\/\/paginacero.com.uy\/index.php?rest_route=\/wp\/v2\/posts\/4995","targetHints":{"allow":["GET"]}}],"collection":[{"href":"https:\/\/paginacero.com.uy\/index.php?rest_route=\/wp\/v2\/posts"}],"about":[{"href":"https:\/\/paginacero.com.uy\/index.php?rest_route=\/wp\/v2\/types\/post"}],"author":[{"embeddable":true,"href":"https:\/\/paginacero.com.uy\/index.php?rest_route=\/wp\/v2\/users\/4"}],"replies":[{"embeddable":true,"href":"https:\/\/paginacero.com.uy\/index.php?rest_route=%2Fwp%2Fv2%2Fcomments&post=4995"}],"version-history":[{"count":1,"href":"https:\/\/paginacero.com.uy\/index.php?rest_route=\/wp\/v2\/posts\/4995\/revisions"}],"predecessor-version":[{"id":4997,"href":"https:\/\/paginacero.com.uy\/index.php?rest_route=\/wp\/v2\/posts\/4995\/revisions\/4997"}],"wp:featuredmedia":[{"embeddable":true,"href":"https:\/\/paginacero.com.uy\/index.php?rest_route=\/wp\/v2\/media\/4996"}],"wp:attachment":[{"href":"https:\/\/paginacero.com.uy\/index.php?rest_route=%2Fwp%2Fv2%2Fmedia&parent=4995"}],"wp:term":[{"taxonomy":"category","embeddable":true,"href":"https:\/\/paginacero.com.uy\/index.php?rest_route=%2Fwp%2Fv2%2Fcategories&post=4995"},{"taxonomy":"post_tag","embeddable":true,"href":"https:\/\/paginacero.com.uy\/index.php?rest_route=%2Fwp%2Fv2%2Ftags&post=4995"}],"curies":[{"name":"wp","href":"https:\/\/api.w.org\/{rel}","templated":true}]}}