{"id":4988,"date":"2024-07-05T11:02:19","date_gmt":"2024-07-05T14:02:19","guid":{"rendered":"https:\/\/paginacero.com.uy\/?p=4988"},"modified":"2024-07-05T11:02:19","modified_gmt":"2024-07-05T14:02:19","slug":"tejido-solidario-la-semana-proxima-habra-dos-jornadas-en-el-taller-de-artes-plasticas","status":"publish","type":"post","link":"https:\/\/paginacero.com.uy\/?p=4988","title":{"rendered":"Tejido Solidario: la semana pr\u00f3xima habr\u00e1 dos jornadas en el Taller de Artes Pl\u00e1sticas"},"content":{"rendered":"<p><strong><span class=\"NormalTextRun SCXW191833241 BCX0\" data-ccp-parastyle=\"Standard\" data-ccp-parastyle-defn=\"{&quot;ObjectId&quot;:&quot;71992db5-fe56-4202-ad9e-efb3067a4437|5&quot;,&quot;ClassId&quot;:1073872969,&quot;Properties&quot;:[469775450,&quot;Standard&quot;,201340122,&quot;2&quot;,134233614,&quot;true&quot;,469778129,&quot;Standard&quot;,335572020,&quot;1&quot;,469777841,&quot;Times New Roman&quot;,469777842,&quot;Arial&quot;,469777843,&quot;SimSun&quot;,469777844,&quot;Times New Roman&quot;,469769226,&quot;Times New Roman,Arial,SimSun&quot;,268442635,&quot;24&quot;,335559704,&quot;1081&quot;,335559705,&quot;2052&quot;,335551547,&quot;14346&quot;,134245417,&quot;false&quot;]}\">Desde el Taller de Artes Pl\u00e1sticas se est\u00e1 organizando para el mi\u00e9rcoles y s\u00e1bado de la pr\u00f3xima semana la celebraci\u00f3n del D\u00eda de la Tejedora, con <\/span><span class=\"NormalTextRun SCXW191833241 BCX0\" data-ccp-parastyle=\"Standard\">una jornada de tejido solidario.<\/span><\/strong><!--more--><\/p>\n<p><span data-contrast=\"auto\">\u201cHace poco festejamos el D\u00eda del Ceramistas y no somos tantos en Durazno, pero quer\u00edamos hacer algo en relaci\u00f3n a las tejedoras, que sabemos son muchas m\u00e1s. Es una celebraci\u00f3n que tomamos de Argentina, pero la estamos trasladando para juntarnos y nos hemos enterado que son tantos los grupos de tejedoras que nos gust\u00f3 para hacer algo m\u00e1s grande. Merecedes Olveira y Lidia Cotlearenco que es la actual profesora del taller de fieltro, van a encabezar la propuesta. A esto se suma que recibimos una donaci\u00f3n de Lanas Trinidad, surgi\u00f3 as\u00ed la idea del Tejido Solidario, porque despu\u00e9s decidiremos a quienes vamos a donar lo que elaboremos con esa lana\u201d dijo Lucy, del Taller de Artes Pl\u00e1sticas.<\/span><span data-ccp-props=\"{&quot;134245417&quot;:false}\">\u00a0<\/span><\/p>\n<p><span data-contrast=\"auto\">En ese d\u00eda de tejido, se va a hacer una manta de beb\u00e9 para donarle al primer ni\u00f1o nacido ese d\u00eda, el 13 de julio, D\u00eda de la Tejedora. Adem\u00e1s, se han organizado otras actividades paralelas, danza, m\u00fasica y una merienda para compartir entre todos los participantes.<\/span><span data-ccp-props=\"{&quot;134245417&quot;:false}\">\u00a0<\/span><\/p>\n<p><span data-contrast=\"auto\">\u201cSe rinde as\u00ed homenaje a las mujeres dedicadas a la confecci\u00f3n de prendas de vestir, con distintas fibras textiles que se encuentran en el mercado, como acr\u00edlicos, mezclas, pura lana y fantas\u00edas. La celebraci\u00f3n de este d\u00eda lo comenz\u00f3 en 2005 en Australia con la tejedora Danielle Landes. Se inici\u00f3 como una simple reuni\u00f3n de tejedoras para que podr\u00edan aprender y disfrutar cada una de las otras; actualmente se celebra en numerosos pa\u00edses, incluido el nuestro. Es un d\u00eda que re\u00fane a grupos de tejedoras en actividades colectivas de tejidos en espacios p\u00fablicos\u201d cont\u00f3.<\/span><span data-ccp-props=\"{&quot;134245417&quot;:false}\">\u00a0<\/span><\/p>\n<p><span data-contrast=\"auto\">\u201cEl tejido ha estado por milenios relacionado con la mujer. Desde la \u00e9poca precolombina en los pueblos originarios de Am\u00e9rica Latina el arte del tejido fue relevante; no solo fue su necesidad para cubrir el cuerpo dando identidad a cada ser, etnia o grupo social, sino para delimitar espacios como en techos, puertas y pisos, para envolver a los muertos, para denotar rango, como moneda, premio, tributo , ofrenda, dote matrimonial, como trueque, como cama para dormir. La belleza de los textiles de Latinoam\u00e9rica y el Caribe fue valorada por los conquistadores, quienes admirando su calidad, enviaron muestras a la corte espa\u00f1ola como regalo de gran estimaci\u00f3n\u201d agreg\u00f3.<\/span><span data-ccp-props=\"{&quot;134245417&quot;:false}\">\u00a0<\/span><\/p>\n<p><span data-contrast=\"auto\">\u201cHoy se rinde tributo a un oficio artesanal y milenario. Es que, en honor a todas las trabajadoras que a pura destreza crean piezas de indumentaria \u00fanicas, se celebra en todo el pa\u00eds el \u201cD\u00eda de la Tejedora\u201d. As\u00ed, bufandas, chalecos, pul\u00f3veres y sacones con una impronta artesanal est\u00e1n marcando creativamente la tendencia de volver a los puntos que hac\u00eda la abuela para confeccionar ropa abrigada y confortable, pero tambi\u00e9n elegante. Y adem\u00e1s sumamos la solidaridad\u201d dijo.<\/span><span data-ccp-props=\"{&quot;134245417&quot;:false}\">\u00a0<\/span><\/p>\n<p><span data-contrast=\"auto\">Se nota desde hace varias temporadas, la actividad recobr\u00f3 un importante auge en el que ya no se teje solo para la familia o para uso propio, sino que se da tambi\u00e9n como una forma de encarar nuevos microemprendimientos. Talleres de tejido, cursos de telar e incluso jornadas solidarias, re\u00fanen cada invierno a mujeres de todas las edades que, lana en mano, se reencuentran con una actividad que muchas veces como \u201cuna buena y productiva terapia\u201d.<\/span><span data-ccp-props=\"{&quot;134245417&quot;:false}\">\u00a0<\/span><\/p>\n<p><span data-contrast=\"auto\">\u201cEstamos tratando tambi\u00e9n de hacer talleres con ni\u00f1os, de pulseras, de tejidos, todo relacionado a la lana, invitar a gente que sabe hacer pulseras artesanales. El s\u00e1bado la propuesta va a ser libre, vendr\u00e1 Elo\u00edsa Valdez a ayudarnos con parte de la actividad. En la previa ya se han conseguido resultados, desde Mapep han tenido varias mantas que las regalan a quien las necesiten, la Asociaci\u00f3n de Jubilados tambi\u00e9n hace algo similar, para esta ocasi\u00f3n hemos invitado a integrantes de Mapep, Plaza 1, Uni 3, Cib Varona, el grupo de las Hermanas Franciscanas, la Asociaci\u00f3n de Jubilados y tambi\u00e9n al publico en general para la jornada del s\u00e1bado. Lo \u00fanico que tienen que traer es agujas y ganas de compartir, algo para la merienda y mucho entusiasmo\u201d finaliz\u00f3.<\/span><span data-ccp-props=\"{&quot;134245417&quot;:false}\">\u00a0<\/span><\/p>\n","protected":false},"excerpt":{"rendered":"<p>Desde el Taller de Artes Pl\u00e1sticas se est\u00e1 organizando para el mi\u00e9rcoles y s\u00e1bado de la pr\u00f3xima semana la celebraci\u00f3n del D\u00eda de la Tejedora, con una jornada de tejido solidario.<\/p>\n","protected":false},"author":4,"featured_media":4989,"comment_status":"closed","ping_status":"closed","sticky":false,"template":"","format":"standard","meta":{"footnotes":""},"categories":[5,17],"tags":[],"class_list":["post-4988","post","type-post","status-publish","format-standard","has-post-thumbnail","hentry","category-durazno","category-suplemento-mujer"],"_links":{"self":[{"href":"https:\/\/paginacero.com.uy\/index.php?rest_route=\/wp\/v2\/posts\/4988","targetHints":{"allow":["GET"]}}],"collection":[{"href":"https:\/\/paginacero.com.uy\/index.php?rest_route=\/wp\/v2\/posts"}],"about":[{"href":"https:\/\/paginacero.com.uy\/index.php?rest_route=\/wp\/v2\/types\/post"}],"author":[{"embeddable":true,"href":"https:\/\/paginacero.com.uy\/index.php?rest_route=\/wp\/v2\/users\/4"}],"replies":[{"embeddable":true,"href":"https:\/\/paginacero.com.uy\/index.php?rest_route=%2Fwp%2Fv2%2Fcomments&post=4988"}],"version-history":[{"count":1,"href":"https:\/\/paginacero.com.uy\/index.php?rest_route=\/wp\/v2\/posts\/4988\/revisions"}],"predecessor-version":[{"id":4990,"href":"https:\/\/paginacero.com.uy\/index.php?rest_route=\/wp\/v2\/posts\/4988\/revisions\/4990"}],"wp:featuredmedia":[{"embeddable":true,"href":"https:\/\/paginacero.com.uy\/index.php?rest_route=\/wp\/v2\/media\/4989"}],"wp:attachment":[{"href":"https:\/\/paginacero.com.uy\/index.php?rest_route=%2Fwp%2Fv2%2Fmedia&parent=4988"}],"wp:term":[{"taxonomy":"category","embeddable":true,"href":"https:\/\/paginacero.com.uy\/index.php?rest_route=%2Fwp%2Fv2%2Fcategories&post=4988"},{"taxonomy":"post_tag","embeddable":true,"href":"https:\/\/paginacero.com.uy\/index.php?rest_route=%2Fwp%2Fv2%2Ftags&post=4988"}],"curies":[{"name":"wp","href":"https:\/\/api.w.org\/{rel}","templated":true}]}}