{"id":4985,"date":"2024-07-05T10:48:38","date_gmt":"2024-07-05T13:48:38","guid":{"rendered":"https:\/\/paginacero.com.uy\/?p=4985"},"modified":"2024-07-05T10:48:38","modified_gmt":"2024-07-05T13:48:38","slug":"memorias-de-plaza-artigas-en-las-palabras-de-blanca-castro","status":"publish","type":"post","link":"https:\/\/paginacero.com.uy\/?p=4985","title":{"rendered":"Memorias de Plaza Artigas en las palabras de Blanca Castro"},"content":{"rendered":"<p><strong><span class=\"TextRun SCXW63238 BCX0\" lang=\"ES-UY\" xml:lang=\"ES-UY\" data-contrast=\"auto\"><span class=\"NormalTextRun SCXW63238 BCX0\" data-ccp-parastyle=\"Standard\" data-ccp-parastyle-defn=\"{&quot;ObjectId&quot;:&quot;609d1d69-eb8e-4d35-afdf-b9e45e7d5e84|5&quot;,&quot;ClassId&quot;:1073872969,&quot;Properties&quot;:[469775450,&quot;Standard&quot;,201340122,&quot;2&quot;,134233614,&quot;true&quot;,469778129,&quot;Standard&quot;,335572020,&quot;1&quot;,469777841,&quot;Times New Roman&quot;,469777842,&quot;Arial&quot;,469777843,&quot;SimSun&quot;,469777844,&quot;Times New Roman&quot;,469769226,&quot;Times New Roman,Arial,SimSun&quot;,268442635,&quot;24&quot;,335559704,&quot;1081&quot;,335559705,&quot;2052&quot;,335551547,&quot;14346&quot;,134245417,&quot;false&quot;]}\">Blanca Castro es maestra, docente, comunicadora <\/span><span class=\"NormalTextRun ContextualSpellingAndGrammarErrorV2Themed SCXW63238 BCX0\" data-ccp-parastyle=\"Standard\">y<\/span><span class=\"NormalTextRun SCXW63238 BCX0\" data-ccp-parastyle=\"Standard\"> adem\u00e1s, escritora. En su agenda est\u00e1 la presentaci\u00f3n de su libro \u201cMi barrio Plaza Artigas\u201d una serie de relatos que cuenta la <\/span><span class=\"NormalTextRun SCXW63238 BCX0\" data-ccp-parastyle=\"Standard\">memoria de esa zona.<\/span><\/span><span class=\"EOP SCXW63238 BCX0\" data-ccp-props=\"{&quot;134245417&quot;:false}\">\u00a0<\/span><\/strong><!--more--><\/p>\n<p><span data-contrast=\"auto\">Contando sobre su actividad, dijo que \u201csoy maestra de formaci\u00f3n, en 2006 hice un curso de verano con Oscar Padr\u00f3n sobre Patrimonio y fue all\u00ed que \u00e9l nos sembr\u00f3 la inquietud de rescatar memorias. Como consecuencia de eso escrib\u00ed un conjunto de relatos y quedaron por ahi, esperando su momento. Ahora los rescato y publico agregando 2 cuentos posteriores tambi\u00e9n relacionados al tema y con la misma meta, a trav\u00e9s de Editorial Versos Compartidos\u201d.<\/span><span data-ccp-props=\"{&quot;134245417&quot;:false}\">\u00a0<\/span><\/p>\n<p><span data-contrast=\"auto\">El libro fue presentado este jueves y se vende en forma particular a $300. En la actividad fueron presentadores y compa\u00f1ia Jes\u00fas Carlos Correa y Heber Souza, tambi\u00e9n escritores.<\/span><span data-ccp-props=\"{&quot;134245417&quot;:false}\">\u00a0<\/span><\/p>\n<p><span data-contrast=\"auto\">\u201cLa inquietud de este libro surge por ese impulso que nos dio Padr\u00f3n, y en las historias se relatan hechos que corresponden a los a\u00f1os 60 y 70 del siglo XX, o sea mi ni\u00f1ez y adolescencia. Aparecen algunos personajes y lugares del barrio, no todos, pero si una gran cantidad de ellos que muestran la historia de la zona\u201d agreg\u00f3.<\/span><span data-ccp-props=\"{&quot;134245417&quot;:false}\">\u00a0<\/span><\/p>\n<p><span data-contrast=\"auto\">La escritura es una de las inquietudes de Blanca y para eso est\u00e1 integrada a propuestas relacionadas con este oficio, desde el Taller de Escritura de Uni 3 a otros donde estuvo participando para compartir y crecer en el desaf\u00edo de escribir.<\/span><span data-ccp-props=\"{&quot;134245417&quot;:false}\">\u00a0<\/span><\/p>\n<p><span data-contrast=\"auto\">\u201cIntegro el Taller de Escritura de Uni 3,\u00a0 antes integr\u00e9 otros talleres que tambi\u00e9n ten\u00edan como centro la escritura y la literatura. Trabaj\u00e9 como profesora de Idioma Espa\u00f1ol en Secundaria habiendo logrado efectividad por concurso, tambi\u00e9n trabaj\u00e9 con la asignatura Literatura. Me gustan ambas asignaturas y tambi\u00e9n la comunicaci\u00f3n\u201d cont\u00f3.<\/span><span data-ccp-props=\"{&quot;134245417&quot;:false}\">\u00a0<\/span><\/p>\n<p><span data-contrast=\"auto\">\u201cDentro de la formaci\u00f3n para comunicar, hice un curso completo y varios talleres de locuci\u00f3n, integro la Asociaci\u00f3n Duraznense de Prensa desde hace varios a\u00f1os y desde 2015 estoy en la Red Nacional de Organizaciones de Personas Mayores donde me vengo desempe\u00f1ando como Delegada Departamental\u201d dijo.<\/span><span data-ccp-props=\"{&quot;134245417&quot;:false}\">\u00a0<\/span><\/p>\n<p><span data-contrast=\"auto\">Su actividad en la Redam ha sido muy prol\u00edfica y como delegada ha participado representando a Durazno en varias actividades, entre ellas la realizada recientemente llamada \u201cEdil Adulto Mayor por un d\u00eda\u201d que se llev\u00f3 adelante en la Junta Departamental de Durazno con la participaci\u00f3n de grupos de personas mayores de la regi\u00f3n, estuvo representando a la instituci\u00f3n y haciendo un balance de la actividad realizada.<\/span><span data-ccp-props=\"{&quot;134245417&quot;:false}\">\u00a0<\/span><\/p>\n<p><span data-contrast=\"auto\">De esa propuesta destac\u00f3 que \u201cpor tercer a\u00f1o consecutivo tenemos la alegr\u00eda de podernos juntar en este \u00e1mbito que ser\u00eda el m\u00e1s plural de la democracia a nivel departamental. Como delegada departamental de Redam me corresponde tomar las inquietudes de todos, en primer lugar por supuesto agradecer a la Junta el espacio concedido y agradecer a los compa\u00f1eros que se han hecho cargo de traer la palabra de sus compa\u00f1eros aqu\u00ed. Es una tarea que no es f\u00e1cil, algunos grupos no han venido, en otros grupos se han peleado por no venir, no lo vamos a decir pero entonces doble aplauso para los que si vinieron, dieron la cara, apoyaron y siguen apoyando, tengan en cuenta que esto queda en actas de la Junta y en la grabaci\u00f3n que se hace en el canal de youtube habitualmente\u201d dijo.<\/span><span data-ccp-props=\"{&quot;134245417&quot;:false}\">\u00a0<\/span><\/p>\n<p><span data-contrast=\"auto\">En lo social, contin\u00faa trabajando en diversos \u00e1mbitos y tiene sus proyectos a futuro como escritora, pensando en una recopilaci\u00f3n de sus poemas y cuentos ya escritos.<\/span><span data-ccp-props=\"{&quot;134245417&quot;:false}\">\u00a0<\/span><\/p>\n<p><span data-contrast=\"auto\">\u201cMe he vinculado a muchas iniciativas de car\u00e1cter socio cultural tanto en Durazno como en Blanquillo Actualmente integro un grupo que est\u00e1 organizando un reconocimiento a Heber Souza, para destacar la actividad que ha desarollado\u201d dijo.<\/span><span data-ccp-props=\"{&quot;134245417&quot;:false}\">\u00a0<\/span><\/p>\n<p><span data-contrast=\"auto\">Los proyectos a futuro son seguir trabajando en la literatura \u201ctengo cuentos y poemas escritos en distintos momentos y posiblemente en alg\u00fan momento los recopile para publicar\u201d finaliz\u00f3 diciendo.<\/span><span data-ccp-props=\"{&quot;134245417&quot;:false}\">\u00a0<\/span><\/p>\n","protected":false},"excerpt":{"rendered":"<p>Blanca Castro es maestra, docente, comunicadora y adem\u00e1s, escritora. En su agenda est\u00e1 la presentaci\u00f3n de su libro \u201cMi barrio Plaza Artigas\u201d una serie de relatos que cuenta la memoria de esa zona.\u00a0<\/p>\n","protected":false},"author":4,"featured_media":4986,"comment_status":"closed","ping_status":"closed","sticky":false,"template":"","format":"standard","meta":{"footnotes":""},"categories":[5,17],"tags":[],"class_list":["post-4985","post","type-post","status-publish","format-standard","has-post-thumbnail","hentry","category-durazno","category-suplemento-mujer"],"_links":{"self":[{"href":"https:\/\/paginacero.com.uy\/index.php?rest_route=\/wp\/v2\/posts\/4985","targetHints":{"allow":["GET"]}}],"collection":[{"href":"https:\/\/paginacero.com.uy\/index.php?rest_route=\/wp\/v2\/posts"}],"about":[{"href":"https:\/\/paginacero.com.uy\/index.php?rest_route=\/wp\/v2\/types\/post"}],"author":[{"embeddable":true,"href":"https:\/\/paginacero.com.uy\/index.php?rest_route=\/wp\/v2\/users\/4"}],"replies":[{"embeddable":true,"href":"https:\/\/paginacero.com.uy\/index.php?rest_route=%2Fwp%2Fv2%2Fcomments&post=4985"}],"version-history":[{"count":1,"href":"https:\/\/paginacero.com.uy\/index.php?rest_route=\/wp\/v2\/posts\/4985\/revisions"}],"predecessor-version":[{"id":4987,"href":"https:\/\/paginacero.com.uy\/index.php?rest_route=\/wp\/v2\/posts\/4985\/revisions\/4987"}],"wp:featuredmedia":[{"embeddable":true,"href":"https:\/\/paginacero.com.uy\/index.php?rest_route=\/wp\/v2\/media\/4986"}],"wp:attachment":[{"href":"https:\/\/paginacero.com.uy\/index.php?rest_route=%2Fwp%2Fv2%2Fmedia&parent=4985"}],"wp:term":[{"taxonomy":"category","embeddable":true,"href":"https:\/\/paginacero.com.uy\/index.php?rest_route=%2Fwp%2Fv2%2Fcategories&post=4985"},{"taxonomy":"post_tag","embeddable":true,"href":"https:\/\/paginacero.com.uy\/index.php?rest_route=%2Fwp%2Fv2%2Ftags&post=4985"}],"curies":[{"name":"wp","href":"https:\/\/api.w.org\/{rel}","templated":true}]}}