{"id":4973,"date":"2024-07-04T11:07:53","date_gmt":"2024-07-04T14:07:53","guid":{"rendered":"https:\/\/paginacero.com.uy\/?p=4973"},"modified":"2024-07-04T11:07:53","modified_gmt":"2024-07-04T14:07:53","slug":"centro-de-internacion-para-personas-con-adicciones-esta-proximo-a-concretarse","status":"publish","type":"post","link":"https:\/\/paginacero.com.uy\/?p=4973","title":{"rendered":"\u201cCentro de internaci\u00f3n para personas con adicciones est\u00e1 pr\u00f3ximo a concretarse\u201d"},"content":{"rendered":"<p><strong><span class=\"TextRun SCXW117934402 BCX0\" lang=\"ES-UY\" xml:lang=\"ES-UY\" data-contrast=\"auto\"><span class=\"NormalTextRun SCXW117934402 BCX0\" data-ccp-parastyle=\"Standard\" data-ccp-parastyle-defn=\"{&quot;ObjectId&quot;:&quot;eb55f387-d9d5-43d0-9194-40529781a09a|5&quot;,&quot;ClassId&quot;:1073872969,&quot;Properties&quot;:[469775450,&quot;Standard&quot;,201340122,&quot;2&quot;,134233614,&quot;true&quot;,469778129,&quot;Standard&quot;,335572020,&quot;1&quot;,469777841,&quot;Times New Roman&quot;,469777842,&quot;Arial&quot;,469777843,&quot;SimSun&quot;,469777844,&quot;Times New Roman&quot;,469769226,&quot;Times New Roman,Arial,SimSun&quot;,268442635,&quot;24&quot;,335559704,&quot;1081&quot;,335559705,&quot;2052&quot;,335551547,&quot;14346&quot;,134245417,&quot;false&quot;]}\">Virginia <\/span><span class=\"NormalTextRun SpellingErrorV2Themed SCXW117934402 BCX0\" data-ccp-parastyle=\"Standard\">Burgues<\/span><span class=\"NormalTextRun SCXW117934402 BCX0\" data-ccp-parastyle=\"Standard\"> hizo saber algunas novedades con respecto a las acciones que estar\u00e1 desarrollando la Secretar\u00eda Nacional de Drogas con la <\/span><span class=\"NormalTextRun SCXW117934402 BCX0\" data-ccp-parastyle=\"Standard\">incorporaci\u00f3n del Centro de Internaci\u00f3n para personas con adicciones, cuyo tr\u00e1mite ha <\/span><span class=\"NormalTextRun ContextualSpellingAndGrammarErrorV2Themed SCXW117934402 BCX0\" data-ccp-parastyle=\"Standard\">avanzando<\/span><span class=\"NormalTextRun SCXW117934402 BCX0\" data-ccp-parastyle=\"Standard\"> sensiblemente.<\/span><\/span><span class=\"EOP SCXW117934402 BCX0\" data-ccp-props=\"{&quot;134245417&quot;:false}\">\u00a0<\/span><\/strong><!--more--><\/p>\n<p><span data-contrast=\"auto\">Tambi\u00e9n hizo referencia a la pronta respuesta dada a una petici\u00f3n realizada en sesiones anteriores.<\/span><span data-ccp-props=\"{&quot;134245417&quot;:false}\">\u00a0<\/span><\/p>\n<p><span data-contrast=\"auto\">\u201cEn esta oportunidad quiero agradecer la buena disposici\u00f3n del Director de Obras que con mucha diligencia ha sabido solucionar un pedido que hice hace algunos d\u00edas, una entrada junto a la v\u00eda f\u00e9rrea, que conduce a una casa donde vive una persona que tuvo un ACV y que en caso de que tuviera que entrar una ambulancia o simplemente una camilla, era muy dificultoso\u201d manifest\u00f3 la edil.<\/span><span data-ccp-props=\"{&quot;134245417&quot;:false}\">\u00a0<\/span><\/p>\n<p><span data-contrast=\"auto\">\u201cEn otro orden, consultando sobre el Centro de Internaci\u00f3n para personas con Adicciones, tuvimos la noticia de que el convenio entre el gobierno nacional a trav\u00e9s de la Secretar\u00eda Nacional de Drogas y la Intendencia est\u00e1 en etapa de finalizaci\u00f3n, la parte que proporciona la Secretar\u00eda son recursos conformados en una importante partida de dinero para contrataci\u00f3n de personal y mobiliario mientras uqe la Intendencia estar\u00eda realizando las obras necesarias para habilitar el lugar donde se van a instalar. Hablando de este tema debo agregar que el Dispositivo Ciudadela ha fortalecido el Centro Diurno que no solo da contenci\u00f3n sino conocimientos b\u00e1sicos en el marco de un plan terap\u00e9utico que ha dise\u00f1ado acorde a la rehabilitaci\u00f3n de personas con adicciones\u201d dijo.<\/span><span data-ccp-props=\"{&quot;134245417&quot;:false}\">\u00a0<\/span><\/p>\n<p><span data-contrast=\"auto\">\u201cDe que forma en esta ocasi\u00f3n, incorporando herramientas como soldadoras, amoladoras, taladros, termofusor y otros para el taller as\u00ed como tambi\u00e9n hornos y batidora industrial, bandejas y dem\u00e1s para la parte de gastronom\u00eda. Tambi\u00e9n se ha comprado un aire acondicionado para la sala de recreaci\u00f3n, todo con dinero que se obtuvo a trav\u00e9s de la Secretar\u00eda Nacional de Drogas por el reconocimiento a la gesti\u00f3n y al equipo t\u00e9cnico que lo llev\u00f3 adelante en el 2023. Mi reconocimiento tambi\u00e9n porque cuando hay equipo las cosas que se logran son en beneficio de todos\u201d finaliz\u00f3 diciendo.<\/span><span data-ccp-props=\"{&quot;134245417&quot;:false}\">\u00a0<\/span><\/p>\n<p><span data-contrast=\"auto\">Se trata de un centro regional de internaci\u00f3n para personas con adicciones que ttendr\u00e1 inicialmente 10 plazas pero podr\u00e1 aumentar su capacidad dependiendo de la demanda que se registre, est\u00e1 pensado un centro con recursos para 20 camas permanentes.<\/span><span data-ccp-props=\"{&quot;134245417&quot;:false}\">\u00a0<\/span><\/p>\n<p><span data-contrast=\"auto\">Adem\u00e1s se est\u00e1 proyectando otros centros en Tacuaremb\u00f3 y Artigas, lo que permitir\u00e1 descomprimir la demanda que llega a Durazno desde el norte. El lugar atender\u00e1 a los socios de Asse pero se analiza la posibilidad de incorporar a mutualistas a trav\u00e9s de un acuerdo que le permita acceder a cupos.<\/span><span data-ccp-props=\"{&quot;134245417&quot;:false}\">\u00a0<\/span><\/p>\n<p><span data-contrast=\"auto\">La Junta Nacional de Drogas tiene a su cargo la instrumentaci\u00f3n de las directivas relacionadas con la fijaci\u00f3n de la pol\u00edtica nacional en materia de drogas, dirigida a la prevenci\u00f3n del consumo problem\u00e1tico y tratamiento de la adicci\u00f3n a las drogas, la supervisi\u00f3n y evaluaci\u00f3n de la ejecuci\u00f3n de los planes y programas que se establezcan de conformidad a las pol\u00edticas referidas y la organizaci\u00f3n de comit\u00e9s o grupos de trabajo permanentes o transitorios para atender el tratamiento de temas espec\u00edficos. Aparte la intendencia se ha comprometido en la ejecuci\u00f3n de un centro diurno para personas con uso problem\u00e1tico de drogas fortaleciendo la red Nacional de drogas a trav\u00e9s de la implementaci\u00f3n de los dispositivos que tienen por objetivo general brindar informaci\u00f3n, asesoramiento, diagn\u00f3stico, tratamiento y derivaci\u00f3n oportunas para personas familiares o referentes de personas que usan sustancias punto en el proceso de recepci\u00f3n de pacientes<\/span><span data-ccp-props=\"{&quot;134245417&quot;:false}\">\u00a0<\/span><\/p>\n<p><span data-contrast=\"auto\">El abordaje ambulatorio es una modalidad que brinda asistencia en forma ambulatoria, se trata de una modalidad con permanencia limitada de los usuarios con una frecuencia baja, semanal o bisemanal con un equipo multidisciplinario el abordaje comunitario es una modalidad de intervenci\u00f3n de apoyo al trabajo a estas personas y las comunidades a nivel territorial, que incluye la promoci\u00f3n de redes institucionales, sociales y locales con enfoque integral.<\/span><span data-ccp-props=\"{&quot;134245417&quot;:false}\">\u00a0<\/span><\/p>\n<p><span data-contrast=\"auto\">El equipo profesional implementar\u00e1 las estrategias asistenciales y el control cl\u00ednico de acuerdo a la competencia espec\u00edfica de cada profesi\u00f3n, la integraci\u00f3n del equipo depender\u00e1 de la propuesta asistencial y deber\u00e1 ser coherente con ella. Este dispositivo ser\u00e1 supervisado por la secretar\u00eda Nacional de drogas e integrar\u00e1 la reinadro la cual se encuentra inscrita en un proceso de implantaci\u00f3n en el sistema de gesti\u00f3n de calidad, lo que implica adoptar criterios de calidad en el establecimiento del plan terap\u00e9utico, procedimientos de ingreso, atenci\u00f3n y derivaci\u00f3n.<\/span><span data-ccp-props=\"{&quot;134245417&quot;:false}\">\u00a0<\/span><\/p>\n","protected":false},"excerpt":{"rendered":"<p>Virginia Burgues hizo saber algunas novedades con respecto a las acciones que estar\u00e1 desarrollando la Secretar\u00eda Nacional de Drogas con la incorporaci\u00f3n del Centro de Internaci\u00f3n para personas con adicciones, cuyo tr\u00e1mite ha avanzando sensiblemente.\u00a0<\/p>\n","protected":false},"author":4,"featured_media":4974,"comment_status":"closed","ping_status":"closed","sticky":false,"template":"","format":"standard","meta":{"footnotes":""},"categories":[5],"tags":[],"class_list":["post-4973","post","type-post","status-publish","format-standard","has-post-thumbnail","hentry","category-durazno"],"_links":{"self":[{"href":"https:\/\/paginacero.com.uy\/index.php?rest_route=\/wp\/v2\/posts\/4973","targetHints":{"allow":["GET"]}}],"collection":[{"href":"https:\/\/paginacero.com.uy\/index.php?rest_route=\/wp\/v2\/posts"}],"about":[{"href":"https:\/\/paginacero.com.uy\/index.php?rest_route=\/wp\/v2\/types\/post"}],"author":[{"embeddable":true,"href":"https:\/\/paginacero.com.uy\/index.php?rest_route=\/wp\/v2\/users\/4"}],"replies":[{"embeddable":true,"href":"https:\/\/paginacero.com.uy\/index.php?rest_route=%2Fwp%2Fv2%2Fcomments&post=4973"}],"version-history":[{"count":1,"href":"https:\/\/paginacero.com.uy\/index.php?rest_route=\/wp\/v2\/posts\/4973\/revisions"}],"predecessor-version":[{"id":4975,"href":"https:\/\/paginacero.com.uy\/index.php?rest_route=\/wp\/v2\/posts\/4973\/revisions\/4975"}],"wp:featuredmedia":[{"embeddable":true,"href":"https:\/\/paginacero.com.uy\/index.php?rest_route=\/wp\/v2\/media\/4974"}],"wp:attachment":[{"href":"https:\/\/paginacero.com.uy\/index.php?rest_route=%2Fwp%2Fv2%2Fmedia&parent=4973"}],"wp:term":[{"taxonomy":"category","embeddable":true,"href":"https:\/\/paginacero.com.uy\/index.php?rest_route=%2Fwp%2Fv2%2Fcategories&post=4973"},{"taxonomy":"post_tag","embeddable":true,"href":"https:\/\/paginacero.com.uy\/index.php?rest_route=%2Fwp%2Fv2%2Ftags&post=4973"}],"curies":[{"name":"wp","href":"https:\/\/api.w.org\/{rel}","templated":true}]}}