{"id":4970,"date":"2024-07-04T11:04:52","date_gmt":"2024-07-04T14:04:52","guid":{"rendered":"https:\/\/paginacero.com.uy\/?p=4970"},"modified":"2024-07-04T11:04:52","modified_gmt":"2024-07-04T14:04:52","slug":"emprendedores-de-sincelejo-presentaron-su-exitoso-innovafest-y-programan-actividad-en-uruguay","status":"publish","type":"post","link":"https:\/\/paginacero.com.uy\/?p=4970","title":{"rendered":"Emprendedores de Sincelejo presentaron su exitoso Innovafest y programan actividad en Uruguay"},"content":{"rendered":"<p><strong><span class=\"TextRun SCXW143446739 BCX0\" lang=\"ES-UY\" xml:lang=\"ES-UY\" data-contrast=\"auto\"><span class=\"NormalTextRun SCXW143446739 BCX0\" data-ccp-parastyle=\"Standard\" data-ccp-parastyle-defn=\"{&quot;ObjectId&quot;:&quot;759a5674-6ffe-4493-853c-91ae4a652473|5&quot;,&quot;ClassId&quot;:1073872969,&quot;Properties&quot;:[469775450,&quot;Standard&quot;,201340122,&quot;2&quot;,134233614,&quot;true&quot;,469778129,&quot;Standard&quot;,335572020,&quot;1&quot;,469777841,&quot;Times New Roman&quot;,469777842,&quot;Arial&quot;,469777843,&quot;SimSun&quot;,469777844,&quot;Times New Roman&quot;,469769226,&quot;Times New Roman,Arial,SimSun&quot;,268442635,&quot;24&quot;,335559704,&quot;1081&quot;,335559705,&quot;2052&quot;,335551547,&quot;14346&quot;,134245417,&quot;false&quot;]}\">Autoridades departamentales recibieron al C\u00f3nsul de Colombia Luis de la Hoz, que acompa\u00f1ado del grupo emprendedor \u201cLas Valentinas\u201d <\/span><span class=\"NormalTextRun SCXW143446739 BCX0\" data-ccp-parastyle=\"Standard\">presentaron lo que fue el primer festival emprendedor en la ciudad de Sincelejo. Se trabaja tambi\u00e9n sobre un proyecto para unir ideas entre emprendedores de Colombia y Uruguay.<\/span><\/span><span class=\"EOP SCXW143446739 BCX0\" data-ccp-props=\"{&quot;134245417&quot;:false}\">\u00a0<\/span><\/strong><!--more--><\/p>\n<p><span data-contrast=\"auto\">\u201cDarles la bienvenida por esta ocasi\u00f3n buscando la oportunidad de hermanar nuestros pueblos, el pueblo colombiano y el pueblo uruguayo. Me encanta ver gente emprendedora de diferentes edades y diferentes disciplinas, hay una serie de proyectos de crecimiento, de desarrollo y trabajo en conjunto\u201d dijo el Intendente Vidal\u00edn durante la actividad.<\/span><span data-ccp-props=\"{&quot;134245417&quot;:false}\">\u00a0<\/span><\/p>\n<p><span data-contrast=\"auto\">\u201cQuiero valorar el trabajo de estos d\u00edas de Anabella frente al Departamento de Desarrollo y la comunicaci\u00f3n que han tenido sobre todo esto que han hecho. Estuvieron en Pueblo Centenario, en cada una de las localidades de Durazno, haciendo este trabajo con el equipo. Vamos a escuchar al C\u00f3nsul, a las empresarias que adem\u00e1s cuando hablen van a ver que alegr\u00eda y que optimismo trasmiten ambas, algo muy lindo. Saludar al profesor Pereyra\u00a0 de Colombia y a la docente que llega de Ecuador, hemos estado hablando de Utec orgullosamente, tambi\u00e9n hab\u00edamos estado hablando de aquella se\u00f1ora que se parece a Mercedes Sosa en su juventud, por ac\u00e1 tenemos la presencia de un grupo importante de gente emprendedora y Alexander Echeverr\u00eda que lleva adelante alguna actividad semejante a la que ustedes manejan\u201d agreg\u00f3.<\/span><span data-ccp-props=\"{&quot;134245417&quot;:false}\">\u00a0<\/span><\/p>\n<p><span data-contrast=\"auto\">El C\u00f3nsul colombiano agradeci\u00f3 la recepci\u00f3n \u201cquiero darle las gracias por venir, al Intendente Carmelo y al equipo de trabajo con el que estuvimos con anterioridad. Esta fue una idea que nace en dos pa\u00edses diferentes, Colombia y Uruguay. hace un mes estaba sentado en el consulado y de\u00e7ia, ya llevo trece meses ac\u00e1 como C\u00f3nsul en Uruguay, empec\u00e9 a notar, primero a buscar comida colombiana, todo es sabroso, el chivito, la comida t\u00edpica, pero tambi\u00e9n uno busca lo que gastron\u00f3micamente tiene en su pa\u00eds, comenc\u00e9 a tocar la puerta en los negocios, vi que hab\u00eda un negocio, encontr\u00e9 otro y mirando me di cuenta que hab\u00eda tres negocios gastron\u00f3micos en la ciudad de Montevideo con estas caracter\u00edsticas. Posteriormente comienzo a manejar las redes sociales, desde el Consulado y me di cuenta que hab\u00eda colombianos en emprendimientos, adicional de eso comenc\u00e9 a relacionarme porque este Consulado, es de puertas abiertas, un gobierno de puertas abiertas. Anteriormente los colombianos sab\u00edan que hab\u00eda una Embajada, cuando llego me doy cuenta que necesito que la gente sepa que hay un C\u00f3nsul, un equipo de trabajo para ellos e iniciamos el trabajo\u201d dijo.<\/span><span data-ccp-props=\"{&quot;134245417&quot;:false}\">\u00a0<\/span><\/p>\n<p><span data-contrast=\"auto\">\u201cAs\u00ed comienzo a estudiar como agruparnos, cada uno est\u00e1 por su lado remando, trato de complacer ejemplo en un evento llamaba a un emprendimiento, para otro evento llamaba a otro, para darle la oportunidad a cada uno, pero me dije que hac\u00eda falta algo m\u00e1s, no estaba contento, entonces dije vamos a inventar la primera Feria de Emprendimientos 2024, me comuniqu\u00e9 con Mario, quien nos acompa\u00f1a hoy, que nos envi\u00f3 folletos para darnos a conocer lo que estaba sucediendo ac\u00e1\u201d agreg\u00f3.<\/span><span data-ccp-props=\"{&quot;134245417&quot;:false}\">\u00a0<\/span><\/p>\n<p><span data-contrast=\"auto\">\u201cEn Colombia estaban terminando de organizar la primer Feria en el departamento de Sucre, en la ciudad de Sinceleve, ese momento estaba cada uno por su lado y lleg\u00f3 el momento de unirnos, fue cuando logran establecer y aterrizan todo, para la primera feria de emprendimientos en Sucre, la m\u00e1s grande organizada, convocando a todos los emprendedores, no solamente gastron\u00f3micos, sino de todos los negocios, que todos los colombianos tienen en Uruguay. Me faltaban los referentes, llamo al Intendente, le digo que quiero que est\u00e9 en este proyecto, faltan detalles pero r\u00e1pidamente es el nacimiento de esto, son dos ideas de diferentes pa\u00edses que se unieron y por eso estamos hoy ac\u00e1\u201d dijo.<\/span><span data-ccp-props=\"{&quot;134245417&quot;:false}\">\u00a0<\/span><\/p>\n<p><span data-contrast=\"auto\">El proyecto sobre el que se trabaja es la Feria del Emprendimiento, uniendo Colombia y Uruguay.<\/span><span data-ccp-props=\"{&quot;134245417&quot;:false}\">\u00a0<\/span><\/p>\n<p><span data-contrast=\"auto\">\u201cFeria del emprendimiento es el objetivo principal que finalmente vi que los colombianos tienen que tener en cuenta, adem\u00e1s de los uruguayos, porque hay un intercambio entre los dos pa\u00edses ac\u00e1. Ya se empez\u00f3 a abrir, est\u00e1n las Intendencias participando que son las oferentes del gobierno, porque para emprender no es f\u00e1cil, necesitan una base, no \u00fanicamente la idea, no \u00fanicamente el sue\u00f1o, se necesita un capital para iniciarse. En eso estamos pensando, est\u00e1 involucrado tambi\u00e9n una Fundaci\u00f3n uruguaya para tiene m\u00e1s de mil emprendedores, se est\u00e1 ampliando para los uruguayos tambi\u00e9n, as\u00ed nace y ahora tenemos la oportunidad de acompa\u00f1ar en este lanzamiento\u201d indic\u00f3.<\/span><span data-ccp-props=\"{&quot;134245417&quot;:false}\">\u00a0<\/span><\/p>\n<p><span data-contrast=\"auto\">\u201cLas Valentinas\u201d tuvieron a cargo la organizaci\u00f3n del primer festival emprendedor en la ciudad de Sincelejo y compartieron sus reflexiones.<\/span><span data-ccp-props=\"{&quot;134245417&quot;:false}\">\u00a0<\/span><\/p>\n<p><span data-contrast=\"auto\">\u201cEstamos realmente felices de estar aqu\u00ed, es un sue\u00f1o cumplido para nosotras, el sue\u00f1o de llevar a nuestra ciudad el Festival m\u00e1s grande de Sucre y esto es otro sue\u00f1o desbloqueado. Nosotras somos Las Valentinas, sucre\u00f1as, nacimos en un departamento peque\u00f1o, pero todo ese deseo de apoyar, de impulsar, de dejar nuestro granito de arena, fue lo que nos motivo a crear Innovafest, el festival m\u00e1s grande de Sucre. Es un honor poder conocer este pa\u00eds, su cultura, puntualmente en Durazno es un placer total para nosotras llevar y traer ese emprendimiento que pudimos lograr realizar en nuestro pa\u00eds, en nuestra ciudad y tra\u00e9rselos a ustedes hoy ac\u00e1. De las personas que est\u00e1n aqu\u00ed, algunos son emprendedores, est\u00e1n involucrados con el emprendimiento, entonces nosotras hoy venimos a mostrarles nuestra experiencia como creadoras y directoras de Innovafest, es el festival m\u00e1s grande de emprendimientos que se realiz\u00f3 en Sucre, con el \u00e1nimo de hacer algo diferente en nuestra ciudad, porque podemos, porque tenemos las capacidades, tenemos las ganas y hay que luchar por los sue\u00f1os, planearlos, organizarlos y tener como todas las ganas para ejecutarlo\u201d dijeron.<\/span><span data-ccp-props=\"{&quot;134245417&quot;:false}\">\u00a0<\/span><\/p>\n<p><span data-contrast=\"auto\">\u201cNo es un camino f\u00e1cil, hay muchos inconvenientes, emprender no es f\u00e1cil y mucha gente no se atreve, se queda, de verdad nosotras somos valientes, todos los que somos emprendedores somos valientes en dar ese paso, los felicito a todos los que emprenden, porque hay muchas piedras en el camino pero despu\u00e9s de tener la idea y comenzarla a ejecutar es un paso muy grande. Todo este sue\u00f1o que se cumpli\u00f3 hace poco, comenz\u00f3 con las ganas de mostrar el talento de esos peque\u00f1os emprendedores que a veces no tienen los recursos, las facilidades de contactos de salir al mundo y decir al mundo lo que tienen. Fue una plataforma para ir, mostrarse, que la gente los conociera, entonces dijimos vamos a proporcionarles esta vitrina para que puedan mostrar sus productos con un valor agregado, con otras zonas y otras \u00e1reas de emprendimiento para toda la familia\u201d dijeron.<\/span><span data-ccp-props=\"{&quot;134245417&quot;:false}\">\u00a0<\/span><\/p>\n<p><span data-contrast=\"auto\">El Festival fue creciendo y lleg\u00f3 a los cien emprendedores, adem\u00e1s de empresarios gastron\u00f3micos unidos en la actividad.<\/span><span data-ccp-props=\"{&quot;134245417&quot;:false}\">\u00a0<\/span><\/p>\n<p><span data-contrast=\"auto\">\u201cNosotros quisimos darle algo diferente, la diferencia entre feria y festival es que feria es algo espec\u00edfico, por lo menos en nuestro departamento se hace la feria de la ganader\u00eda, el cual es solo de ganado, el festival abarca m\u00e1s ambientes, m\u00e1s categor\u00edas. No hicimos feria, hicimos festival, algo grande, lo so\u00f1amos porque pensamos que podemos hacerlo, creamos las diferentes zonas que iban a haber en Innovafest, primero pensamos en los ni\u00f1os, los m\u00e1s peque\u00f1os de la casa, a veces las madres salen y no tienen con quien dejar al ni\u00f1o, por eso quisimos que tuvieran un lugar donde estar, as\u00ed creamos Inkids donde los chicos pod\u00edan estar entretenidos, creamos otra zona de bebidas, alcoh\u00f3licas y no alcoh\u00f3licas, para que se hidrataran, compartieran una cerveza, la zona de restaurantes posicionados, donde ubicamos seis restaurantes grandes de la ciudad para que ofrecieran sus productos, que las personas llegaran un s\u00e1bado y pudieran all\u00ed almorzar, desayunar, cenar. Adicionalmente creamos una zona de relajaci\u00f3n con mesas, sillas, all\u00ed pod\u00edas comprar en el emprendimiento y disfrutar del espacio\u201d dijeron.<\/span><span data-ccp-props=\"{&quot;134245417&quot;:false}\">\u00a0<\/span><\/p>\n<p><span data-contrast=\"auto\">\u201cFue todo un ambiente completo para que las familias vivieran una experiencia diferente durante ese fin de semana, que tambi\u00e9n inclu\u00eda al D\u00eda del Padre. Abrimos y cerramos inscripciones con 100 emprendimientos, es bastante, aparte de los emprendimientos ten\u00edamos los restaurantes posicionados, en todo este camino logramos circular alrededor de 360.000 d\u00f3lares durante los tres d\u00edas del Festival y una asistencia de m\u00e1s de 16.000 personas, otro punto importante es el poder de las comunicaciones, las redes sociales, el alcance que tienen las plataformas para llegar a la gente y tener este impacto, hacer ese llamado a la acci\u00f3n, entonces tuvimos una estrategia de expectativa, cronograma de contenidos de redes sociales para que todas las personas que vieran ese contenido se viesen interesadas en asistir al Festival. Ese fue un factor importante para el \u00e9xito del festival, porque sin promoci\u00f3n del producto no se llega a las personas que quieres\u201d agregaron.<\/span><span data-ccp-props=\"{&quot;134245417&quot;:false}\">\u00a0<\/span><\/p>\n<p><span data-contrast=\"auto\">\u201cLas personas no conoc\u00edan que era Innovafest, era la primera vez que se hac\u00eda, los emprendedores se inscrib\u00edan y ten\u00edamos siempre la duda del resultado, lo importante es que los emprendimientos vendan, por lo tanto se necesita que vaya gente, la soluci\u00f3n para lograr que la gente llegara fue una super gira de medios de la ciudad y de la regi\u00f3n, para promocionar el Festival, con esa expectativa de que iba a ser el m\u00e1s grande de Sucre, poni\u00e9ndole ganas y con la mente positiva. Algo importante en todo este proceso y que nos llena el coraz\u00f3n es que aparte de todo le dimos oportunidad, un estand, un espacio a las mujeres privadas de libertad, que est\u00e1n en Sincelejo en la c\u00e1rcel, ellas obviamente no pod\u00edan salir pero ya ten\u00edan sus emprendimientos dentro de la c\u00e1rcel, mandan a diferentes ferias sus emprendimientos a trav\u00e9s de otras personas y quisimos darles ese espacio a ellas para que no se olviden que existen a pesar de que est\u00e1n encerradas, podemos ayudarlas de alguna manera\u201d dijeron.<\/span><span data-ccp-props=\"{&quot;134245417&quot;:false}\">\u00a0<\/span><\/p>\n<p><span data-contrast=\"auto\">\u201cAdem\u00e1s, tuvimos presentaciones culturales, resaltando el talento de los artesan\u00edas, tuvimos elaboraciones en varias t\u00e9cnicas, fue la oportunidad para todos, empresarios, artesanos, logramos unir estas fuerzas para crear un ambiente muy din\u00e1mico de mover la econom\u00eda. Nos dio resultado de verdad hoy en d\u00eda podemos contarles esta historia con toda la felicidad, en el proceso durante los tres d\u00edas no fue f\u00e1cil, el festival en si ten\u00eda temas log\u00edsticos pendientes, pero los supimos resolver. Siempre le tuvimos miedo a algo, era el clima, no lo pod\u00edamos controlar, en ese caso nos pusimos en manos de Dios, esta \u00e9poca es de fuertes lluvias, pero pudimos salir de muy buena manera, con mente positiva\u201d finalizaron.<\/span><span data-ccp-props=\"{&quot;134245417&quot;:false}\">\u00a0<\/span><\/p>\n","protected":false},"excerpt":{"rendered":"<p>Autoridades departamentales recibieron al C\u00f3nsul de Colombia Luis de la Hoz, que acompa\u00f1ado del grupo emprendedor \u201cLas Valentinas\u201d presentaron lo que fue el primer festival emprendedor en la ciudad de Sincelejo. Se trabaja tambi\u00e9n sobre un proyecto para unir ideas entre emprendedores de Colombia y Uruguay.\u00a0<\/p>\n","protected":false},"author":4,"featured_media":4971,"comment_status":"closed","ping_status":"closed","sticky":false,"template":"","format":"standard","meta":{"footnotes":""},"categories":[5],"tags":[],"class_list":["post-4970","post","type-post","status-publish","format-standard","has-post-thumbnail","hentry","category-durazno"],"_links":{"self":[{"href":"https:\/\/paginacero.com.uy\/index.php?rest_route=\/wp\/v2\/posts\/4970","targetHints":{"allow":["GET"]}}],"collection":[{"href":"https:\/\/paginacero.com.uy\/index.php?rest_route=\/wp\/v2\/posts"}],"about":[{"href":"https:\/\/paginacero.com.uy\/index.php?rest_route=\/wp\/v2\/types\/post"}],"author":[{"embeddable":true,"href":"https:\/\/paginacero.com.uy\/index.php?rest_route=\/wp\/v2\/users\/4"}],"replies":[{"embeddable":true,"href":"https:\/\/paginacero.com.uy\/index.php?rest_route=%2Fwp%2Fv2%2Fcomments&post=4970"}],"version-history":[{"count":1,"href":"https:\/\/paginacero.com.uy\/index.php?rest_route=\/wp\/v2\/posts\/4970\/revisions"}],"predecessor-version":[{"id":4972,"href":"https:\/\/paginacero.com.uy\/index.php?rest_route=\/wp\/v2\/posts\/4970\/revisions\/4972"}],"wp:featuredmedia":[{"embeddable":true,"href":"https:\/\/paginacero.com.uy\/index.php?rest_route=\/wp\/v2\/media\/4971"}],"wp:attachment":[{"href":"https:\/\/paginacero.com.uy\/index.php?rest_route=%2Fwp%2Fv2%2Fmedia&parent=4970"}],"wp:term":[{"taxonomy":"category","embeddable":true,"href":"https:\/\/paginacero.com.uy\/index.php?rest_route=%2Fwp%2Fv2%2Fcategories&post=4970"},{"taxonomy":"post_tag","embeddable":true,"href":"https:\/\/paginacero.com.uy\/index.php?rest_route=%2Fwp%2Fv2%2Ftags&post=4970"}],"curies":[{"name":"wp","href":"https:\/\/api.w.org\/{rel}","templated":true}]}}