{"id":4950,"date":"2024-07-03T12:02:55","date_gmt":"2024-07-03T15:02:55","guid":{"rendered":"https:\/\/paginacero.com.uy\/?p=4950"},"modified":"2024-07-03T12:28:37","modified_gmt":"2024-07-03T15:28:37","slug":"generando-los-cambios-se-viene-la-semana-de-la-innovacion-y-tecnologia","status":"publish","type":"post","link":"https:\/\/paginacero.com.uy\/?p=4950","title":{"rendered":"Generando los cambios: se viene la semana de la Innovaci\u00f3n y Tecnolog\u00eda"},"content":{"rendered":"<p class=\"Standard\"><strong><span lang=\"ES-UY\">Se desarrollar\u00e1 entre el 22 y el 26 de julio en el edificio central de la Direcci\u00f3n General de Educaci\u00f3n T\u00e9cnico Profesional, donde estar\u00e1n presentes destacadas empresas del rubro y organismos del Estado.<\/span><\/strong><!--more--><\/p>\n<p>Una semana dedicada a la innovaci\u00f3n y la tecnolog\u00eda con diferentes exposiciones, stands y charlas; distribuidas en el patio principal, hall de entrada y en las diferentes salas que ofrece el edificio central de UTU, siendo un evento con entrada libre y abierto a todo p\u00fablico.<\/p>\n<p>Se espera la participaci\u00f3n de estudiantes de todo el pa\u00eds donde el objetivo de la expo es ofrecer oportunidades de aprendizaje y formaci\u00f3n a toda nuestra comunidad educativa<\/p>\n<p>Participar\u00e1n Genexus, UTE, Robotec, Ceibal, Antel, la Agencia de Gobierno Electr\u00f3nico y Sociedad de la Informaci\u00f3n y del Conocimiento (Agesic), entre otros.<\/p>\n<p>Con respecto a Genexus, en 1988, Breog\u00e1n Gonda y Nicol\u00e1s Jodal fundaron GeneXus (Artech Consultores en ese momento) y en 1989 lanzaron al mercado GeneXus 1.0, la primera herramienta inteligente para crear y mantener software, autom\u00e1ticamente. Desde 2022 la empresa es parte de la familia Globant (NYSE: GLOB). Aunque siguen siendo una empresa independiente, ahora cuentan con Globant, una empresa de servicios de tecnolog\u00eda nativa digital,\u00a0 como su mayor socio, para ampliar y consolidar el liderazgo global de GeneXus en la innovaci\u00f3n del desarrollo de software.<\/p>\n<p>Buscan ser flexibles e integrar los intereses, objetivos y necesidades de la gente y la empresa. Las bases de su cultura organizacional se afirman en los pilares de respeto y confianza.\u00a0 promueve las diferentes formas de entender y vivir el mundo y las m\u00faltiples experiencias de cada uno, permiten generar m\u00e1s y mejores ideas y soluciones. La diversidad, la tolerancia y el respeto de nuestras diferencias son fundamentales para trabajar exitosamente en proyectos que requieren innovaci\u00f3n constante, acompa\u00f1ando el dinamismo de la realidad es nuestro gran desaf\u00edo. Tenemos que ser curiosos, y accionar en base a esa curiosidad para que resulte en aprendizaje. Transitar este proceso de manera constante, investigar y aprender cosas nuevas, para luego procesar y aplicar lo aprendido en nuestra vida y nuestros proyectos, es un ciclo que no queremos que se detenga nunca.<\/p>\n<p>Otro de los participantes es Robotec, con el lema de la Rob\u00f3tica Educativa que constituye un enfoque novedoso de la ense\u00f1anza, ya utilizado en otras partes del mundo, que estimula la educaci\u00f3n cient\u00edfica desde la infancia, de manera de dotarla de herramientas que le permitan al ni\u00f1o comprender un mundo cada vez m\u00e1s complejo desde el punto de vista tecnol\u00f3gico.<\/p>\n<p>Otro componente de la actividad es la Agencia de Gobierno Electr\u00f3nico y Sociedad de la Informaci\u00f3n y del Conocimiento (AGESIC) tiene la misi\u00f3n de liderar la estrategia de implementaci\u00f3n del Gobierno Electr\u00f3nico del pa\u00eds, como base de un Estado eficiente y centrado en el ciudadano, e impulsar la Sociedad de la Informaci\u00f3n y del Conocimiento como una nueva forma de ciudadan\u00eda, promoviendo la inclusi\u00f3n y la apropiaci\u00f3n a trav\u00e9s del buen uso de las tecnolog\u00edas de la informaci\u00f3n y de las comunicaciones. Asimismo, tambi\u00e9n tiene el rol de coordinaci\u00f3n, gesti\u00f3n y seguimiento del grupo de trabajo encargado del armado del Plan de Acci\u00f3n de Gobierno Abierto a trav\u00e9s de la Divisi\u00f3n de Gobierno Abierto.<\/p>\n<p>Agesic lidera la estrategia de implementaci\u00f3n del Gobierno Electr\u00f3nico del pa\u00eds, como base de un Estado eficiente y centrado en el ciudadano, e impulsar la Sociedad de la Informaci\u00f3n y del Conocimiento como una nueva forma de ciudadan\u00eda, promoviendo la inclusi\u00f3n y la apropiaci\u00f3n a trav\u00e9s del buen uso de las tecnolog\u00edas de la informaci\u00f3n y de las comunicaciones.<\/p>\n<p>Estar\u00e1 presente Ceibal, el centro de innovaci\u00f3n educativa con tecnolog\u00edas digitales del Estado uruguayo, promoviendo la integraci\u00f3n de tecnolog\u00edas digitales a la educaci\u00f3n, con el fin de mejorar los aprendizajes e impulsar procesos de innovaci\u00f3n, inclusi\u00f3n y crecimiento personal.<\/p>\n<p>&nbsp;<\/p>\n<p>&nbsp;<\/p>\n","protected":false},"excerpt":{"rendered":"<p>Se desarrollar\u00e1 entre el 22 y el 26 de julio en el edificio central de la Direcci\u00f3n General de Educaci\u00f3n T\u00e9cnico Profesional, donde estar\u00e1n presentes destacadas empresas del rubro y organismos del Estado.<\/p>\n","protected":false},"author":4,"featured_media":4951,"comment_status":"closed","ping_status":"closed","sticky":false,"template":"","format":"standard","meta":{"footnotes":""},"categories":[5],"tags":[],"class_list":["post-4950","post","type-post","status-publish","format-standard","has-post-thumbnail","hentry","category-durazno"],"_links":{"self":[{"href":"https:\/\/paginacero.com.uy\/index.php?rest_route=\/wp\/v2\/posts\/4950","targetHints":{"allow":["GET"]}}],"collection":[{"href":"https:\/\/paginacero.com.uy\/index.php?rest_route=\/wp\/v2\/posts"}],"about":[{"href":"https:\/\/paginacero.com.uy\/index.php?rest_route=\/wp\/v2\/types\/post"}],"author":[{"embeddable":true,"href":"https:\/\/paginacero.com.uy\/index.php?rest_route=\/wp\/v2\/users\/4"}],"replies":[{"embeddable":true,"href":"https:\/\/paginacero.com.uy\/index.php?rest_route=%2Fwp%2Fv2%2Fcomments&post=4950"}],"version-history":[{"count":1,"href":"https:\/\/paginacero.com.uy\/index.php?rest_route=\/wp\/v2\/posts\/4950\/revisions"}],"predecessor-version":[{"id":4952,"href":"https:\/\/paginacero.com.uy\/index.php?rest_route=\/wp\/v2\/posts\/4950\/revisions\/4952"}],"wp:featuredmedia":[{"embeddable":true,"href":"https:\/\/paginacero.com.uy\/index.php?rest_route=\/wp\/v2\/media\/4951"}],"wp:attachment":[{"href":"https:\/\/paginacero.com.uy\/index.php?rest_route=%2Fwp%2Fv2%2Fmedia&parent=4950"}],"wp:term":[{"taxonomy":"category","embeddable":true,"href":"https:\/\/paginacero.com.uy\/index.php?rest_route=%2Fwp%2Fv2%2Fcategories&post=4950"},{"taxonomy":"post_tag","embeddable":true,"href":"https:\/\/paginacero.com.uy\/index.php?rest_route=%2Fwp%2Fv2%2Ftags&post=4950"}],"curies":[{"name":"wp","href":"https:\/\/api.w.org\/{rel}","templated":true}]}}