{"id":4947,"date":"2024-07-03T11:49:54","date_gmt":"2024-07-03T14:49:54","guid":{"rendered":"https:\/\/paginacero.com.uy\/?p=4947"},"modified":"2024-07-03T11:49:54","modified_gmt":"2024-07-03T14:49:54","slug":"recorrido-del-parque-de-la-hispanidad-en-bicicleta","status":"publish","type":"post","link":"https:\/\/paginacero.com.uy\/?p=4947","title":{"rendered":"Recorrido del Parque de la Hispanidad en bicicleta"},"content":{"rendered":"<div dir=\"auto\"><strong>La Intendencia de Durazno, a trav\u00e9s de la Divisi\u00f3n Turismo, habilit\u00f3 desde hoy para personas que visitan la ciudad, bicicletas en las que se podr\u00e1 realizar de forma gratuita un recorrido sugerido por el Parque de la Hispanidad.<\/strong><\/div>\n<p><!--more--><\/p>\n<div dir=\"auto\">\n<div dir=\"auto\">Las unidades est\u00e1n a disposici\u00f3n (debi\u00e9ndose cumplir requisitos establecidos) en el local de Turismo de la IDD en ruta 5 al lado del Bioparque, previ\u00e9ndose para los pr\u00f3ximos d\u00edas otras novedades que se sumar\u00e1n al programa, como la habilitaci\u00f3n de c\u00f3digos QR con \u00abaudio gu\u00eda\u00bb que explicar\u00e1 los lugares que se recorren y posteriormente la posibilidad de expandir el circuito a otros lugares, indic\u00f3 Andr\u00e9s Viana, Coordinador de Turismo de la IDD.<\/div>\n<div dir=\"auto\"><\/div>\n<p>La propuesta \u201cDurazno en Bici\u201d que tiene inicio hoy con el apoyo del Destino Centro sur, continuar\u00e1 enmarcada en un \u00a0programa conjunto entre la UTEC y la IDD.<\/p><\/div>\n<div dir=\"auto\"><\/div>\n","protected":false},"excerpt":{"rendered":"<p>La Intendencia de Durazno, a trav\u00e9s de la Divisi\u00f3n Turismo, habilit\u00f3 desde hoy para personas que visitan la ciudad, bicicletas en las que se podr\u00e1 realizar de forma gratuita un recorrido sugerido por el Parque de la Hispanidad.<\/p>\n","protected":false},"author":4,"featured_media":4948,"comment_status":"closed","ping_status":"closed","sticky":false,"template":"","format":"standard","meta":{"footnotes":""},"categories":[5],"tags":[],"class_list":["post-4947","post","type-post","status-publish","format-standard","has-post-thumbnail","hentry","category-durazno"],"_links":{"self":[{"href":"https:\/\/paginacero.com.uy\/index.php?rest_route=\/wp\/v2\/posts\/4947","targetHints":{"allow":["GET"]}}],"collection":[{"href":"https:\/\/paginacero.com.uy\/index.php?rest_route=\/wp\/v2\/posts"}],"about":[{"href":"https:\/\/paginacero.com.uy\/index.php?rest_route=\/wp\/v2\/types\/post"}],"author":[{"embeddable":true,"href":"https:\/\/paginacero.com.uy\/index.php?rest_route=\/wp\/v2\/users\/4"}],"replies":[{"embeddable":true,"href":"https:\/\/paginacero.com.uy\/index.php?rest_route=%2Fwp%2Fv2%2Fcomments&post=4947"}],"version-history":[{"count":1,"href":"https:\/\/paginacero.com.uy\/index.php?rest_route=\/wp\/v2\/posts\/4947\/revisions"}],"predecessor-version":[{"id":4949,"href":"https:\/\/paginacero.com.uy\/index.php?rest_route=\/wp\/v2\/posts\/4947\/revisions\/4949"}],"wp:featuredmedia":[{"embeddable":true,"href":"https:\/\/paginacero.com.uy\/index.php?rest_route=\/wp\/v2\/media\/4948"}],"wp:attachment":[{"href":"https:\/\/paginacero.com.uy\/index.php?rest_route=%2Fwp%2Fv2%2Fmedia&parent=4947"}],"wp:term":[{"taxonomy":"category","embeddable":true,"href":"https:\/\/paginacero.com.uy\/index.php?rest_route=%2Fwp%2Fv2%2Fcategories&post=4947"},{"taxonomy":"post_tag","embeddable":true,"href":"https:\/\/paginacero.com.uy\/index.php?rest_route=%2Fwp%2Fv2%2Ftags&post=4947"}],"curies":[{"name":"wp","href":"https:\/\/api.w.org\/{rel}","templated":true}]}}