{"id":4934,"date":"2024-07-02T11:18:00","date_gmt":"2024-07-02T14:18:00","guid":{"rendered":"https:\/\/paginacero.com.uy\/?p=4934"},"modified":"2024-07-02T11:18:00","modified_gmt":"2024-07-02T14:18:00","slug":"este-mes-el-pequeno-teatro-realizara-remodelacion-de-su-sala-contando-con-mas-butacas","status":"publish","type":"post","link":"https:\/\/paginacero.com.uy\/?p=4934","title":{"rendered":"Este mes el Peque\u00f1o Teatro realizar\u00e1 remodelaci\u00f3n de su sala contando con m\u00e1s butacas"},"content":{"rendered":"<p class=\"Standard\"><strong><span lang=\"ES-UY\">Este mes, la programaci\u00f3n de las actividades se va a ver afectada dado que en los primeros d\u00edas de julio est\u00e1 prevista la tan anhelada instalaci\u00f3n de la totalidad de las butacas de la platea baja de la sala. A partir de un Convenio para el Financiamiento de Proyectos de Fondos para el Desarrollo de Infraestructuras Culturales firmado con el Ministerio de Educaci\u00f3n y Cultura, se va a renovar la totalidad de las butacas de la platea baja de nuestra sala.<\/span><\/strong><!--more--><\/p>\n<p>Las actividades previstas estar\u00e1n realiz\u00e1ndose de todas formas en la instituci\u00f3n.<\/p>\n<p>El s\u00e1bado 27, 15:30 hs. \u201cJuego de piratas\u201d de Daniel Salomone, a cargo de la Compa\u00f1\u00eda Teatral Aventura de Montevideo. Cuenta la historia de tres locos capitanes reclutan a su tripulaci\u00f3n de ni\u00f1os-piratas para buscar el gran tesoro perdido.<\/p>\n<p>Los participantes deber\u00e1n vencer obst\u00e1culos, recorrer las habitaciones de un castillo encantado y divertirse much\u00edsimo. Es una propuesta de teatro interactivo, juegos y canciones para grandes y chicos, con un elenco integrado por Fabian Bragunde, Pablo Ferrer\u00eda y Patricia Vinik, direcci\u00f3n: Daniel Salomone. Las entradas generales cuestan $ 300 y los socios del Peque\u00f1o Teatro $250.<\/p>\n<p>El s\u00e1bado 27, 20:00 hs. \u201cNoches de miedo, noches de Edgar Allan Poe\u201d de Daniel Salomone \/ \u00c1lvaro Loureiro \/ Fabi\u00e1n Chicho Silva y Dino Armas sobre textos de Edgar Allan Poe a cargo de la compa\u00f1\u00eda Teatral Aventura de Montevideo.<\/p>\n<p>Un lugar donde la oscuridad palpita en cada rinc\u00f3n resulta el sitio perfecto para vibrar los cuentos del autor m\u00e1s macabro de todos los tiempos. Las historias extraordinarias de Edgar Allan Poe se hacen presentes a trav\u00e9s de una secuencia desgarradora donde se alterna su vida desquiciada y varios de sus textos m\u00e1s brillantes.<\/p>\n<p>Es una obra apta para mayores de 15 a\u00f1os, con un elenco integrado por\u00a0 Marcelo Borrat, Lily Dos Santos, Mar\u00eda In\u00e9s Caramelli, Pablo Ferrer\u00eda y Daniel Salomone y la direcci\u00f3n: \u00c1lvaro Laureiro<\/p>\n<p>Entradas generales: $300, socios del Peque\u00f1o Teatro: $250.<\/p>\n<p>El domingo 28, 16:30 hs. \u201cPax in Lucem\u201d, Uruguay \u2013 2024, una propuesta de cine conmemorando el 150 aniversario de un uruguayo ilustre: Joaqu\u00edn Torres Garc\u00eda se realiza un estreno en simult\u00e1neo a nivel nacional con el objetivo de democratizar el acceso a la cultura y al conocimiento art\u00edstico.<\/p>\n<p>En ese sentido, el Peque\u00f1o Teatro de Durazno y la Usina Cultural Durazno (DNC-MEC) se suman a dicha actividad, proyectando el film \u201cPax in Lucem\u201d en el marco del ciclo Peque\u00f1o Cine. El hallazgo de tres grandes fragmentos del mural, una de las obras ic\u00f3nicas del pintor Torres Garc\u00eda perdida en el incendio del Museo de Arte Moderno de R\u00edo de Janeiro en 1978, dispara en su bisnieto Alejandro, un viaje hacia la fant\u00e1stica vida del artista y su b\u00fasqueda de un Arte Universal.<\/p>\n<p>En la madrugada del 8 de julio de 1978 un incendio destruy\u00f3 el Museo de Arte Moderno de Rio de Janeiro, reduciendo a cenizas su valioso acervo. Sesenta y cuatro pinturas de Joaqu\u00edn Torres Garc\u00eda y siete murales constructivos pintados por el taller en el hospital Saint Bois, que integraban la exposici\u00f3n Geometr\u00eda sensible, fueron destruidos en el fat\u00eddico incendio. Entre los murales se encontraba \u00abPax in lucem\u00bb, uno de los pocos murales pintados por Joaqu\u00edn Torres Garc\u00eda. En \u00abPax in lucem\u00bb (2018), cada plano de la caja de escaleras es pintado al \u00f3leo con los cinco colores extra\u00eddos del propio mural, fabricados especialmente por Luis Infantozzi con la misma f\u00f3rmula utilizada entonces por el Taller Torres Garc\u00eda. La luz cenital que ingresa por la recuperada claraboya, y el perfume del aceite de lino, invitan y conducen al espectador hacia el nivel superior del museo.<\/p>\n<p>Direcci\u00f3n: Emiliano Mazza De Luca. G\u00e9nero: Documental de creaci\u00f3n. Entrada libre y gatuita.<\/p>\n","protected":false},"excerpt":{"rendered":"<p>Este mes, la programaci\u00f3n de las actividades se va a ver afectada dado que en los primeros d\u00edas de julio est\u00e1 prevista la tan anhelada instalaci\u00f3n de la totalidad de las butacas de la platea baja de la sala. A partir de un Convenio para el Financiamiento de Proyectos de Fondos para el Desarrollo de [&hellip;]<\/p>\n","protected":false},"author":4,"featured_media":4935,"comment_status":"closed","ping_status":"closed","sticky":false,"template":"","format":"standard","meta":{"footnotes":""},"categories":[5],"tags":[],"class_list":["post-4934","post","type-post","status-publish","format-standard","has-post-thumbnail","hentry","category-durazno"],"_links":{"self":[{"href":"https:\/\/paginacero.com.uy\/index.php?rest_route=\/wp\/v2\/posts\/4934","targetHints":{"allow":["GET"]}}],"collection":[{"href":"https:\/\/paginacero.com.uy\/index.php?rest_route=\/wp\/v2\/posts"}],"about":[{"href":"https:\/\/paginacero.com.uy\/index.php?rest_route=\/wp\/v2\/types\/post"}],"author":[{"embeddable":true,"href":"https:\/\/paginacero.com.uy\/index.php?rest_route=\/wp\/v2\/users\/4"}],"replies":[{"embeddable":true,"href":"https:\/\/paginacero.com.uy\/index.php?rest_route=%2Fwp%2Fv2%2Fcomments&post=4934"}],"version-history":[{"count":1,"href":"https:\/\/paginacero.com.uy\/index.php?rest_route=\/wp\/v2\/posts\/4934\/revisions"}],"predecessor-version":[{"id":4936,"href":"https:\/\/paginacero.com.uy\/index.php?rest_route=\/wp\/v2\/posts\/4934\/revisions\/4936"}],"wp:featuredmedia":[{"embeddable":true,"href":"https:\/\/paginacero.com.uy\/index.php?rest_route=\/wp\/v2\/media\/4935"}],"wp:attachment":[{"href":"https:\/\/paginacero.com.uy\/index.php?rest_route=%2Fwp%2Fv2%2Fmedia&parent=4934"}],"wp:term":[{"taxonomy":"category","embeddable":true,"href":"https:\/\/paginacero.com.uy\/index.php?rest_route=%2Fwp%2Fv2%2Fcategories&post=4934"},{"taxonomy":"post_tag","embeddable":true,"href":"https:\/\/paginacero.com.uy\/index.php?rest_route=%2Fwp%2Fv2%2Ftags&post=4934"}],"curies":[{"name":"wp","href":"https:\/\/api.w.org\/{rel}","templated":true}]}}