{"id":4925,"date":"2024-06-28T11:29:39","date_gmt":"2024-06-28T14:29:39","guid":{"rendered":"https:\/\/paginacero.com.uy\/?p=4925"},"modified":"2024-06-28T11:29:39","modified_gmt":"2024-06-28T14:29:39","slug":"se-lanzo-la-cuarta-edicion-del-concurso-habilidades-juveniles","status":"publish","type":"post","link":"https:\/\/paginacero.com.uy\/?p=4925","title":{"rendered":"Se lanz\u00f3 la cuarta edici\u00f3n del concurso Habilidades Juveniles"},"content":{"rendered":"<p><strong>Para participar los estudiantes de todo el pa\u00eds deber\u00e1n presentar propuestas orientadas a la creaci\u00f3n de soluciones sustentables y sostenibles para la comunidad.<\/strong><!--more--><\/p>\n<p>El acto se realiz\u00f3 este mi\u00e9rcoles. El director general de UTU, Juan Pereyra, manifest\u00f3 su alegr\u00eda por la cantidad de pasos y logros alcanzados en el transcurso del \u00faltimo mes que, adem\u00e1s de las inauguraciones, eventos y participaciones de los alumnos de la instituci\u00f3n, incluyen a este lanzamiento.<\/p>\n<p>Dirigi\u00e9ndose a la comunidad educativa, expres\u00f3: \u201cestamos felices, esto es gracias a todos aquellos que forman parte de este sentimiento UTU\u201d y recalc\u00f3 \u201csigamos adelante\u201d.<\/p>\n<p>El concurso de Habilidades Juveniles tiene el objetivo de generar y fomentar en el alumno la capacidad de identificar las problem\u00e1ticas en su comunidad y as\u00ed dise\u00f1ar, generar y proponer proyectos innovadores a partir de una mirada diferente.<\/p>\n<p>De igual forma, la subdirectora general de UTU, Laura Otamendi, se refiri\u00f3 al despu\u00e9s de estas soluciones y a la alegr\u00eda que siente cuando \u201crecorriendo los centros educativos, se ve que en algunos casos estos proyectos son la realidad\u201d.<\/p>\n<p>El concurso se apoya en la declaraci\u00f3n de las Naciones Unidas de la celebraci\u00f3n del d\u00eda de las habilidades juveniles, donde en esta cuarta edici\u00f3n UNICEF mostr\u00f3 inter\u00e9s en mantener un contacto con la idea propuesta por UTU.<\/p>\n<p>Otamendi tambi\u00e9n recalc\u00f3 la importancia de los alumnos y su participaci\u00f3n en este tipo de convocatorias y aleg\u00f3 el trabajo de sus profesores: \u201cdetr\u00e1s de esos estudiantes siempre hay docentes que se ponen la camiseta, los acompa\u00f1an, los apoyan y los orientan\u00bb.<\/p>\n<p>Estuvieron presentes en el lanzamiento la directora t\u00e9cnica de Gesti\u00f3n Acad\u00e9mica, Laura Bianchi, el director del Programa de Educaci\u00f3n Media, Julio Rodr\u00edguez y autoridades de la instituci\u00f3n.<\/p>\n<p>El plazo de inscripci\u00f3n es desde el mi\u00e9rcoles 26 de junio al lunes 12 de agosto, para la postulaci\u00f3n se deber\u00e1 confeccionar un video de hasta sesenta segundos donde se presente la soluci\u00f3n dise\u00f1ada y enviarlo al siguiente correo: concursohabilidadesjuveniles@utu.edu.uy<\/p>\n<p>En 2014 la Asamblea General de las Naciones Unidas declar\u00f3 el 15 de julio como el D\u00eda Mundial de las Habilidades de la Juventud, para celebrar la importancia estrat\u00e9gica de dotar a los j\u00f3venes de aptitudes para el empleo, el trabajo decente y el emprendimiento. Desde entonces, se trabaja para facilitar las oportunidades y con ellas hacer que los j\u00f3venes expresen su sentir y, a la vez, propiciar la vinculaci\u00f3n entre ellos y las instituciones educativas de formaci\u00f3n t\u00e9cnica y profesional.<\/p>\n<p>Este a\u00f1o, con el objetivo de conmemorar un nuevo d\u00eda de las Habilidades Juveniles, desde la Direcci\u00f3n General de Educaci\u00f3n T\u00e9cnico Profesional (DGETP) se reafirma a trav\u00e9s de la 4ta edici\u00f3n de este concurso visualizar las oportunidades de mejora que los estudiantes han desarrollado en su ambiente. Por este motivo, se encuentra interesante la necesidad de poner en pr\u00e1ctica todas las habilidades adquiridas durante su tr\u00e1nsito educativo, con el objetivo de contribuir en soluciones innovadoras que aporten valor a la sociedad en su conjunto.<\/p>\n<p>Este concurso, tiene como poblaci\u00f3n objetivo a los estudiantes de Bachillerato donde el hacer los orienta a una formaci\u00f3n vinculada a una especialidad profesional o disciplina de la Ciencia y Tecnolog\u00eda relacionada al Sector Productivo. Est\u00e1n habilitados a participar estudiantes de todos los grupos de EMT, EMP, BP, BF, FINEST, BT y BTP. Este a\u00f1o en particular, se incorporan dos nuevos aspectos a incluir en las propuestas presentadas por los estudiantes concursantes: trabajar enfoc\u00e1ndose en la tem\u00e1tica de Sustentabilidad y Sostenibilidad; incluir la mirada territorial a trav\u00e9s de instancias de presentaci\u00f3n de propuestas por regi\u00f3n.<\/p>\n<p>El objetivo es generar una soluci\u00f3n innovadora que aporte valor a la comunidad y permita a los estudiantes de Educaci\u00f3n Media Superior de la DGETP visualizar de forma cr\u00edtica todas las habilidades juveniles que ponen en juego con tal fin, mediante la investigaci\u00f3n y la aplicaci\u00f3n del pensamiento cr\u00edtico.<\/p>\n","protected":false},"excerpt":{"rendered":"<p>Para participar los estudiantes de todo el pa\u00eds deber\u00e1n presentar propuestas orientadas a la creaci\u00f3n de soluciones sustentables y sostenibles para la comunidad.<\/p>\n","protected":false},"author":4,"featured_media":4926,"comment_status":"closed","ping_status":"closed","sticky":false,"template":"","format":"standard","meta":{"footnotes":""},"categories":[5],"tags":[],"class_list":["post-4925","post","type-post","status-publish","format-standard","has-post-thumbnail","hentry","category-durazno"],"_links":{"self":[{"href":"https:\/\/paginacero.com.uy\/index.php?rest_route=\/wp\/v2\/posts\/4925","targetHints":{"allow":["GET"]}}],"collection":[{"href":"https:\/\/paginacero.com.uy\/index.php?rest_route=\/wp\/v2\/posts"}],"about":[{"href":"https:\/\/paginacero.com.uy\/index.php?rest_route=\/wp\/v2\/types\/post"}],"author":[{"embeddable":true,"href":"https:\/\/paginacero.com.uy\/index.php?rest_route=\/wp\/v2\/users\/4"}],"replies":[{"embeddable":true,"href":"https:\/\/paginacero.com.uy\/index.php?rest_route=%2Fwp%2Fv2%2Fcomments&post=4925"}],"version-history":[{"count":1,"href":"https:\/\/paginacero.com.uy\/index.php?rest_route=\/wp\/v2\/posts\/4925\/revisions"}],"predecessor-version":[{"id":4927,"href":"https:\/\/paginacero.com.uy\/index.php?rest_route=\/wp\/v2\/posts\/4925\/revisions\/4927"}],"wp:featuredmedia":[{"embeddable":true,"href":"https:\/\/paginacero.com.uy\/index.php?rest_route=\/wp\/v2\/media\/4926"}],"wp:attachment":[{"href":"https:\/\/paginacero.com.uy\/index.php?rest_route=%2Fwp%2Fv2%2Fmedia&parent=4925"}],"wp:term":[{"taxonomy":"category","embeddable":true,"href":"https:\/\/paginacero.com.uy\/index.php?rest_route=%2Fwp%2Fv2%2Fcategories&post=4925"},{"taxonomy":"post_tag","embeddable":true,"href":"https:\/\/paginacero.com.uy\/index.php?rest_route=%2Fwp%2Fv2%2Ftags&post=4925"}],"curies":[{"name":"wp","href":"https:\/\/api.w.org\/{rel}","templated":true}]}}