{"id":4916,"date":"2024-06-28T11:22:21","date_gmt":"2024-06-28T14:22:21","guid":{"rendered":"https:\/\/paginacero.com.uy\/?p=4916"},"modified":"2024-06-28T11:22:21","modified_gmt":"2024-06-28T14:22:21","slug":"grupo-sendero-de-baygorria-apoya-la-integracion-con-actividades","status":"publish","type":"post","link":"https:\/\/paginacero.com.uy\/?p=4916","title":{"rendered":"\u201cGrupo Sendero de Baygorria apoya la integraci\u00f3n con actividades\u201d"},"content":{"rendered":"<p><strong>El grupo est\u00e1 dirigido al nucleamiento de adultos mayores y est\u00e1 funcionando desde hace tiempo en la zona, convocando para diferentes actividades y propuestas.<\/strong><!--more--><\/p>\n<p>Daiana Lazo del grupo Sendero de Baygorria manifest\u00f3 que \u201cel grupo de adultos mayores Sendero de la Represa de la localidad de Baygorria est\u00e1 integrado por 26 personas de dicha localidad, a ochenta kil\u00f3metros de Durazno y cuarenta kil\u00f3metros de Carlos Reyles, setenta de Paso de los Toros, estamos un poco alejados\u201d.<\/p>\n<p>\u201cLa iniciativa para que form\u00e1ramos el mismo fue de parte del grupo Rosedal de Carlos Reyles que nos invitaron a participar con ellos pero vimos el entusiasmo y formamos el nuestro. En mayo de 2023 comenzamos en un peque\u00f1o local que nos cedi\u00f3 el club y a fines de octubre logramos obtener una casa de UTE en comodato\u201d agreg\u00f3.<\/p>\n<p>La propuesta es fundamentalmente para fortalecer los v\u00ednculos entre los integrantes del grupo y tambi\u00e9n con la comunidad.<\/p>\n<p>\u201cEl objetivo de las diferentes actividades es fortalecer los v\u00ednculos que tenemos entre todos en esta etapa tan importante de nuestra vida, disfrutar de nuestro lugar que aunque es chico lo sentimos muy nuestro, porque son nuestra ra\u00edz y criamos a nuestros hijos. Confraternizar con el resto del departamento al cual pertenec\u00edamos solo geogr\u00e1ficamente, hasta que hace unos d\u00edas recibimos la feliz noticia de que se present\u00f3 un proyecto de Ley de que esa localidad se llame Pueblo Baygorria y sea duraznense\u201d indic\u00f3.<\/p>\n<p>\u201cLas actividades que realizamos no son muchas, pero no dejan de ser importantes. Acondicionamos entre todos el lugar, estamos colaborando con la pintura de tanques para la clasificaci\u00f3n y reciclaje de residuos en distintos puntos de la ciudad, realizamos reuniones de camarader\u00eda, con juegos de cartas, de mesa, festejamos cumplea\u00f1os y d\u00edas especiales, recolectamos ropa, calzado, juguetes, que enviamos a los damnificados por las inundaciones\u201d agreg\u00f3.<\/p>\n<p>\u201cNos abocamos a la tarea de un ropero solidario en nuestro local para tener ropa y calzado clasificado para tener en caso de emergencia. Planteamos la necesidad de talleres que despierten el inter\u00e9s de nuestros integrantes, solicitamos apoyo a quien corresponda para que se gestionen esto y para el 16 de noviembre, ba\u00f1os qu\u00edmicos y la m\u00fasica correspondiente para festejar nuestro primer aniversario\u201d dijo.<\/p>\n<p>\u201cAgradecemos la oportunidad que nos han blindado y queremos que este documento pase al Ejecutivo departamental\u201d finaliz\u00f3.<\/p>\n","protected":false},"excerpt":{"rendered":"<p>El grupo est\u00e1 dirigido al nucleamiento de adultos mayores y est\u00e1 funcionando desde hace tiempo en la zona, convocando para diferentes actividades y propuestas.<\/p>\n","protected":false},"author":4,"featured_media":4917,"comment_status":"closed","ping_status":"closed","sticky":false,"template":"","format":"standard","meta":{"footnotes":""},"categories":[5],"tags":[],"class_list":["post-4916","post","type-post","status-publish","format-standard","has-post-thumbnail","hentry","category-durazno"],"_links":{"self":[{"href":"https:\/\/paginacero.com.uy\/index.php?rest_route=\/wp\/v2\/posts\/4916","targetHints":{"allow":["GET"]}}],"collection":[{"href":"https:\/\/paginacero.com.uy\/index.php?rest_route=\/wp\/v2\/posts"}],"about":[{"href":"https:\/\/paginacero.com.uy\/index.php?rest_route=\/wp\/v2\/types\/post"}],"author":[{"embeddable":true,"href":"https:\/\/paginacero.com.uy\/index.php?rest_route=\/wp\/v2\/users\/4"}],"replies":[{"embeddable":true,"href":"https:\/\/paginacero.com.uy\/index.php?rest_route=%2Fwp%2Fv2%2Fcomments&post=4916"}],"version-history":[{"count":1,"href":"https:\/\/paginacero.com.uy\/index.php?rest_route=\/wp\/v2\/posts\/4916\/revisions"}],"predecessor-version":[{"id":4918,"href":"https:\/\/paginacero.com.uy\/index.php?rest_route=\/wp\/v2\/posts\/4916\/revisions\/4918"}],"wp:featuredmedia":[{"embeddable":true,"href":"https:\/\/paginacero.com.uy\/index.php?rest_route=\/wp\/v2\/media\/4917"}],"wp:attachment":[{"href":"https:\/\/paginacero.com.uy\/index.php?rest_route=%2Fwp%2Fv2%2Fmedia&parent=4916"}],"wp:term":[{"taxonomy":"category","embeddable":true,"href":"https:\/\/paginacero.com.uy\/index.php?rest_route=%2Fwp%2Fv2%2Fcategories&post=4916"},{"taxonomy":"post_tag","embeddable":true,"href":"https:\/\/paginacero.com.uy\/index.php?rest_route=%2Fwp%2Fv2%2Ftags&post=4916"}],"curies":[{"name":"wp","href":"https:\/\/api.w.org\/{rel}","templated":true}]}}