{"id":4913,"date":"2024-06-28T11:20:18","date_gmt":"2024-06-28T14:20:18","guid":{"rendered":"https:\/\/paginacero.com.uy\/?p=4913"},"modified":"2024-06-28T11:20:18","modified_gmt":"2024-06-28T14:20:18","slug":"las-politicas-para-adultos-mayores-apuntan-hacia-la-tecnologia-y-la-identidad-cultural","status":"publish","type":"post","link":"https:\/\/paginacero.com.uy\/?p=4913","title":{"rendered":"\u201cLas pol\u00edticas para adultos mayores apuntan hacia la tecnolog\u00eda y la identidad cultural\u201d"},"content":{"rendered":"<p><strong>Ibirapit\u00e1 Jonas Grizutti, del Plan Ibirapit\u00e1 que tiene como objetivo la inclusi\u00f3n digital indic\u00f3 que \u201cen su noveno a\u00f1o, Programa Ibirapit\u00e1 sigue trabajando en la inclusi\u00f3n digital, la integraci\u00f3n social y la participaci\u00f3n comunitaria de las personas mayores.<\/strong><!--more--><\/p>\n<p>Para ello, hace foco en contribuir a la construcci\u00f3n de vejeces activas y saludables, en donde se promueva el acceso a la cultura, la educaci\u00f3n, la ciudadan\u00eda digital, el ocio y la recreaci\u00f3n como forma de integrar las TIC a la vida cotidiana\u201d indic\u00f3.<\/p>\n<p>\u201cEs bueno ver este tipo de actividades, donde pudimos realizar algunos talleres y adem\u00e1s, vimos el crecimiento de la participaci\u00f3n de adultos mayores varones, algo que antes no se daba\u201d agreg\u00f3.<\/p>\n<p>Con este objetivo es que surgen diferentes propuestas que el programa ofrece durante todo el a\u00f1o abriendo sus puertas a espacios y talleres para que todas las personas mayores de 60 a\u00f1os puedan mejorar sus habilidades digitales, aprender sobre diversas tem\u00e1ticas, informarse, conocer y compartir.<\/p>\n<p>Tambi\u00e9n a trav\u00e9s de la nueva aplicaci\u00f3n, se puede acceder a la Comunidad Ibirapit\u00e1 y disfrutar de sus contenidos virtuales, informaci\u00f3n, beneficios y servicios del BPS de una forma r\u00e1pida y sencilla. Esta plataforma busca ser un entorno digital amigable con las personas mayores, as\u00ed como un espacio de interacci\u00f3n y aprendizaje. De esta forma, la aplicaci\u00f3n pretende ser una herramienta que contribuya a acompa\u00f1ar el proceso de inclusi\u00f3n digital y social, aspecto clave en el derecho a envejecer con dignidad.<\/p>\n<p>La aplicaci\u00f3n se encuentra disponible para descargar desde dispositivos m\u00f3viles con sistema operativo Android e IOS.<\/p>\n<p>Por otra parte, algunos de los beneficios para quienes perciban la Pensi\u00f3n por vejez (Ley 20.130) tambi\u00e9n podr\u00e1n acceder al celular y Plan M\u00f3vil otorgados por Antel. Los requisitos son: ser mayor de 65 a\u00f1os, estar jubilado\/a o recibir la Pensi\u00f3n Vejez, residir en Uruguay, cobrar hasta $ 30.885. Estos beneficios solo le corresponden a aquellas personas que a\u00fan no hayan recibido un dispositivo Ibirapit\u00e1, tablet o celular. Para realizar consultas o contactarse con el programa, llamar al 0800 1764 o escribir un mail a ibirapita@bps.gub.uy<\/p>\n<p>Tambi\u00e9n est\u00e1 en plena marcha la convocatoria 2024 a participar del proyecto \u00abTecnolog\u00eda + Identidad cultural: personas mayores embajadoras de la memoria\u00bb. La iniciativa surge en 2023, en el marco de un trabajo colaborativo entre el Programa Ibirapit\u00e1, la Agencia Conectividad C\u00f3rdoba y la Defensor\u00eda del Pueblo de Santa F\u00e9, pol\u00edticas p\u00fablicas que trabajan para promover la inclusi\u00f3n digital y social en diferentes comunidades. En su segundo a\u00f1o, el proyecto pretende rescatar la memoria particular de cada localidad, al tiempo que fomenta las habilidades digitales de las personas mayores.<\/p>\n<p>Este proyecto est\u00e1 orientada a referentes territoriales de espacios con participaci\u00f3n de personas mayores, que quieran llevar adelante el proyecto. En una primera instancia, los referentes recibir\u00e1n capacitaciones y, posteriormente, trabajar\u00e1n con su grupo en las distintas etapas del proyecto.<\/p>\n<p>Tambi\u00e9n por parte de Ibirapit\u00e1 se present\u00f3 la nueva Estrategia de Ciudadan\u00eda Digital que regir\u00e1 en Uruguay desde 2024 a 2028 En la presentaci\u00f3n se destac\u00f3 la importancia de que m\u00faltiples organizaciones puedan colaborar en pos de un objetivo com\u00fan, resaltando la experiencia de Uruguay y su impacto a nivel regional. Asimismo, hacen hincapi\u00e9 en la evoluci\u00f3n del Grupo de Trabajo desde 2019, mencionando los hitos alcanzados y c\u00f3mo cada uno ha redefinido las l\u00edneas de trabajo necesarias para fomentar la ciudadan\u00eda en entornos digitales.<\/p>\n<p>Esta nueva Estrategia es posible debido a la madurez que el ecosistema de la transformaci\u00f3n digital tiene en Uruguay y la trayectoria de las distintas pol\u00edticas p\u00fablicas en las que el trabajo colaborativo entre instituciones es fundamental.<\/p>\n<p>Se resalt\u00f3 la importancia de que estados desarrollen pol\u00edticas de ciudadan\u00eda que faciliten a las personas el ejercicio de los derechos y el entendimiento de las responsabilidades en el entorno digital. Agreg\u00f3 que el desaf\u00edo radica en abordar esta realidad de forma global, sin fronteras, y enfatiz\u00f3 la necesidad de enfrentar temas como la desinformaci\u00f3n, las noticias falsas, la exposici\u00f3n a contenidos violentos, la violencia de g\u00e9nero y la autorregulaci\u00f3n, entre otros temas clave.<\/p>\n<p>La Estrategia fue elaborada por el Grupo de Trabajo de Ciudadan\u00eda Digital (GTCD), que Programa Ibirapit\u00e1 integra, tras un proceso que incluy\u00f3 la participaci\u00f3n del sector p\u00fablico, privado academia,<\/p>\n<p>organismos internacionales y sociedad civil, as\u00ed como una consulta p\u00fablica. Esta nueva versi\u00f3n propone dar respuesta a los desaf\u00edos actuales para el ejercicio de la ciudadan\u00eda en el entorno digital. Su prop\u00f3sito principal es establecer marcos conceptuales y de acci\u00f3n com\u00fan que contribuyan a garantizar y promover los derechos humanos en el entorno digital, reducir las desigualdades y mejorar la calidad de vida de las personas y la sociedad en su conjunto.<\/p>\n","protected":false},"excerpt":{"rendered":"<p>Ibirapit\u00e1 Jonas Grizutti, del Plan Ibirapit\u00e1 que tiene como objetivo la inclusi\u00f3n digital indic\u00f3 que \u201cen su noveno a\u00f1o, Programa Ibirapit\u00e1 sigue trabajando en la inclusi\u00f3n digital, la integraci\u00f3n social y la participaci\u00f3n comunitaria de las personas mayores.<\/p>\n","protected":false},"author":4,"featured_media":4914,"comment_status":"closed","ping_status":"closed","sticky":false,"template":"","format":"standard","meta":{"footnotes":""},"categories":[5],"tags":[],"class_list":["post-4913","post","type-post","status-publish","format-standard","has-post-thumbnail","hentry","category-durazno"],"_links":{"self":[{"href":"https:\/\/paginacero.com.uy\/index.php?rest_route=\/wp\/v2\/posts\/4913","targetHints":{"allow":["GET"]}}],"collection":[{"href":"https:\/\/paginacero.com.uy\/index.php?rest_route=\/wp\/v2\/posts"}],"about":[{"href":"https:\/\/paginacero.com.uy\/index.php?rest_route=\/wp\/v2\/types\/post"}],"author":[{"embeddable":true,"href":"https:\/\/paginacero.com.uy\/index.php?rest_route=\/wp\/v2\/users\/4"}],"replies":[{"embeddable":true,"href":"https:\/\/paginacero.com.uy\/index.php?rest_route=%2Fwp%2Fv2%2Fcomments&post=4913"}],"version-history":[{"count":1,"href":"https:\/\/paginacero.com.uy\/index.php?rest_route=\/wp\/v2\/posts\/4913\/revisions"}],"predecessor-version":[{"id":4915,"href":"https:\/\/paginacero.com.uy\/index.php?rest_route=\/wp\/v2\/posts\/4913\/revisions\/4915"}],"wp:featuredmedia":[{"embeddable":true,"href":"https:\/\/paginacero.com.uy\/index.php?rest_route=\/wp\/v2\/media\/4914"}],"wp:attachment":[{"href":"https:\/\/paginacero.com.uy\/index.php?rest_route=%2Fwp%2Fv2%2Fmedia&parent=4913"}],"wp:term":[{"taxonomy":"category","embeddable":true,"href":"https:\/\/paginacero.com.uy\/index.php?rest_route=%2Fwp%2Fv2%2Fcategories&post=4913"},{"taxonomy":"post_tag","embeddable":true,"href":"https:\/\/paginacero.com.uy\/index.php?rest_route=%2Fwp%2Fv2%2Ftags&post=4913"}],"curies":[{"name":"wp","href":"https:\/\/api.w.org\/{rel}","templated":true}]}}