{"id":4910,"date":"2024-06-28T11:18:18","date_gmt":"2024-06-28T14:18:18","guid":{"rendered":"https:\/\/paginacero.com.uy\/?p=4910"},"modified":"2024-06-28T11:18:18","modified_gmt":"2024-06-28T14:18:18","slug":"redam-tomo-insumos-del-encuentro-de-ediles-mayores","status":"publish","type":"post","link":"https:\/\/paginacero.com.uy\/?p=4910","title":{"rendered":"Redam tom\u00f3 insumos del encuentro de ediles mayores"},"content":{"rendered":"<p><strong>En la sesi\u00f3n de la Junta Departamental donde los ediles adultos mayores estuvieron presentando las inquietudes de diferentes grupos que funcionan en la regi\u00f3n, Redam tuvo participaci\u00f3n activa y rescat\u00f3 de las presentaciones los temas centrales, para convertirlos en insumos de su trabajo permanente.<\/strong><!--more--><\/p>\n<p>La delegada de Redam Blanca Castro estuvo representando a la instituci\u00f3n y haciendo un balance de la actividad realizada en la Junta Departamental, donde varios grupos de la regi\u00f3n presentaron sus inquietudes.<\/p>\n<p>\u201cPor tercer a\u00f1o consecutivo tenemos la alegr\u00eda de podernos juntar en este \u00e1mbito que ser\u00eda el m\u00e1s plural de la democracia a nivel departamental. Como delegada departamental de Redam me corresponde tomar las inquietudes de todos, en primer lugar por supuesto agradecer a la Junta el espacio concedido y agradecer a los compa\u00f1eros que se han hecho cargo de traer la palabra de sus compa\u00f1eros aqu\u00ed. Es una tarea que no es f\u00e1cil, algunos grupos no han venido, en otros grupos se han peleado por no venir, no lo vamos a decir pero entonces doble aplauso para los que si vinieron, dieron la cara, apoyaron y siguen apoyando, tengan en cuenta que esto queda en actas de la Junta y en la grabaci\u00f3n que se hace en el canal de youtube habitualmente\u201d dijo.<\/p>\n<p>\u201cAlegrarnos tambi\u00e9n porque se hayan sumado nuevos grupos, el a\u00f1o pasado ten\u00edamos a Senderos de la Represa en pa\u00f1ales sin conformar del todo, que vino igual a presentar esa inquietud y ahora ya est\u00e1 conformado, eso confirma los beneficios que tiene el agruparse, en todas las edades, pero en la edad de adultos mayores es todav\u00eda m\u00e1s importante, el agruparse, el crear v\u00ednculos sociales como parte de nuestra salud mental y emocional\u201d dijo.<\/p>\n<p>\u201cEn cuanto a los distintos pedidos que han ido realizado los grupos, reafirmar que se han dado algunos temas que son recurrentes en distintos grupos y otro que por ah\u00ed los trajo un solo grupo, pero cuando no nos ponemos a pensar son de todo el departamento\u201d agreg\u00f3.<\/p>\n<p>\u201cEstuve tomando algunas notas y destaco algunas de ellas para ser mencionadas y resueltas por las autoridades, los arreglos en las sedes que se piden, en otros casos las sedes, por supuesto que tener una sede, un lugar f\u00edsico, que si es propio o por lo menos de uso exclusivo de cada grupo es importante, nos permite arreglar con m\u00e1s cari\u00f1o, decidir, reunirnos cuando queremos. Casi siempre la Intendencia, vamos a aprovechar que est\u00e1n presentes, es quien nos brinda la mayor parte en los casos de nuestras sedes, en alg\u00fan caso puede haber alumna otra instituci\u00f3n, generalmente p\u00fablica, que apoya como el caso de Ute en el caso especial de Baigorria que es un pueblo con caracter\u00edsticas diferentes y peculiares por su origen\u201d dijo.<\/p>\n<p>Destac\u00f3 como uno de los temas importantes, la necesidad que se plantea en forma un\u00e1nime de contar con m\u00e1s actividades enfocadas en los adultos mayores.<\/p>\n<p>\u201cEntre las cosas que se repiten, la importancia de las actividades especiales con docentes o con otros especialistas, que generalmente se canalizan a trav\u00e9s de las instituciones p\u00fablicas y mayormente por la Intendencia, eso no quiere decir que BPS o alg\u00fan otro ente p\u00fablico pueda colaborar con el pago de un docente o un especialista para los talleres. En cuanto a un pedido que se hizo por parte de un solo grupo, pero que es de todo el interior del departamento, es la presencia de especialistas de salud, que se pueda instrumentar a trav\u00e9s del Plan Nacional de Salud la presencia de especialistas en todas las localidades con cierta periodicidad, aunque sea cuatro o cinco especialidades de las m\u00e1s comunes que recurrimos todos, si pudi\u00e9ramos tener todas ser\u00eda perfecto, pero eso es m\u00e1s dif\u00edcil\u201d agreg\u00f3.<\/p>\n<p>\u201cHay algunas especialidades que son b\u00e1sicas y ser\u00eda importante que estuvieran en todo el departamento. Tambi\u00e9n lo importante es que haya oficinas del adulto mayor en todos los departamentos, caso como departamentos vecinos y amigos, Flores lo tiene, Tacuaremb\u00f3 seg\u00fan plantean los compa\u00f1eros no lo tiene. Es importante destacar eso y nosotros somos de alg\u00fan modo privilegiados al tenerlo desde hace bastante tiempo y marchando bien.<\/p>\n<p>Otra cosa que se plante\u00f3, por parte de alg\u00fan grupo pero es importante para todos, es el arreglo de veredas, no lo voy a decir to que hace pocos d\u00edas tropec\u00e9 en una vereda y termin\u00e9 con unos cuantos puntos en la cabeza, eso afortunadamente en la ciudad de Durazno por lo que podemos ver se est\u00e1<\/p>\n<p>trabajando intensamente en estos tiempos, hay muchas veredas en arreglos pero hay mucho m\u00e1s para arreglar, tanto en Durazno y ni que hablar de los pueblos del interior, donde las veredas ni siquiera existen, hay que caminar por la calle porque la vereda no existe\u201d manifest\u00f3.<\/p>\n<p>Otro tema presentado recurrentemente fue el de los hogares de ancianos y clubes de d\u00eda, donde las personas dependientes puedan estar algunas horas del d\u00eda.<\/p>\n<p>\u201cTambi\u00e9n los Hogares de Ancianos, felicitamos la iniciativa de Blanquillo que lo tienen tan adelantado y encarecemos los apoyos de las instituciones para que se pueda ejecutar exitosamente, apoyamos la idea para la ciudad del Carmen, en caso de Sarand\u00ed del Y\u00ed que no tuvo representantes aqu\u00ed, sabemos que hay pero que tiene sus inconvenientes y ha andado a los tumbos el Hogar de Sarand\u00ed del Y\u00ed, sobre todo en la parte de gesti\u00f3n fundamentalmente. La falta de compromiso que tenemos la mayor parte de los uruguayos cuando hay que ponerse a trabajar con cosas p\u00fablicas y honorarias. Otra cosa que marc\u00f3 uno solo de los grupos pero que es important\u00edsimo para todo el departamento y el pa\u00eds, es la se\u00f1alizaci\u00f3n de las calles en el tr\u00e1nsito. En Durazno hemos mejorado en algunos casos, recuerdo que alguna vez se pidi\u00f3 sem\u00e1foros, se\u00f1alizaci\u00f3n cerca de la casa del Adulto Mayor, eso se logr\u00f3 y han aparecido algunos sem\u00e1foros m\u00e1s, pero si hay m\u00e1s bienvenidos y mejores\u201d dijo.<\/p>\n<p>\u201cCon respecto a las guarder\u00edas de mayores de Carlos Reyles, Inmayores est\u00e1 trabajando eso con el nombre de Centros de D\u00eda, lo hemos hablado en presencia de Larregui, en las tres ediciones se ha planteado el tema sin soluci\u00f3n, es una instituci\u00f3n necesaria en todos lados. En Blanquillo se estuvo intentando en alg\u00fan momento y no se pudo concretar, en Durazno tampoco se ha logrado nada en cuanto a esos Centros de D\u00eda\u201d indic\u00f3.<\/p>\n<p>\u201cOtro problema que plante\u00f3 solamente la gente de Blanquillo pero que es recurrente en todo el pa\u00eds son los perros callejeros, preciosos los amigos de los perritos, las sociedades, pero los perritos en su lugar, cuidados como corresponde, porque en la calle son un peligro. Especialmente para las personas mayores, pero no solo para los mayores, los que andan en bicicleta, en moto, generan mucho peligro, adem\u00e1s que pueden atacar\u201d agreg\u00f3.<\/p>\n<p>\u201cEn el caso de las sedes los comodatos no vigentes son un problema, que consta en acta, y se deber\u00e1 estudiar cuales hay que renovar o hacer, porque hay gente que no tiene directamente un comodato y quisiera tenerlo. Felicitamos la iniciativa de Uni 3 con el nicho de Merklen Budelli, que es incre\u00edble que un hombre tan valioso, al que se le han hecho homenajes, est\u00e1 tirado en un lugar no adecuado, ellos quieren recogerlo en un nicho para que est\u00e9 en un lugar digno, como una persona querida para el pueblo de Durazno\u201d dijo.<\/p>\n<p>\u201cTambi\u00e9n preocupa la superposici\u00f3n de actividades, es algo f\u00e1cil de solucionar a trav\u00e9s de la Direcci\u00f3n de Cultura aunque algunas veces quieren tener el control de todo, pero si no coordinamos un poco se da esa superposici\u00f3n, a veces no tenemos nada donde ir y a veces hay dos o tres cosas a la misma hora, lo que no nos permite disfrutar de todo\u201d agreg\u00f3.<\/p>\n<p>\u201cOtro problema que trajeron de la ciudad del Carmen, las aguas residuales, no es solo de all\u00ed, ac\u00e1 en Durazno tambi\u00e9n hay calles no muy alejadas del centro y donde hay mucho mal olor por esta causa, algo que debe solucionarse por parte de las autoridades que corresponda, seguramente a trav\u00e9s de la Intendencia y OSE\u201d manifest\u00f3.<\/p>\n<p>\u201cEn lo del transporte p\u00fablico de Centenario lamentablemente los compa\u00f1eros lo han tra\u00eddo reiteradamente a la Junta y parece que sigue sin solucionar, as\u00ed que apoyamos esa idea, si se puede solucionar y ya hab\u00edamos planteado en otras ocasiones que el transporte p\u00fablico en otros lugares tiene sus carencias para con las personas mayores especialmente, pero casi que con todas las personas, a veces por falta de frecuencia, falta de horarios, por falta de accesibilidad, por insensibilidad de los conductores porque si bien tienen que parar contra el cord\u00f3n, muchas veces paran en el medio de la calle y no es f\u00e1cil para subir\u201d finaliz\u00f3.<\/p>\n","protected":false},"excerpt":{"rendered":"<p>En la sesi\u00f3n de la Junta Departamental donde los ediles adultos mayores estuvieron presentando las inquietudes de diferentes grupos que funcionan en la regi\u00f3n, Redam tuvo participaci\u00f3n activa y rescat\u00f3 de las presentaciones los temas centrales, para convertirlos en insumos de su trabajo permanente.<\/p>\n","protected":false},"author":4,"featured_media":4911,"comment_status":"closed","ping_status":"closed","sticky":false,"template":"","format":"standard","meta":{"footnotes":""},"categories":[5,17],"tags":[],"class_list":["post-4910","post","type-post","status-publish","format-standard","has-post-thumbnail","hentry","category-durazno","category-suplemento-mujer"],"_links":{"self":[{"href":"https:\/\/paginacero.com.uy\/index.php?rest_route=\/wp\/v2\/posts\/4910","targetHints":{"allow":["GET"]}}],"collection":[{"href":"https:\/\/paginacero.com.uy\/index.php?rest_route=\/wp\/v2\/posts"}],"about":[{"href":"https:\/\/paginacero.com.uy\/index.php?rest_route=\/wp\/v2\/types\/post"}],"author":[{"embeddable":true,"href":"https:\/\/paginacero.com.uy\/index.php?rest_route=\/wp\/v2\/users\/4"}],"replies":[{"embeddable":true,"href":"https:\/\/paginacero.com.uy\/index.php?rest_route=%2Fwp%2Fv2%2Fcomments&post=4910"}],"version-history":[{"count":1,"href":"https:\/\/paginacero.com.uy\/index.php?rest_route=\/wp\/v2\/posts\/4910\/revisions"}],"predecessor-version":[{"id":4912,"href":"https:\/\/paginacero.com.uy\/index.php?rest_route=\/wp\/v2\/posts\/4910\/revisions\/4912"}],"wp:featuredmedia":[{"embeddable":true,"href":"https:\/\/paginacero.com.uy\/index.php?rest_route=\/wp\/v2\/media\/4911"}],"wp:attachment":[{"href":"https:\/\/paginacero.com.uy\/index.php?rest_route=%2Fwp%2Fv2%2Fmedia&parent=4910"}],"wp:term":[{"taxonomy":"category","embeddable":true,"href":"https:\/\/paginacero.com.uy\/index.php?rest_route=%2Fwp%2Fv2%2Fcategories&post=4910"},{"taxonomy":"post_tag","embeddable":true,"href":"https:\/\/paginacero.com.uy\/index.php?rest_route=%2Fwp%2Fv2%2Ftags&post=4910"}],"curies":[{"name":"wp","href":"https:\/\/api.w.org\/{rel}","templated":true}]}}