{"id":4907,"date":"2024-06-28T11:11:10","date_gmt":"2024-06-28T14:11:10","guid":{"rendered":"https:\/\/paginacero.com.uy\/?p=4907"},"modified":"2024-06-28T11:11:10","modified_gmt":"2024-06-28T14:11:10","slug":"uni-3-busca-conseguir-su-local-propio-como-proyecto-a-futuro","status":"publish","type":"post","link":"https:\/\/paginacero.com.uy\/?p=4907","title":{"rendered":"Uni 3 busca conseguir su local propio como proyecto a futuro"},"content":{"rendered":"<p><strong>A nivel internacional el proyecto Universidad Abierta de la Tercera Edad, m\u00e1s conocido como UNI 3, comienza en Francia de la mano del Dr. Pierre Vellas en 1972, pronto extendido a otros pa\u00edses de Europa.<\/strong><!--more--><\/p>\n<p>Ese proyecto inicial ten\u00eda una orientaci\u00f3n m\u00e1s acad\u00e9mica que nuestro modelo actual. Uruguay fue el primer pa\u00eds de Am\u00e9rica en tener su filial de UNI 3 en 1983 al impulso de Alondra Bayley, fundadora UNI 3 en Montevideo, primer eslab\u00f3n de lo que hoy es una amplia red en todo el pa\u00eds.<\/p>\n<p>Se tom\u00f3 como modelo la UNI 3 de Ginebra, Suiza, que Alondra hab\u00eda conocido poco antes. Adem\u00e1s del apoyo del p\u00fablico se cont\u00f3 desde el primer momento con el auspicio del Ministerio de Educaci\u00f3n y Cultura, de la Universidad de la Rep\u00fablica (a trav\u00e9s de la FHCE), del Banco de Previsi\u00f3n Social y de la UNESCO. Durazno no tard\u00f3 mucho en formar su propia filial con el madrinazgo de Alondra Bayley y Dora Aldao. Luego nuestra filial ser\u00e1 a su vez madrina de las vecinas de Paso de los Toros y Sarand\u00ed Grande, ayudando a la extensi\u00f3n del movimiento en el pa\u00eds.<\/p>\n<p>Si bien la fecha fundacional de UNI3 como tal es el 23 de mayo de 1993, desde tiempo atr\u00e1s se ven\u00edan realizando en la ciudad actividades en la misma l\u00ednea de acci\u00f3n.<\/p>\n<p>Como antecedente principal de esta filial debemos nombrar al Centro Cultural de Durazno, llevado adelante por cuatro amigas que hab\u00edan alquilado una casa en Batlle 726, inicialmente para trabajar en sus talleres particulares de m\u00fasica, periodismo y yoga pero que pronto acogi\u00f3 charlas, conferencias, encuentros culturales, cineforo y m\u00e1s talleres para adultos a cargo de otras personas.<\/p>\n<p>Una vez constituida UNI 3 Durazno tuvo entre sus principales dificultades el asunto del local. Con apoyo de otras instituciones anduvo de alg\u00fan modo \u201cerrante\u201d por la iglesia San Pedro, la Sociedad Sirio-Libanesa, las Escuelas N\u00b0 1, N\u00b02 y N\u00b0 6, el C\u00edrculo Cat\u00f3lico, el Colegio Inmaculada Concepci\u00f3n, el museo Casa de Rivera. Ha habido dos instancias en el uso del local del museo, una inicial solo con consentimiento de la Direcci\u00f3n del mismo y la actual mediante la formalizaci\u00f3n de un comodato que de alg\u00fan modo ha venido a solucionar este problema.<\/p>\n<p>La primera directiva trabaj\u00f3 como grupo sin diferenciaci\u00f3n de autoridades, entre sus integrantes recordamos a las Mtras. Nilsa Barrios, Miriam Bittencourt, Myriam Agesta y \u00c9lida Labandera, a la Prof. Mar\u00eda del Carmen Pati\u00f1o y a las Sras. Yelsa Michelena y Margarita Gonz\u00e1lez. Con el tiempo se han formado comisiones con cargos tal como se exige para gestionar y mantener la personer\u00eda jur\u00eddica bajo la figura de Asociaci\u00f3n Civil que hemos alcanzado. Tambi\u00e9n han ido buscando nuestros s\u00edmbolos habi\u00e9ndose elegido un logo por concurso y adoptado un himno.<\/p>\n<p>El logo es de autor\u00eda de la Mtra. Nilsa Barrios, su color verde simboliza la pradera, el contorno del mapa departamental nos sit\u00faa geogr\u00e1ficamente. La frase que lo acompa\u00f1a, \u201cUn camino hacia la luz\u201d, es de Alondra Bayley y sintetiza el prop\u00f3sito de la instituci\u00f3n.<\/p>\n<p>El himno tiene letra de la Mtra. Mar\u00eda Laura Nicolini y m\u00fasica del Prof. Hugo Gonz\u00e1lez y expresa la alegr\u00eda de pertenecer a la instituci\u00f3n y poder aprender y superarse d\u00eda a d\u00eda. Fue elaborado a pedido de los integrantes de UNI 3.<\/p>\n<p>UNI 3 ha participado con \u00e9xito en concursos literarios, ha organizado m\u00faltiples viajes con finalidad did\u00e1ctico-recreativa y ha promovido acciones de car\u00e1cter socio-cultural en la ciudad, desde encuentros, charlas y exposiciones hasta un censo del arbolado p\u00fablico urbano o plantaci\u00f3n de \u00e1rboles aut\u00f3ctonos. Las m\u00faltiples presentaciones de nuestro coro dentro y fuera de la ciudad incluyen presentaci\u00f3n en el teatro Sol\u00eds de Montevideo.<\/p>\n<p>A nivel interno tambi\u00e9n se ha organizado una biblioteca. Fueron sus creadores los maestros Elda Soza, Miriam Bittencourt y V\u00edctor Ltaif. La misma lleva el nombre de dichos fundadores. Recientemente ha sido reorganizada y constantemente se la enriquece por aportes donados por socios y allegados.<\/p>\n<p>Su labor ha sido reconocida en 1997 por la Junta Departamental con la declaraci\u00f3n como instituci\u00f3n de inter\u00e9s departamental y luego por la Intendencia Departamental con el premio cultural mayor entregado por ella, Banda del Yi, tanto la administraci\u00f3n como la docencia se realizan en forma totalmente honoraria. En los \u00faltimos a\u00f1os se ha pasado a tener un servicio de secretar\u00eda y limpieza contratado que se financia con las cuotas de los asociados y eventuales actividades ben\u00e9ficas. Han<\/p>\n<p>participado en numerosos encuentros de UNI3 a nivel regional, nacional e internacional siendo de los miembros fundadores de RUA (Red de Universidades Abiertas de Am\u00e9rica) cuyas reuniones han llevado a integrantes de UNI3 Durazno m\u00e1s de una vez a otros pa\u00edses de Am\u00e9rica.<\/p>\n<p>Se destaca adem\u00e1s la participaci\u00f3n de muchas personas en el proyecto llamado Corazones Solidarios que ya por segundo a\u00f1o consecutivo ha realizado entrega de mantas y otros abrigos tejidos por los participantes con motivo del d\u00eda del abuelo, proyecto que ha sido replicado en la comunidad donde otros grupos en el \u00faltimo a\u00f1o tambi\u00e9n han realizado tareas solidarias similares.<\/p>\n<p>En la actividad de Persona Adulta Mayor por un D\u00eda, estuvieron representando a la instituci\u00f3n y presentando sus inquietudes.<\/p>\n<p>\u201cLa profesora Zully Goy\u00e9n y yo, Beatriz Devitta representamos a Uni 3 en este momento, una instituci\u00f3n que naci\u00f3 hace 31 a\u00f1os y est\u00e1 en constante vigencia, aportando y trabajando por las personas mayores, generando espacios para una vida plena, defendiendo derechos, compartiendo saberes y socializando\u201d dijeron.<\/p>\n<p>\u201cHoy cuenta con 170 socios activos, todo esto se logra a trav\u00e9s de m\u00e1s de 40 talleres dirigidos por animadores socio culturales que brindan lo que saben en forma honoraria de lunes a viernes de marzo a noviembre. Adem\u00e1s de algunos talleres de verano para mantener acompa\u00f1ada a nuestra gente. Tambi\u00e9n se ofrecen charlas, conferencias, documentales, actividades que se hacen extensivas a toda la comunidad. Se cuenta con una nutrida biblioteca muy actualizada para realizar pr\u00e9stamos y se organizan viajes\u201d agregaron.<\/p>\n<p>\u201cSe cobra una cuota mensual de 100 pesos y 200 al comienzo de cada semestre para concurrir a todos los talleres que elijan, la instituci\u00f3n funciona en un espacio del Museo Casa de Rivera, mantiene muy buena relaci\u00f3n con su director, se coordinan tareas culturales en conjunto para las dos instituciones. Uni 3 tiene personer\u00eda jur\u00eddica, se rige por estatuto y cumple con su normativa. Desde abril de 2007 firmamos un comodato con la Intendencia, el mismo debe renovarse despu\u00e9s de cada elecci\u00f3n departamental, en el \u00faltimo mandato no se ha hecho, solicitamos audiencia en febrero de 2023 y 2024, hemos seguido el camino de los expedientes y no hemos podido conseguir audiencia con el Intendente, esperemos que esto no sea motivo para perder el local, la gran aspiraci\u00f3n de Uni 3 es tener cas apropia, si esto se concretara podr\u00edamos gestionar pr\u00e9stamos en BPS y conseguir otros incentivos que permitir\u00edan realizar m\u00e1s y mejores cosas para las personas mayores. Estamos en la b\u00fasqueda de un lugar que pertenezca a un ente estatal, que est\u00e9 en desuso y que pueda servir para nuestra instituci\u00f3n con el fin de comenzar con las gestiones\u201d indicaron.<\/p>\n<p>\u201cEn cuanto a la solicitud cursada en diciembre de 2023 de un nicho para colocar los restos del profesor H\u00e9ctor Merken Budelli que le diera tantos triunfos en lo deportivo esperamos que sea obtenida en el mes de setiembre\u201d dijeron.<\/p>\n<p>\u201cEsperamos tambi\u00e9n que la Divisi\u00f3n Cultura tenga las actividades culturales realizadas por Uni 3, la Intendencia y todas las instituciones, la gente de Uni 3 acostumbra a concurrir y muchas veces hay actividades que se superponen y no se pueden disfrutar de todas las actividades, esto no es bueno para quienes no pueden concurrir a un acto como para quienes lo ofrecen y es algo f\u00e1cil de conseguir. Todav\u00eda queda mucho para conseguir que los adultos tengan una vida digna, Uni 3 est\u00e1 en esa b\u00fasqueda, nuestra m\u00e1xima aspiraci\u00f3n para esto es contar con un local propio, 31 a\u00f1os de trabajo sostenido de trabajo merecen que esto se haga realidad\u201d finalizaron diciendo.<\/p>\n","protected":false},"excerpt":{"rendered":"<p>A nivel internacional el proyecto Universidad Abierta de la Tercera Edad, m\u00e1s conocido como UNI 3, comienza en Francia de la mano del Dr. Pierre Vellas en 1972, pronto extendido a otros pa\u00edses de Europa.<\/p>\n","protected":false},"author":4,"featured_media":4908,"comment_status":"closed","ping_status":"closed","sticky":false,"template":"","format":"standard","meta":{"footnotes":""},"categories":[5,17],"tags":[],"class_list":["post-4907","post","type-post","status-publish","format-standard","has-post-thumbnail","hentry","category-durazno","category-suplemento-mujer"],"_links":{"self":[{"href":"https:\/\/paginacero.com.uy\/index.php?rest_route=\/wp\/v2\/posts\/4907","targetHints":{"allow":["GET"]}}],"collection":[{"href":"https:\/\/paginacero.com.uy\/index.php?rest_route=\/wp\/v2\/posts"}],"about":[{"href":"https:\/\/paginacero.com.uy\/index.php?rest_route=\/wp\/v2\/types\/post"}],"author":[{"embeddable":true,"href":"https:\/\/paginacero.com.uy\/index.php?rest_route=\/wp\/v2\/users\/4"}],"replies":[{"embeddable":true,"href":"https:\/\/paginacero.com.uy\/index.php?rest_route=%2Fwp%2Fv2%2Fcomments&post=4907"}],"version-history":[{"count":1,"href":"https:\/\/paginacero.com.uy\/index.php?rest_route=\/wp\/v2\/posts\/4907\/revisions"}],"predecessor-version":[{"id":4909,"href":"https:\/\/paginacero.com.uy\/index.php?rest_route=\/wp\/v2\/posts\/4907\/revisions\/4909"}],"wp:featuredmedia":[{"embeddable":true,"href":"https:\/\/paginacero.com.uy\/index.php?rest_route=\/wp\/v2\/media\/4908"}],"wp:attachment":[{"href":"https:\/\/paginacero.com.uy\/index.php?rest_route=%2Fwp%2Fv2%2Fmedia&parent=4907"}],"wp:term":[{"taxonomy":"category","embeddable":true,"href":"https:\/\/paginacero.com.uy\/index.php?rest_route=%2Fwp%2Fv2%2Fcategories&post=4907"},{"taxonomy":"post_tag","embeddable":true,"href":"https:\/\/paginacero.com.uy\/index.php?rest_route=%2Fwp%2Fv2%2Ftags&post=4907"}],"curies":[{"name":"wp","href":"https:\/\/api.w.org\/{rel}","templated":true}]}}