{"id":4901,"date":"2024-06-28T11:05:37","date_gmt":"2024-06-28T14:05:37","guid":{"rendered":"https:\/\/paginacero.com.uy\/?p=4901"},"modified":"2024-06-28T11:05:37","modified_gmt":"2024-06-28T14:05:37","slug":"inmayores-planteo-inquietudes-de-los-adultos-mayores-en-el-departamento","status":"publish","type":"post","link":"https:\/\/paginacero.com.uy\/?p=4901","title":{"rendered":"InMayores plante\u00f3 inquietudes de los adultos mayores en el departamento"},"content":{"rendered":"<p><strong>La representante de InMayores, Ximena Vi\u00f1oles, forma parte activa de la comunidad que nuclea a las personas mayores en Durazno, participando quincenalmente de las reuniones organizativas de diferentes actividades y planteos de propuestas por parte de ellos.<\/strong><!--more--><\/p>\n<p>Durante la sesi\u00f3n de la Junta Departamental estuvo tambi\u00e9n dando a conocer parte de la estructura de actividades que desarrollan e invitando a los grupos y personas mayores a sumarse.<\/p>\n<p>\u201cAgradecer a todas las personas mayores que forman parte de las organizaciones a nivel departamental, a Redam y todas las instituciones por toda la organizaci\u00f3n de esta jornada. Nuestro eje de trabajo es la Convenci\u00f3n de Derechos de las Personas Mayores, especialmente el art\u00edculo 8 que habla de la participaci\u00f3n de las personas mayores en los distintos \u00e1mbitos\u201d dijo.<\/p>\n<p>\u201cEl objeto de la Convenci\u00f3n es promover, proteger y asegurar el reconocimiento y el pleno goce y ejercicio, en condiciones de igualdad, de todos los derechos humanos y libertades fundamentales de la persona mayor, a fin de contribuir a su plena inclusi\u00f3n, integraci\u00f3n y participaci\u00f3n en la sociedad. Lo dispuesto en la presente Convenci\u00f3n no se interpretar\u00e1 como una limitaci\u00f3n a derechos o beneficios m\u00e1s amplios o adicionales que reconozcan el derecho internacional o las legislaciones internas de los Estados Parte, a favor de la persona mayor. Si el ejercicio de los derechos y libertades mencionados en esta Convenci\u00f3n no estuviere ya garantizado por disposiciones legislativas o de otro car\u00e1cter, los Estados Parte se comprometen a adoptar, con arreglo a sus procedimientos constitucionales y a las disposiciones de esta Convenci\u00f3n, las medidas legislativas o de otro car\u00e1cter que fueren necesarias para hacer efectivos tales derechos y libertades\u201d agreg\u00f3.<\/p>\n<p>\u201cEn base a la Convenci\u00f3n los Estados podr\u00e1n establecer restricciones y limitaciones al goce y ejercicio de los derechos establecidos en la presente Convenci\u00f3n mediante leyes promulgadas con el objeto de preservar el bienestar general dentro de una sociedad democr\u00e1tica, en la medida en que no contradigan el prop\u00f3sito y raz\u00f3n de los mismos. La persona mayor tiene derecho a la participaci\u00f3n activa, productiva, plena y efectiva dentro de la familia, la comunidad y la sociedad para su integraci\u00f3n en todas ellas\u201d dijo.<\/p>\n<p>\u201cSe adoptar\u00e1n medidas para que la persona mayor tenga la oportunidad de participar activa y productivamente en la comunidad, y pueda desarrollar sus capacidades y potencialidades. A tal fin crear\u00e1n y fortalecer\u00e1n mecanismos de participaci\u00f3n e inclusi\u00f3n social de la persona mayor en un ambiente de igualdad que permita erradicar los prejuicios y estereotipos que obstaculicen el pleno disfrute de estos derechos, tambi\u00e9n promover\u00e1n la participaci\u00f3n de la persona mayor en actividades intergeneracionales para fortalecer la solidaridad y el apoyo mutuo como elementos claves del desarrollo social, asegurando que las instalaciones y los servicios comunitarios para la poblaci\u00f3n en general est\u00e9n a disposici\u00f3n, en igualdad de condiciones, de la persona mayor y tengan en cuenta sus necesidades\u201d dijo.<\/p>\n<p>\u201cComo referente territorial de Inmayores trabajo con las personas mayores, con organizaciones de personas mayores, participo de las reuniones de Redam, las reuniones son con una modalidad quincenal y las realizamos en la Asociaci\u00f3n de Pasivos de Durazno que nos ceden el espacio para poder reunirnos cuando queramos hacerlo. Tambi\u00e9n se re\u00fanen otros referentes institucionales, como Bps, Ibirapit\u00e1, la Intendencia, entre otros. La idea es como referente acompa\u00f1ar, apoyar y todas las iniciativas en todos los proyectos que surgen en esas reuniones, construyendo juntos. Ac\u00e1 siempre destaco que en Durazno hay una muy buena participaci\u00f3n, no conocemos toda la participaci\u00f3n que hay muchas veces, pero estas reuniones generales son importantes para conocer la realidad de cada territorio y poder potenciarla\u201d dijo.<\/p>\n<p>\u201cEsta jornada que se realiz\u00f3 es un claro ejemplo, concreto, de lo que es ejercer la ciudadan\u00eda, cada persona mayor que tenga el hecho de poder expresar y ejercer como ciudadano, es fundamental, celebro esto y ojal\u00e1 se siga haciendo estas jornadas\u201d agreg\u00f3.<\/p>\n<p>\u201cEl trabajo debe ser interinstitucional, solos no podemos para mejorar la calidad de vida de todos\u201d finaliz\u00f3 diciendo.<\/p>\n<p>Vivienda digna<\/p>\n<p>Una de las preocupaciones principales es la vivienda digna, el BPS tiene beneficios para adultos mayores para acceder a una vivienda, esta prestaci\u00f3n consiste en la adjudicaci\u00f3n de una vivienda en los complejos de BPS a los aspirantes inscriptos en el Programa de Soluciones Habitacionales.<\/p>\n<p>Los requisitos son ser titulares de jubilaciones y pensiones sobrevivencia servidas por BPS que residan en el pa\u00eds, ellos tendr\u00e1n derecho a la entrega de una vivienda del BPS en comodato, construida por el Ministerio de Vivienda y Ordenamiento Territorial (MVOT).<\/p>\n<p>Jubilados y pensionistas por sobrevivencia de BPS con residencia permanente en el pa\u00eds, cuyos ingresos nominales no pueden superar las 12 UR ($ 20.702,88).<\/p>\n<p>A fin de determinar si se supera el tope de ingresos establecido se tomar\u00e1n en cuenta todos los ingresos nominales, cualquiera sea su naturaleza, estos se sumar\u00e1n a las jubilaciones o pensiones servidas por el BPS. Quedan exceptuadas de este punto las prestaciones por concepto de rentas personales permanentes por accidentes de trabajo del BSE, Prima por edad, Pensi\u00f3n para hijos de fallecidos por violencia dom\u00e9stica, adelantos a cuenta de futuros incrementos en las jubilaciones o pensiones y prestaciones reparatorias para exiliados y presos pol\u00edticos. Es impedimento para acceder al programa ser propietario, copropietario, titular de derecho de uso y habitaci\u00f3n, promitente comprador, usufructuario o titular de otros programas de vivienda.<\/p>\n<p>De declarar que va a cohabitar con otra u otras personas los requisitos para estas son los mismos que para los aspirantes.<\/p>\n<p>Los interesados deben presentar c\u00e9dula de identidad vigente y en buen estado, recibos de otras cajas (en caso de corresponder). En el caso de que el solicitante desee vivir con alguna persona, deber\u00e1 concurrir adem\u00e1s con c\u00e9dula de identidad y recibo de ingresos de estas.<\/p>\n","protected":false},"excerpt":{"rendered":"<p>La representante de InMayores, Ximena Vi\u00f1oles, forma parte activa de la comunidad que nuclea a las personas mayores en Durazno, participando quincenalmente de las reuniones organizativas de diferentes actividades y planteos de propuestas por parte de ellos.<\/p>\n","protected":false},"author":4,"featured_media":4902,"comment_status":"closed","ping_status":"closed","sticky":false,"template":"","format":"standard","meta":{"footnotes":""},"categories":[5,17],"tags":[],"class_list":["post-4901","post","type-post","status-publish","format-standard","has-post-thumbnail","hentry","category-durazno","category-suplemento-mujer"],"_links":{"self":[{"href":"https:\/\/paginacero.com.uy\/index.php?rest_route=\/wp\/v2\/posts\/4901","targetHints":{"allow":["GET"]}}],"collection":[{"href":"https:\/\/paginacero.com.uy\/index.php?rest_route=\/wp\/v2\/posts"}],"about":[{"href":"https:\/\/paginacero.com.uy\/index.php?rest_route=\/wp\/v2\/types\/post"}],"author":[{"embeddable":true,"href":"https:\/\/paginacero.com.uy\/index.php?rest_route=\/wp\/v2\/users\/4"}],"replies":[{"embeddable":true,"href":"https:\/\/paginacero.com.uy\/index.php?rest_route=%2Fwp%2Fv2%2Fcomments&post=4901"}],"version-history":[{"count":1,"href":"https:\/\/paginacero.com.uy\/index.php?rest_route=\/wp\/v2\/posts\/4901\/revisions"}],"predecessor-version":[{"id":4903,"href":"https:\/\/paginacero.com.uy\/index.php?rest_route=\/wp\/v2\/posts\/4901\/revisions\/4903"}],"wp:featuredmedia":[{"embeddable":true,"href":"https:\/\/paginacero.com.uy\/index.php?rest_route=\/wp\/v2\/media\/4902"}],"wp:attachment":[{"href":"https:\/\/paginacero.com.uy\/index.php?rest_route=%2Fwp%2Fv2%2Fmedia&parent=4901"}],"wp:term":[{"taxonomy":"category","embeddable":true,"href":"https:\/\/paginacero.com.uy\/index.php?rest_route=%2Fwp%2Fv2%2Fcategories&post=4901"},{"taxonomy":"post_tag","embeddable":true,"href":"https:\/\/paginacero.com.uy\/index.php?rest_route=%2Fwp%2Fv2%2Ftags&post=4901"}],"curies":[{"name":"wp","href":"https:\/\/api.w.org\/{rel}","templated":true}]}}