{"id":4878,"date":"2024-06-27T10:19:20","date_gmt":"2024-06-27T13:19:20","guid":{"rendered":"https:\/\/paginacero.com.uy\/?p=4878"},"modified":"2024-06-27T10:19:20","modified_gmt":"2024-06-27T13:19:20","slug":"47-anos-de-la-biblioteca-prof-carlos-scaffo-2","status":"publish","type":"post","link":"https:\/\/paginacero.com.uy\/?p=4878","title":{"rendered":"47 a\u00f1os de la Biblioteca \u201cProf. Carlos Scaffo\u201d"},"content":{"rendered":"<p><strong>Se desarroll\u00f3 hoy frente a la Biblioteca \u201cProf. Carlos Scaffo\u201d, en el marco de sus 47 a\u00f1os de fundaci\u00f3n, la actividad de dibujo que se hab\u00eda pospuesto d\u00edas pasados por las condiciones clim\u00e1ticas.<\/strong><!--more--><\/p>\n<div dir=\"auto\">Fue una jornada en la que escolares realizaron dibujos con tizas de colores, participando las escuelas 9, alusivos a la poetisa Juana de Ibarbourou y la escuela 1, sobre Cervantes.<\/div>\n<div dir=\"auto\">Se cont\u00f3 con la coordinaci\u00f3n del docente, Leonardo Aldama y de alumnos del taller de Artes Pl\u00e1sticas.<\/div>\n","protected":false},"excerpt":{"rendered":"<p>Se desarroll\u00f3 hoy frente a la Biblioteca \u201cProf. Carlos Scaffo\u201d, en el marco de sus 47 a\u00f1os de fundaci\u00f3n, la actividad de dibujo que se hab\u00eda pospuesto d\u00edas pasados por las condiciones clim\u00e1ticas.<\/p>\n","protected":false},"author":4,"featured_media":4879,"comment_status":"closed","ping_status":"closed","sticky":false,"template":"","format":"standard","meta":{"footnotes":""},"categories":[5],"tags":[],"class_list":["post-4878","post","type-post","status-publish","format-standard","has-post-thumbnail","hentry","category-durazno"],"_links":{"self":[{"href":"https:\/\/paginacero.com.uy\/index.php?rest_route=\/wp\/v2\/posts\/4878","targetHints":{"allow":["GET"]}}],"collection":[{"href":"https:\/\/paginacero.com.uy\/index.php?rest_route=\/wp\/v2\/posts"}],"about":[{"href":"https:\/\/paginacero.com.uy\/index.php?rest_route=\/wp\/v2\/types\/post"}],"author":[{"embeddable":true,"href":"https:\/\/paginacero.com.uy\/index.php?rest_route=\/wp\/v2\/users\/4"}],"replies":[{"embeddable":true,"href":"https:\/\/paginacero.com.uy\/index.php?rest_route=%2Fwp%2Fv2%2Fcomments&post=4878"}],"version-history":[{"count":1,"href":"https:\/\/paginacero.com.uy\/index.php?rest_route=\/wp\/v2\/posts\/4878\/revisions"}],"predecessor-version":[{"id":4880,"href":"https:\/\/paginacero.com.uy\/index.php?rest_route=\/wp\/v2\/posts\/4878\/revisions\/4880"}],"wp:featuredmedia":[{"embeddable":true,"href":"https:\/\/paginacero.com.uy\/index.php?rest_route=\/wp\/v2\/media\/4879"}],"wp:attachment":[{"href":"https:\/\/paginacero.com.uy\/index.php?rest_route=%2Fwp%2Fv2%2Fmedia&parent=4878"}],"wp:term":[{"taxonomy":"category","embeddable":true,"href":"https:\/\/paginacero.com.uy\/index.php?rest_route=%2Fwp%2Fv2%2Fcategories&post=4878"},{"taxonomy":"post_tag","embeddable":true,"href":"https:\/\/paginacero.com.uy\/index.php?rest_route=%2Fwp%2Fv2%2Ftags&post=4878"}],"curies":[{"name":"wp","href":"https:\/\/api.w.org\/{rel}","templated":true}]}}