{"id":4856,"date":"2024-06-26T10:48:35","date_gmt":"2024-06-26T13:48:35","guid":{"rendered":"https:\/\/paginacero.com.uy\/?p=4856"},"modified":"2024-06-26T10:48:35","modified_gmt":"2024-06-26T13:48:35","slug":"tengo-la-certeza-de-que-en-octubre-vamos-a-tener-presidente-por-el-descontento-que-hemos-venido-sintiendo-en-muchos-que-votaron-a-la-coalicion","status":"publish","type":"post","link":"https:\/\/paginacero.com.uy\/?p=4856","title":{"rendered":"\u201cTengo la certeza de que en Octubre vamos a tener Presidente, por el descontento que hemos venido sintiendo en muchos que votaron a la coalici\u00f3n\u201d"},"content":{"rendered":"<p>Hablamos con Alberto \u201cTito\u201d Fumero, referente y candidato a Diputado por el sector 609 del Frente Amplio. Hizo una evaluaci\u00f3n de lo que han sido y son estas elecciones internas. Coment\u00f3 las principales diferencias entre Yamand\u00fa Orsi y Carolina Cosse, adem\u00e1s de la importancia de estas elecciones internas y la necesidad de comenzar un di\u00e1logo ni bien terminen, para pensar en un candidato del Frente Amplio a la Intendencia.<!--more--><\/p>\n<p><strong>\u00bfC\u00f3mo ha sido el proceso desde que se inici\u00f3 esta campa\u00f1a interna hasta ahora?<\/strong><\/p>\n<p>El proceso se ha dado con naturalidad, con un aumento de temperatura al correr de los d\u00edas y de las semanas.<\/p>\n<p>Claramente est\u00e1 volcada b\u00e1sicamente a la importancia y a la relevancia que que le imprime el Partido Nacional en el departamento, que se juega algo bastante m\u00e1s importante para ellos, que es la puja por decisi\u00f3n, departamental, mientras que nosotros estamos haciendo una campa\u00f1a de cara a una interna presidencial que es lo primero que se nos viene, que es elegir el candidato a oficial a la presidencia por el Frente Amplio, y en este camino estamos.<\/p>\n<p>Hemos tenido buena recepci\u00f3n en varias partes del departamento, hemos recorrido la mayor\u00eda de las localidades en m\u00e1s de una ocasi\u00f3n, nos falta un par de lugares nom\u00e1s, para poder dar una segunda vuelta.<\/p>\n<p>Construyendo una campa\u00f1a sana, muy bien, con una idea s\u00f3lida de que necesitamos un Frente Amplio s\u00f3lido y contundente a la hora de marcar algunas posturas, y entendemos que pasa, Yamand\u00fa es el mejor candidato posible para la izquierda y para poder ser el Presidente de todos los uruguayos, que es lo importante de esto.<\/p>\n<p><strong>Cuando comenz\u00f3 la campa\u00f1a Yamandu ten\u00eda una marca diferencia en las encuestas frente a Carolina Cosse \u00bfC\u00f3mo ves eso hoy cuando las encuestas parecen que dan un empate t\u00e9cnico por la diferencia que hay?<\/strong><\/p>\n<p>Mir\u00e1, no he visto las encuestas ni de cuando iniciaron ni ahora. Lo que s\u00ed creo es que hay una diferencia sustancial entre un candidato y el otro. El primer punto que hay que aclarar que desde el momento que iniciamos y aceptamos tomar las internas como tal, hay que marcar diferencia por qu\u00e9 uno y por qu\u00e9 otro no.<\/p>\n<p>Eso no da\u00f1a para nada la unidad ni mucho menos, sino que fortalece una cuesti\u00f3n de que tenemos que empezar a madurar, de que el Frente Amplio es rico en su diversidad, y de ah\u00ed sale su unidad.<\/p>\n<p>Todos los d\u00edas que pasan estoy m\u00e1s convencido que el \u00fanico que puede llevar a cabo una reconversi\u00f3n de pa\u00eds es Yamand\u00fa Orsi por el di\u00e1logo y por la capacidad de unir.<\/p>\n<p>Ha sido el tono de su gesti\u00f3n en la intendencia, una intendencia bastante compleja como la de Canelones, donde ha demostrado tener un amplio margen de acuerdo, cuando fue necesario. En m\u00e1s de una vez, en votaciones de fideicomiso, etc\u00e9tera. Tuvo la capacidad de trabajar con todos los integrantes del sistema pol\u00edtico, y eso hizo que Canelones creciera, que es lo que tiene que hacer el Uruguay. De una vez por todas, volver a tomar el camino de crecimiento real econ\u00f3mico para poder seguir mejorando en lo social.<\/p>\n<p>Y \u00e9l, ha sido claramente un exponente de eso, del di\u00e1logo, del buen trato, y creo que el uruguayo com\u00fan y corriente est\u00e1 entendiendo que estamos necesitando eso.<\/p>\n<p>Alguien que tenga la capacidad de unir, de ir y generar grandes acuerdos para que las cosas pasen en este pa\u00eds, que en este \u00faltimo tiempo hemos encontrado algo totalmente diferente.<\/p>\n<p>Muchas cosas que se dec\u00edan en el discurso quedaron en el discurso, y hemos tenido un gobierno que por momentos ha sido demasiado duro, para con los que pensamos diferente, y en m\u00e1s de una ocasi\u00f3n nos ha faltado el respeto. Y hoy est\u00e1n los n\u00fameros mostrando que el Frente Amplio es el principal partido con posibilidades de acceder al gobierno.<\/p>\n<p><strong>Esas diferencias que marcabas entre Carolina Cossi y Yamand\u00fa Orsi se lo nota en c\u00f3mo lo ve la gente del interior, a qu\u00e9 lo atribu\u00eds? <\/strong><\/p>\n<p>Creo que se nota por la autenticidad, porque es un tipo como lo ves, no se tiene que disfrazar de nada en el buen sentido de la palabra. No digo que Carolina lo haga, sino que no tiene que tomar otros atajos para llegar a la ciudadan\u00eda, a la poblaci\u00f3n.<\/p>\n<p>Tienen una mezcla casi perfecta de lo urbano con lo rural, con lo del interior, y bueno, lo explota muy bien en su vida personal y en su vida pol\u00edtica.<\/p>\n<p>Y una de las cosas que el Frente Amplio, los militantes del Frente Amplio, se han quejado hist\u00f3ricamente de la fuerza pol\u00edtica, es que b\u00e1sicamente se ha desarrollado y ha pensado en el pa\u00eds entero desde la zona metropolitana. Ha sido uno de nuestros grandes errores y fue de nuestra autocr\u00edtica m\u00e1s dura al momento que nos toc\u00f3 perder.<\/p>\n<p>Uno de los problemas que tambi\u00e9n ten\u00edamos era que a los compa\u00f1eros y las compa\u00f1eras que ocupaban lugares de decisi\u00f3n les faltaba perspectiva y pierden la realidad de los diferentes departamentos y los diferentes interiores que en cada uno de ellos existe.<\/p>\n<p>Entonces, Yamandu demuestra todo lo contrario. Es mucho m\u00e1s terrenal a la hora de plantear propuestas y plantear soluciones a los problemas reales de los ciudadanos del interior, de todo el departamento, y eso claramente lo hace generar una cercan\u00eda notable en comparaci\u00f3n al resto de los candidatos. Esto no va en desmedro de los dem\u00e1s competidores, en este caso, de Carolina y Andr\u00e9s, sino que ha sido una una clara diferencia que ha mostrado y es lo que el com\u00fan del ciudadano lo manifiesta y lo dice, no es algo que hayamos inventado nosotros.<\/p>\n<p>El ciudadano del interior se siente reconfortado, se siente confiable con la figura de Yamand\u00fa.<\/p>\n<p>Genera ese esa cercan\u00eda, esa calidez que hab\u00edamos perdido y que es tan importante, porque si la izquierda quiere realmente ser izquierda, tiene que dejar de pensar en clave de \u00e1rea metropolitana, y entender que el resto del pa\u00eds tiene la misma validez, de hecho, hasta mayor en algunos casos, porque somos las zonas donde realmente la gente le pone un valor agregado a la vida del pa\u00eds.<\/p>\n<p>No es solamente de Montevideo al puerto, sino que hay todo un mundo, todo un pa\u00eds productivo que tiene una forma de ver y de expresarse totalmente diferente, que hay que respetarlo, cuidarlo y buscar la manera de tomarlo en serio de una vez por todas.<\/p>\n<p><strong>Tambi\u00e9n pensando que en muchos lugares del interior es donde se ven las mayores desigualdades.<\/strong><\/p>\n<p>La desigualdad se soluciona con desarrollo, pero con desarrollo bien visto y planificado desde el lugar. Los lugares del interior tienen que tener lugares de donde puedan resolver estas cuestiones y tener la voz de decisi\u00f3n. No puede plantearse un pa\u00eds con soluciones m\u00e1gicas desde otro lugar sin conocer el territorio y la realidad del lugar.<\/p>\n<p>Entonces, el desarrollo real que puede tener el pa\u00eds tiene que tener base en los lugares donde se vaya a implementar, con gente de ah\u00ed, de ac\u00e1, por ejemplo, con una mirada bien clara y un conocimiento real, y desde ah\u00ed para adelante todo.<\/p>\n<p>Fracasaron los grandes planes de desarrollo, de infraestructura vistos desde una oficina, cuando hay que estar en el territorio, conocer absolutamente todo lo que pasa en el lugar, y de ah\u00ed poder sacar lo mejor para que las cosas pasen de una vez por todas, que \u00faltimamente a Uruguay le ha costado mucho.<\/p>\n<p><strong>Tito, ahora volviendo a lo local y yendo a lo que es la la Diputaci\u00f3n. Cu\u00e1l es el mayor trabajo que hace un diputado y qu\u00e9 puede llegar a hacer por Durazno?<\/strong><\/p>\n<p>Bien, la Diputaci\u00f3n tiene diferentes aristas de trabajo. La cl\u00e1sica es la tarea parlamentaria y en comisi\u00f3n, eso es muy importante y es la esencia del trabajo legislativo. Y despu\u00e9s est\u00e1 la otra pata que es la cercan\u00eda con la gente, y la cercan\u00eda con los problemas cotidianos de esa gente para buscar ser nexo de soluci\u00f3n. Lamentablemente se ha prostituido esta tarea al punto de que pareciera que tendr\u00edamos que tener las soluciones reales con inmediatamente a cuestiones que son imposibles.<\/p>\n<p>Va de la mano de un problema cultural que ha tenido el pa\u00eds, y el departamento principalmente, de encontrar atajos y violar por momentos la gesti\u00f3n p\u00fablica para sacar r\u00e9dito pol\u00edtico personal, y eso le ha hecho un mal importante al sistema, y por lo tanto la gente se ha acostumbrado a eso y en muchos momentos parece que que fuera una regla a cumplir. Nosotros tenemos la meta de ser muy serios y responsables a la hora de llegar a la Diputaci\u00f3n. De ser un nexo real, para solucionar el problema, pero ser la herramienta y no ser ni caudillo ni nada por el estilo, como muchos lados escuchamos y leemos, ni tampoco con frases demag\u00f3gicas.<\/p>\n<p>Lo importante es que el diputado conozca y recorra el territorio y tenga un mano a mano constante, para poder construir realmente cercan\u00eda bien entendida y buscando alternativas y soluciones a las cuestiones cotidianas que el ciudadano entiende que est\u00e1n mal. Siempre tiene que ser una v\u00eda y una v\u00eda seria en el sentido de que si las soluciones no est\u00e1n a nuestro alcance, tenemos que ser el enlace del siguiente nivel de donde pueden ser alcanzadas.<\/p>\n<p>No es un trabajo m\u00e1gico el que hacemos. S\u00ed hay mucho mucho de gestionar la informaci\u00f3n, de gestionar las v\u00edas de soluci\u00f3n, y eso tiene que estar a la orden de la ciudadan\u00eda.<\/p>\n<p>En mi caso personal, soy una persona apasionada de esto, hago esto por una pasi\u00f3n que tengo por la pol\u00edtica y por esta cercan\u00eda que entiendo, puede ser uno de mis mayores fuertes estar en el d\u00eda a d\u00eda en el territorio, porque lo hago normalmente.<\/p>\n<p>Y bueno, intentaremos poder desarrollarlo de la mejor manera, si la ciudadan\u00eda entiende que el \u00faltimo fin de semana de octubre nos elige para representar los cinco a\u00f1os.<\/p>\n<p><strong>\u00bfC\u00f3mo ven\u00eds evaluando o viendo la campa\u00f1a pol\u00edtica en todo su conjunto? <\/strong><\/p>\n<p>Deber\u00eda ser obligatoria, ya que se votan a los candidatos a la presidencia y a los convencionales que eligen los candidatos a intendentes de los diferentes departamentos.<\/p>\n<p>No puede ser pasado por alto, as\u00ed nom\u00e1s por una cuesti\u00f3n de no obligatoriedad cuando la responsabilidad ciudadana tendr\u00eda que estar por encima de todo. Esto lleva despu\u00e9s a que nos quejemos cuando no participamos y gana alguien que no nos cae bien o que entendemos que no es bueno para el pa\u00eds.<\/p>\n<p>Nosotros hemos entendido que hab\u00eda que ajustar la campa\u00f1a a el \u00faltimo mes y medio, porque la gente se cansa, est\u00e1 bastante malhumorada, porque normalmente en este periodo donde muchos salen a correr la carrera y son pocos los que llegan, o sea, la gente se ve abrumada por falsas promesas y por algunos discursos bastante populistas de todo punto de vista, que no le aportan nada a la ciudadan\u00eda ni al sistema pol\u00edtico.<\/p>\n<p>Son los que despu\u00e9s terminamos dando la cara en diferentes situaciones tenemos que hacernos cargo de cuestiones que hacen otro, y bueno, es parte tambi\u00e9n de esto.<\/p>\n<p>Pero creo que hay un camino claro que a partir del 30 de junio va a haber una realidad totalmente diferente, ya con todos los partidos posicionados con sus respectivos candidatos a presidentes, a vicepresidente. Ah\u00ed larga otra carrera que es mucho m\u00e1s profunda, en el sentido de que es decisiva, definitivamente decisiva y obligatoria, que es donde vamos a elegir a nuestro parlamento y a nuestro presidente o presidenta.<\/p>\n<p>Yo tengo la sensaci\u00f3n y la certeza de que en octubre vamos a tener Presidente, y que va a ser una votaci\u00f3n muy importante para el Frente Amplio, y que se va a reflejar el descontento que hemos venido viviendo y sintiendo por mucha gente que dio el paso para votar a la coalici\u00f3n de gobierno actual.<\/p>\n<p><strong>Varias cosas, en primer lugar despu\u00e9s del treinta de junio hay que sentarse a conversar con el resto de sectores del partido, \u00bfcomo pensas que va a ser esa charla? Por otro lado, \u00bfpensas que hay que empezar a pensar en la intendencia, una vez pasada esta instancia? <\/strong><\/p>\n<p>Primero, quiero llegar al treinta de junio y despu\u00e9s que nos podamos tomar los cinco d\u00edas de descanso todos los compa\u00f1eros y compa\u00f1eras, porque ha sido agotador para todos los sectores de Frente Amplio en todos los sentidos, y encima hemos tenido una gran desventaja que es la cuesti\u00f3n econ\u00f3mica a la hora de hacer campa\u00f1a.<\/p>\n<p>S\u00ed, sin duda hay que sentarse a conversar, hay que ponernos detr\u00e1s del candidato o la candidata que sea electa o electo, reunificar algunas cuestiones naturales que tiene que hacer la izquierda, que lo hace cada vez que pasan las internas, hay que empezar a definir, hay que empezar a planificar el accionar en el territorio de manos de una campa\u00f1a nacional tambi\u00e9n, que viene un poco, dibujada desde arriba, pero en los territorios uno le da la impronta necesaria.<\/p>\n<p>Y tambi\u00e9n es importante eso que t\u00fa dec\u00edas, de empezar a generar en paralelo este di\u00e1logo tan importante como urgente que se tiene que dar el Frente Amplio, de poder, de una vez por todas, empezar a definir y a mirar con otros ojos, con otra valent\u00eda, las cuestiones departamentales.<\/p>\n<p>Creo que es una de las cosas m\u00e1s importantes, ser\u00eda un cambio casi cultural que la izquierda en el departamento estar\u00eda dando, que es definir estrategias nuevas para encargar una campa\u00f1a departamental.<\/p>\n<p>Por \u00faltimo, Tito, \u00bfqu\u00e9 mensaje dejarle a la gente que est\u00e1 a d\u00edas de votar?<\/p>\n<p>Yo le pido a la gente que sienta que tienen la responsabilidad de ir a votar. Porque si va a votar ahora, va a tener todo el derecho del mundo de poder criticar absolutamente todo lo que pase a partir del treinta en adelante. La cr\u00edtica no puede ser gratis y uno tiene que tomar las determinaciones en un pa\u00eds democr\u00e1tico como este, donde la gente com\u00fan y corriente va y pone el voto y elige las cosas que van a pasar.<\/p>\n<p>Que vayan a votar, que se tomen esos diez minutos, quince minutos, ese domingo para ir a votar, que vote a quien quiera, que no se sienta presionado por nadie, que no sienta que le debe nada a nadie, y que sienta que es igual de importante su voto que el del presidente de la rep\u00fablica.<\/p>\n<p>Eso tiene que ser bien claro. Pero lo m\u00e1s importante creo que es eso, que no se sienta presionado por nadie ni por nada.<\/p>\n<p>En el cuarto secreto no los ve nadie, y ah\u00ed puede poner el granito de arena que capaz que cree que no mueve la aguja, pero le aseguro a sus vecinos o a sus vecina que su voto en ese d\u00eda, sea para quien sea, va a ser mucho m\u00e1s que que un granito de arena.<\/p>\n<p>&nbsp;<\/p>\n","protected":false},"excerpt":{"rendered":"<p>Hablamos con Alberto \u201cTito\u201d Fumero, referente y candidato a Diputado por el sector 609 del Frente Amplio. Hizo una evaluaci\u00f3n de lo que han sido y son estas elecciones internas. Coment\u00f3 las principales diferencias entre Yamand\u00fa Orsi y Carolina Cosse, adem\u00e1s de la importancia de estas elecciones internas y la necesidad de comenzar un di\u00e1logo [&hellip;]<\/p>\n","protected":false},"author":4,"featured_media":4857,"comment_status":"closed","ping_status":"closed","sticky":false,"template":"","format":"standard","meta":{"footnotes":""},"categories":[5,31],"tags":[],"class_list":["post-4856","post","type-post","status-publish","format-standard","has-post-thumbnail","hentry","category-durazno","category-entrevista-politica"],"_links":{"self":[{"href":"https:\/\/paginacero.com.uy\/index.php?rest_route=\/wp\/v2\/posts\/4856","targetHints":{"allow":["GET"]}}],"collection":[{"href":"https:\/\/paginacero.com.uy\/index.php?rest_route=\/wp\/v2\/posts"}],"about":[{"href":"https:\/\/paginacero.com.uy\/index.php?rest_route=\/wp\/v2\/types\/post"}],"author":[{"embeddable":true,"href":"https:\/\/paginacero.com.uy\/index.php?rest_route=\/wp\/v2\/users\/4"}],"replies":[{"embeddable":true,"href":"https:\/\/paginacero.com.uy\/index.php?rest_route=%2Fwp%2Fv2%2Fcomments&post=4856"}],"version-history":[{"count":1,"href":"https:\/\/paginacero.com.uy\/index.php?rest_route=\/wp\/v2\/posts\/4856\/revisions"}],"predecessor-version":[{"id":4858,"href":"https:\/\/paginacero.com.uy\/index.php?rest_route=\/wp\/v2\/posts\/4856\/revisions\/4858"}],"wp:featuredmedia":[{"embeddable":true,"href":"https:\/\/paginacero.com.uy\/index.php?rest_route=\/wp\/v2\/media\/4857"}],"wp:attachment":[{"href":"https:\/\/paginacero.com.uy\/index.php?rest_route=%2Fwp%2Fv2%2Fmedia&parent=4856"}],"wp:term":[{"taxonomy":"category","embeddable":true,"href":"https:\/\/paginacero.com.uy\/index.php?rest_route=%2Fwp%2Fv2%2Fcategories&post=4856"},{"taxonomy":"post_tag","embeddable":true,"href":"https:\/\/paginacero.com.uy\/index.php?rest_route=%2Fwp%2Fv2%2Ftags&post=4856"}],"curies":[{"name":"wp","href":"https:\/\/api.w.org\/{rel}","templated":true}]}}