{"id":4853,"date":"2024-06-25T11:10:48","date_gmt":"2024-06-25T14:10:48","guid":{"rendered":"https:\/\/paginacero.com.uy\/?p=4853"},"modified":"2024-06-25T11:10:48","modified_gmt":"2024-06-25T14:10:48","slug":"gustavo-zubia-visito-nuevamente-durazno","status":"publish","type":"post","link":"https:\/\/paginacero.com.uy\/?p=4853","title":{"rendered":"Gustavo Zub\u00eda visit\u00f3 nuevamente Durazno."},"content":{"rendered":"<p><strong>Gustavo Zub\u00eda visit\u00f3 nuevamente Durazno para finalizar esta \u00faltima recorrida por el pa\u00eds. Hablo con la prensa y conversamos sobre su rol dentro de la coalici\u00f3n, sobre el sistema judicial, el caso de la Fiscal Fossati y su visi\u00f3n hacia estas internas del 30 de junio.<\/strong><!--more--><\/p>\n<p><strong>Ser\u00eda ministro del interior en una coalici\u00f3n de gobierno? <\/strong><\/p>\n<p>Y esa es la pregunta del mill\u00f3n. Ojeda lo adelant\u00f3 diciendo, que me pondr\u00eda a mi, como \u00e9l no pone el cuero y lo voy a poner yo, es f\u00e1cil ofrecerme a m\u00ed. Ser\u00eda la m\u00e1s fea de todas las bailarinas que tenemos en la fiesta del Ministerio Interior.<\/p>\n<p>Pero llegado el caso, es como cuando usted est\u00e1 criticando a la pizza, ponele m\u00e1s salsa, ponele m\u00e1s queso, al final el que est\u00e1 haciendo la pizza dice, bueno, entonces hacela vos.<\/p>\n<p>Si me dicen, hacela vos y, bueno, intentar\u00e9 hacerlo con las enormes dificultades, porque no es solamente reformar un sistema, hay que reformar la cabeza.<\/p>\n<p>Y la primera cabeza que yo reformar\u00eda hoy es la cabeza del presidente de la Rep\u00fablica.<\/p>\n<p><strong>\u00bfC\u00f3mo ve el cuestionamiento desde los pol\u00edticos al sistema judicial?<\/strong><\/p>\n<p>Bueno, yo soy, en este momento, muy cuestionador del sistema judicial y el sistema fiscal.<\/p>\n<p>Le pongo un ejemplo, un ejemplo. Hoy usted recibe una denuncia, sobre todo de una mujer, por un se diligencie la prueba, que lo condene o que lo absuelva. Se diligencie la prueba, que lo condene o que lo absuelva. Despu\u00e9s tenemos una fiscal\u00eda, donde, lamentablemente, las filtraciones se dan en forma permanente.<\/p>\n<p>Muchos dicen, ah, no, por la filtraci\u00f3n yo me entero de lo que sucede, es una conducta absolutamente irregular que no debe de ser tolerada, y sucede. El sistema pol\u00edtico cr\u00edtica como el sistema pol\u00edtico avala, est\u00e1n los dos mec\u00e1nicas.<\/p>\n<p>Hoy no hay control en una fiscal\u00eda que no tiene cabeza, no tiene suplente, y tiene solamente un segundo suplente en una falta total de l\u00f3gica de operaci\u00f3n.<\/p>\n<p><strong>\u00bfC\u00f3mo vio el trabajo de la fiscal Fosati en el caso de Atesiano?<\/strong><\/p>\n<p>Bueno, no puedo hablar t\u00e9cnicamente porque yo no tuve acceso al expediente.<\/p>\n<p>Con la informaci\u00f3n lleg\u00f3 a una sentencia, creo que fueron de cinco a\u00f1os, en un proceso abreviado, me parece pertinente de acuerdo a la imputaci\u00f3n de delitos que se hac\u00eda.<\/p>\n<p>Despu\u00e9s la fiscal es criticada por eventuales indagatorias del Presidente de la rep\u00fablica, por otros motivos que no puedo opinar, yo tengo muy buen concepto de Fossati como una operadora judicial de fran fuste. As\u00ed que yo creo que hizo una buena gesti\u00f3n, no puedo opinar con total claridad por no haber tenido acceso al expediente, y luego Fossati fue objeto de un tratamiento indecoroso.<\/p>\n<p>Cuando se propon\u00eda indagar a otras personas con actividad pol\u00edtica vinculadas al caso, fue removida de su cargo como fiscal. Eso es totalmente indebido, no se puede, es pecado mortal remover un fiscal que est\u00e1 indagando.<\/p>\n<p>Se lo puede sancionar, se lo puede sumarear, investigar, para eventualmente sancionar, pero nunca remover sin un elemento contundente contra ella.<\/p>\n<p><strong>Gustavo, \u00bfqu\u00e9 an\u00e1lisis hac\u00e9s de este de este cambio del sistema judicial que hubo de crear la fiscal\u00eda?<\/strong><\/p>\n<p>Hab\u00eda que reformar el sistema. Era una necesidad que hab\u00eda. El problema es que hay agujeros. Hoy tenemos un cuadro de fiscales muy menguado, muy peque\u00f1o, con respecto a las necesidades que impone el sistema judicial. Tenemos posibilidades los fiscales de determinar qu\u00e9 casos se persiguen y qu\u00e9 casos no se persiguen.<\/p>\n<p>Tenemos posibilidad de que un fiscal diga no, es prioritario para m\u00ed esto y no es prioritario lo otro. Tenemos una falta de criterios, hay criterios tambi\u00e9n divergentes.<\/p>\n<p>Hay instrucciones generales que te obligan, te obligan a transar con el delincuente como primer caso, y te obligan, o no te obligan, pero suceden los hechos, a cambiar la tipificaci\u00f3n penal.<\/p>\n<p>Estamos viendo eso sin ingresar en otros conflictos m\u00e1s subjetivos, que igual tengo opini\u00f3n formada, que son los conflictos ideol\u00f3gicos que se dan entre fiscales que tienen una n\u00edtida posici\u00f3n de izquierda con fiscales que no la tienen, entonces ves operaciones divergentes, en algunos casos. Pero todo eso, en principio, se soluciona con un mando. Tiene que haber, as\u00ed como en un ministerio puede pasar cualquier cosa y hay ministro, bueno, ac\u00e1 no hay fiscal de corte. Y no tomamos providencias para llenar ese cargo. Yo tengo el proyecto desde triunvirato y no camina. En eso no hay voluntad pol\u00edtica de ning\u00fan partido pol\u00edtico.<\/p>\n<p>El primero que tendr\u00eda que tener la voluntad pol\u00edtica es el presidente. Para empezar a conversar con el resto de los partidos pol\u00edticos, pero parece que a nadie le importa, y hoy estamos la gente con una fiscal\u00eda que no tiene cabeza.<\/p>\n<p><strong>\u00bfQu\u00e9 opin\u00e1s cuando se habla de crear un ministerio de justicia?<\/strong><\/p>\n<p>No estoy de acuerdo, no estoy porque el Ministerio de Justicia ser\u00eda para reordenar<\/p>\n<p>fundamentalmente, fiscal\u00eda y c\u00e1rceles.<\/p>\n<p>No se ha intentado reorganizar y se sue\u00f1a con crear un ministerio con cien cargos m\u00e1s, con costo econ\u00f3mico, con costo burocr\u00e1tico, para que ese ministerio lo solucione.<\/p>\n<p><strong>\u00bfHay en Uruguay una justicia para pobre y una justicia para rico?<\/strong><\/p>\n<p>S\u00ed. Siempre est\u00e1 esa discusi\u00f3n, \u00bfno? Y se sigue manteniendo. \u00bfHay en Uruguay una habitaci\u00f3n para ricos y una habitaci\u00f3n para pobres? Si. \u00bfHay una medicina para ricos y una medicina para pobres? S\u00ed. \u00bfHay una odontolog\u00eda para ricos y una odontolog\u00eda para pobres? si, hay un veh\u00edculo para ricos, pero todo, todo tiene esas diversidades.<\/p>\n<p>Uruguay es un pa\u00eds que est\u00e1 en la esfera capitalista del mundo, bien, vamos a los pa\u00edses socialistas, por supuesto que esto amerita siempre cr\u00edticas.<\/p>\n<p>A ver, en un pa\u00eds como Cuba, de econom\u00eda socialista, econom\u00eda colectivista, \u00bfhay una educaci\u00f3n para ricos o para poderosos dentro del partido y otra educaci\u00f3n para no poderosos?<\/p>\n<p>Y yo creo que s\u00ed, y una econom\u00eda, y creo que s\u00ed, y una medicina, y creo que s\u00ed. Es decir, desde que el ser humano est\u00e1 en el planeta, hay justicia para ricos y justicia para pobres.<\/p>\n<p>En t\u00e9rminos ideol\u00f3gicos, y ah\u00ed nos metemos en un campo m\u00e1s complicado, hay un tratamiento de acuerdo a qui\u00e9n seas.<\/p>\n<p>Y yo creo que s\u00ed, lamentablemente, no en todos los casos. Hay excepciones, hay fiscales que, por suerte, y los conozco, mantienen una equidad al momento.<\/p>\n<p>Pero, lamentablemente, hay casos que son muy llamativos, donde pod\u00e9s inferir de que hay una especie de preferencia en tomar determinadas causas con cierta orientaci\u00f3n pol\u00edtica del operador, y no tomar otras con cierta orientaci\u00f3n.<\/p>\n<p><strong>Por \u00faltimo \u00bfC\u00f3mo c\u00f3mo viene terminando este recorrido y qu\u00e9 mensaje dejarle a la gente?<\/strong><\/p>\n<p>Bueno, como ya ha citado Jos\u00e9 Pedro Varela, el apoyo que le hemos brindado a la candidatura de Ojeda creo que ha sido ostensible, porque casualmente tomamos la decisi\u00f3n de acompa\u00f1ar a Ojeda y creci\u00f3. Es decir, fue un apoyo central. Sumamos un enano arriba y el otro enano, a m\u00ed lamentablemente me toc\u00f3 quedar abajo, pero logramos un resultado a nivel de encuesta.<\/p>\n<p>Despu\u00e9s va a haber, el partido se juega el treinta, porque donde te haga un d\u00eda de lluvia, donde te juega Uruguay adem\u00e1s juega, por lo que me he dicho ese d\u00eda, bueno, hay una cantidad de vicisitudes que pueden cambiar, pero hay una cierta responsabilidad b\u00e1sica del ciudadano.<\/p>\n<p>Los pol\u00edticos no te gustan ninguno, perfecto, pero alguno te gusta menos que otro.<\/p>\n<p>Entonces, trat\u00e1 de arrimar tu voto para decir, bueno, yo particip\u00e9 en qui\u00e9n va a dirigir este pa\u00eds.<\/p>\n<p>&nbsp;<\/p>\n","protected":false},"excerpt":{"rendered":"<p>Gustavo Zub\u00eda visit\u00f3 nuevamente Durazno para finalizar esta \u00faltima recorrida por el pa\u00eds. Hablo con la prensa y conversamos sobre su rol dentro de la coalici\u00f3n, sobre el sistema judicial, el caso de la Fiscal Fossati y su visi\u00f3n hacia estas internas del 30 de junio.<\/p>\n","protected":false},"author":4,"featured_media":4854,"comment_status":"closed","ping_status":"closed","sticky":false,"template":"","format":"standard","meta":{"footnotes":""},"categories":[5,31],"tags":[],"class_list":["post-4853","post","type-post","status-publish","format-standard","has-post-thumbnail","hentry","category-durazno","category-entrevista-politica"],"_links":{"self":[{"href":"https:\/\/paginacero.com.uy\/index.php?rest_route=\/wp\/v2\/posts\/4853","targetHints":{"allow":["GET"]}}],"collection":[{"href":"https:\/\/paginacero.com.uy\/index.php?rest_route=\/wp\/v2\/posts"}],"about":[{"href":"https:\/\/paginacero.com.uy\/index.php?rest_route=\/wp\/v2\/types\/post"}],"author":[{"embeddable":true,"href":"https:\/\/paginacero.com.uy\/index.php?rest_route=\/wp\/v2\/users\/4"}],"replies":[{"embeddable":true,"href":"https:\/\/paginacero.com.uy\/index.php?rest_route=%2Fwp%2Fv2%2Fcomments&post=4853"}],"version-history":[{"count":1,"href":"https:\/\/paginacero.com.uy\/index.php?rest_route=\/wp\/v2\/posts\/4853\/revisions"}],"predecessor-version":[{"id":4855,"href":"https:\/\/paginacero.com.uy\/index.php?rest_route=\/wp\/v2\/posts\/4853\/revisions\/4855"}],"wp:featuredmedia":[{"embeddable":true,"href":"https:\/\/paginacero.com.uy\/index.php?rest_route=\/wp\/v2\/media\/4854"}],"wp:attachment":[{"href":"https:\/\/paginacero.com.uy\/index.php?rest_route=%2Fwp%2Fv2%2Fmedia&parent=4853"}],"wp:term":[{"taxonomy":"category","embeddable":true,"href":"https:\/\/paginacero.com.uy\/index.php?rest_route=%2Fwp%2Fv2%2Fcategories&post=4853"},{"taxonomy":"post_tag","embeddable":true,"href":"https:\/\/paginacero.com.uy\/index.php?rest_route=%2Fwp%2Fv2%2Ftags&post=4853"}],"curies":[{"name":"wp","href":"https:\/\/api.w.org\/{rel}","templated":true}]}}