{"id":4834,"date":"2024-06-24T11:53:06","date_gmt":"2024-06-24T14:53:06","guid":{"rendered":"https:\/\/paginacero.com.uy\/?p=4834"},"modified":"2024-06-24T11:53:06","modified_gmt":"2024-06-24T14:53:06","slug":"gabriel-montes-de-oca-es-andres-ojeda-y-andres-ojeda-es-gabriel-montes-de-oca","status":"publish","type":"post","link":"https:\/\/paginacero.com.uy\/?p=4834","title":{"rendered":"\u201cGabriel Montes de Oca es Andres Ojeda y Andres Ojeda es Gabriel Montes de Oca\u201d"},"content":{"rendered":"<p>En el \u00faltimo tramo de las internas Gabriel Montes de Oca nos brind\u00f3 una entrevista para hablar de c\u00f3mo vienen trabajando con Andr\u00e9s Ojeda y de sus aspiraciones pol\u00edticas para este 30 de junio y para lo que sigue hacia octubre. Adem\u00e1s hizo un an\u00e1lisis del estado de cotizaci\u00f3n del departamento.<!--more--><\/p>\n<p><strong>Gabriel, ya te tuvimos al principio de esta campa\u00f1a electoral. Ahora en esta recta final \u00bfcomo vienen trabajando? Y \u00bfque impuls\u00f3 la \u00faltima visita de Ojeda a Durazno?<\/strong><\/p>\n<p>Todo tiene un principio, y esto no tiene fin. Como venimos diciendo Andr\u00e9s despert\u00f3 en el partido Colorado, y despert\u00f3 en otros partidos, una esperanza. Despert\u00f3 una confiabilidad, despert\u00f3 ese entusiasmo de salir adelante, como todo ciudadano uruguayo y duraznense quiere salir.<\/p>\n<p>Queremos transmitir que Andr\u00e9s est\u00e1 con Gabriel Montes de Oca y Gabriel Montes de Oca con Andr\u00e9s Ojeda. Eso es lo que le queremos transmitir a Durazno. Y transmitirle a Durazno que el Partido Colorado empieza a trabajar de una manera totalmente distinta. Est\u00e1 trabajando m\u00e1s cerca del ciudadano, est\u00e1 escuchando al ciudadano, y est\u00e1 tratando de sacar a la juventud adelante.<\/p>\n<p>Eso es lo que refleja Andr\u00e9s Ojeda. Tuvimos un muy buen acto, una muy buena concurrencia, y all\u00ed se ve\u00eda reflejado la juventud, con ganas, con alegr\u00eda, con esperanza. La juventud ve en Andr\u00e9s Ojeda una esperanza, una luz.<\/p>\n<p><strong>\u00bfC\u00f3mo se est\u00e1 trabajando con los j\u00f3venes y que impuls\u00f3 se les da?<\/strong><\/p>\n<p>Si usted mira las siete listas departamentales que tiene Andr\u00e9s Ojeda en Durazno, est\u00e1n todas pr\u00e1cticamente encabezadas por gente joven, un promedio de entre cuarenta, cuarenta y cinco a\u00f1os, veinticinco, treinta.<\/p>\n<p>Hoy los j\u00f3venes te piden tener policl\u00ednicas de salud mental. Ellos quieren salir, muchos de ellos quieren salir de las drogas, que es muy importante. El otro punto que ellos te piden es generar fuentes laborales, tener oportunidad laboral. Otra de las cosas que me llam\u00f3 poderosamente la atenci\u00f3n, es poder estudiar. Poder tener su vestimenta acorde para ir a a una facultad o para venir a la UTEC, o para ir a un liceo. Muchos de ellos se sienten como reprimidos, se sienten discriminados, porque ya sea que no tienen un informe para ir, un zapato, una campera o una una camisa, pero que tienen ganas de estudiar, y tienen ganas de llevar adelante lo que ellos sienten, sus profesiones, lo que les gusta.<\/p>\n<p>No hemos tenido la capacidad, los dirigentes departamentales, los que ocupan cargos, de darle a los j\u00f3venes una posibilidad laboral. Por ah\u00ed hay una veta, un proyecto de Andr\u00e9s Ojeda, de incentivar las becas laborales.<\/p>\n<p>Que ya el joven a los diecis\u00e9is a\u00f1os entren con una beca laboral, y que si es un buen funcionario y tiene la capacidad para seguir adelante, que ocupe ese cargo en cualquier ente p\u00fablico, digamos, cualquier instituci\u00f3n p\u00fablica.<\/p>\n<p>Por ah\u00ed es donde empieza a caminar el cambio de la juventud. No con la discriminaci\u00f3n, no con juzgar, sino darle la oportunidad, desde los diecis\u00e9is a\u00f1os, con becas laborales.<\/p>\n<p>Y bueno, lo que vamos a ocupar cargo y lo que trabajamos en pol\u00edtica, tenemos que poner la atenci\u00f3n ah\u00ed.<\/p>\n<p>Ah\u00ed es donde los puntos que que te dicen los j\u00f3venes, queremos tener una plaza p\u00fablica, segura, donde podamos ir a tomar un mate, a donde no haya una balacera, a donde no haya alguien que venga y traiga la droga, que nos contamine, queremos una seguridad.<\/p>\n<p>Y por ah\u00ed pasa algo muy importante, que cuando hablamos de la seguridad de que ellos piden, que tengamos un buen polic\u00eda, que sepa actuar con nosotros.<\/p>\n<p><strong>Todas estas cosas, \u00bfson cosas que est\u00e1n diciendo los j\u00f3venes o le est\u00e1s poniendo palabras a los j\u00f3venes?<\/strong><\/p>\n<p>No, no, ellos se re\u00fanen los jueves y los viernes en el comit\u00e9, y y siempre te est\u00e1n haciendo una propuesta, y vos lo ten\u00e9s que escuchar porque te dicen, no se puede ir a la plaza, porque si est\u00e1s con un champi\u00f3n de marca, vienen y te lo roban, la polic\u00eda no no anda en la plaza, no tenemos no tenemos un sereno, no tenemos un placer, o te dice, que que nos sentamos protegidos.<\/p>\n<p>Y muchos de esos que hoy lo juzgamos porque son adictos a la droga, si vos vieras los proyectos que tienen, la capacidad que tienen para salir adelante, les falta apoyo.<\/p>\n<p><strong>Gabriel, \u00bfcu\u00e1les son tus aspiraciones pol\u00edticas para estas pr\u00f3ximas elecciones? <\/strong><\/p>\n<p>Primero, ganar las internas el treinta de junio. Como dije Ojeda es Montes de Oca y Montes de Oca es Ojeda, con las listas 318. Despu\u00e9s al otro d\u00eda de ganar la agenda interna, tener un buen comit\u00e9 ejecutivo del partido Colorado, que no funciona en Durazno<\/p>\n<p>Cinco a\u00f1os que no funcion\u00f3, es una verg\u00fcenza para una divisa pol\u00edtica tan grande como es el partido Colorado, que no haya funcionado.<\/p>\n<p><strong>\u00bfYa has tenido acercamiento con los otros sectores Colorados? <\/strong><\/p>\n<p>Hemos charlado muy poco, y el domingo que lo encontr\u00e9 a todos en la feria, le dije, primero tenemos que juntarnos para tener un partido fortalecido.<\/p>\n<p>Y ganar la diputaci\u00f3n, sea quien sea, hay que ganar la diputaci\u00f3n. Para recuperar la banca, y segundo, para trabajar con el pueblo, desde el pueblo y para el pueblo.<\/p>\n<p>No irme a Montevideo y olvidarme del pueblo. El pueblo vive los trescientos sesenta y cinco d\u00edas del a\u00f1o.<\/p>\n<p>Y nosotros tenemos que devolver al pueblo gesti\u00f3n, contenci\u00f3n, proyecto, trabajo, crear fuentes laborales, traer fuentes laborales a Durazno. La gente necesita trabajar, necesita llegar a fin de mes, y necesita tener seguridad.<\/p>\n<p>Bueno, eso es lo que a m\u00ed me emociona, es el anhelo, las ganas de trabajar por mi pueblo desde los barrios. Mi oficina no va a estar en un parlamento. Mi oficina tiene que estar en los barrios escuchando a los vecinos, escuchando a los j\u00f3venes, y escuchando a los abuelos.<\/p>\n<p>Hay hambre. Eso no importa, por eso quiero llegar a la diputaci\u00f3n.<\/p>\n<p><strong>Cuando hablas del hambre que est\u00e1 est\u00e1 pasando el pueblo, \u00bfQu\u00e9 trabajo no hizo la coalici\u00f3n, y en este caso el partido Colorado, dentro del gobierno en estos cinco a\u00f1os? <\/strong><\/p>\n<p>Yo pienso que el gobierno, algunas cosas hizo bien, algunas cosas hizo mal.<\/p>\n<p>En el Ministerio de Desarrollo Social hay cosas que s\u00e9 que est\u00e1n mal, no veo por ah\u00ed el camino, no es dando m\u00e1s canasta de alimento y m\u00e1s tarjeta del Mides, sino es dando oportunidad laboral.<\/p>\n<p><strong>\u00bfC\u00f3mo funciona actualmente el Mides ac\u00e1 en Durazno? <\/strong><\/p>\n<p>Yo veo que ellos hacen lo que pueden, con las herramientas que tienen.<\/p>\n<p>Yo creo que este MIDES, si bien atiende mucho a la gente, porque conozco al director y s\u00e9 que es muy humano, y s\u00e9 que ha trabajado, pero le faltan herramientas al director departamental.<\/p>\n<p>Al Ministerio de Desarrollo Social le faltan muchas herramientas, y creatividad.<\/p>\n<p><strong>\u00bfComo funciona INEFOP?<\/strong><\/p>\n<p>Es muy poco INEFOP. Hay mucho m\u00e1s para potenciar, y tiene presupuesto. Pero el presupuesto que tiene INEFOP es muy acotado.<\/p>\n<p>Tiene que expandirse m\u00e1s, tiene que andar m\u00e1s, trabajar en conjunto con la Intendencia y aprovechar las oficinas barriales.<\/p>\n<p>Ah\u00ed es donde tiene que estar INEFOP, porque desde las oficinas barriales se puede dar una buena mano.<\/p>\n<p>Falta involucrarse m\u00e1s con la Intendencia Departamental de Durazno. Involucrarse m\u00e1s con el departamento de desarrollo, involucrarse m\u00e1s con el centro comercial. Nosotros tenemos que tener esa oficina permanentemente trabajando y permanentemente buscando pol\u00edticas de oportunidades.<\/p>\n<p>Esas pol\u00edticas tienen que pasar por el departamento de desarrollo, darle la oportunidad, y no tener un departamento para pagar sueldo, sino que hay que darle la oportunidad al Departamento de Desarrollo.<\/p>\n<p><strong>\u00bfHoy en d\u00eda qu\u00e9 hace el Departamento de Desarrollo de Durazno?<\/strong><\/p>\n<p>Buena pregunta. Deja mucho que desear. Si usted va al interior profundo, no ha tenido una pol\u00edtica de oportunidades para el peque\u00f1o o mediano productor de tener un pozo de agua.<\/p>\n<p>Usted ve que con la escasez del agua fue un sacrificio llevarle un tanque de agua. Cuando ah\u00ed tendr\u00edamos que tener pol\u00edticas de darle pr\u00e9stamos. Hay que dar pr\u00e9stamos blandos, hay que darle cr\u00e9ditos a esa gente de campa\u00f1a, porque all\u00ed, hay un joven, hay un hijo.<\/p>\n<p>Y que miran a su padre y miran que no hay oportunidad, y terminan y\u00e9ndose para la ciudad o termine y\u00e9ndose para Europa. Eso es lo que nosotros no queremos. Nosotros queremos que el joven rural se quede en la campa\u00f1a.<\/p>\n<p>Pero empecemos a brindar oportunidades. Desde un pozo para riego, desde invern\u00e1culo, desde poder comprar una cosechadora, de poder comprar un tractor, de poder darle animales, la Intendencia lo puede hacer.<\/p>\n<p><strong>\u00bfEst\u00e1 de acuerdo con crear alcald\u00edas en en todas las localidades de Durazno? <\/strong><\/p>\n<p>Yo pienso que s\u00ed. Las alcald\u00edas son muy buenas. \u00bfPor qu\u00e9 son muy buenas? Porque son los o\u00eddos del Intendente. Son el primer o\u00eddo receptor del ciudadano.<\/p>\n<p>Entonces, vos sab\u00e9s que una vez al mes, vos est\u00e1s interiorizado lo que pasa al barrio, pod\u00e9s mejorar much\u00edsimo la seguridad del barrio, la iluminaci\u00f3n del barrio, las calles del barrio, pod\u00e9s darle creatividad a los barrios.<\/p>\n<p>Yo estoy estoy muy de acuerdo con las alcald\u00edas, muy de acuerdo.<\/p>\n<p>Sea la divisa pol\u00edtica, sea cual sea, el Alcalde tiene que trabajar por su barrio.<\/p>\n<p><strong>\u00bfEsto no le quitar\u00eda poder pol\u00edtico al Intendente? <\/strong><\/p>\n<p>Si un Intendente apuesta mucho a su oficina barriales, lo escucha, lo atiende, lo apoya, y le da el apoyo que tiene que darle un alcalde, el intendente nos precisa salir a buscar el voto, en las pr\u00f3ximas elecciones.<\/p>\n<p>Porque la gente se sinti\u00f3 respaldada, porque la gente vio la gesti\u00f3n, y porque dijo, en este hombre se puede confiar nuevamente.<\/p>\n<p>Nada m\u00e1s que ac\u00e1 no han sabido aprovechar eso, no han sido inteligentes o no quieren que nadie crezca.<\/p>\n<p><strong>Por \u00faltimo \u00bfQu\u00e9 llamado hac\u00e9s para este 30 de junio?<\/strong><\/p>\n<p>El primer llamado que hago, es a la reflexi\u00f3n, ir a votar el treinta de junio, que es muy importante, no es obligatorio pero hay que votar. Porque ac\u00e1 es donde se eligen los candidatos.<\/p>\n<p>Segundo llamado, que la lista oficial de Andr\u00e9s Ojeda y Gabriel Montes de Oca, es la lista 318.<\/p>\n<p>P\u00eddela en el comit\u00e9, vaya en el cuarto secreto, busque la lista tres dieciocho, y si quiere votar alguna de las departamentales, tiene la posibilidad que va a estar al lado de la 318, que la vote.<\/p>\n<p>Tercero, quiero un partido Colorado fortalecido. Al otro d\u00eda, mirarnos a la cara con los correligionarios, abrazarnos y decir, viva el Partido Colorado, est\u00e1 vivo, vamos a trabajar por nuestra gente, eso es lo que quiero.<\/p>\n<p>La \u00fanica manera que podemos crecer es uni\u00e9ndonos, sin criticarnos, sin matarnos, sin pegarnos, y demostrarle a la ciudadan\u00eda que con humildad se puede, y que con una unidad se llega al \u00e9xito.<\/p>\n<p>&nbsp;<\/p>\n","protected":false},"excerpt":{"rendered":"<p>En el \u00faltimo tramo de las internas Gabriel Montes de Oca nos brind\u00f3 una entrevista para hablar de c\u00f3mo vienen trabajando con Andr\u00e9s Ojeda y de sus aspiraciones pol\u00edticas para este 30 de junio y para lo que sigue hacia octubre. Adem\u00e1s hizo un an\u00e1lisis del estado de cotizaci\u00f3n del departamento.<\/p>\n","protected":false},"author":4,"featured_media":4835,"comment_status":"closed","ping_status":"closed","sticky":false,"template":"","format":"standard","meta":{"footnotes":""},"categories":[5,31],"tags":[],"class_list":["post-4834","post","type-post","status-publish","format-standard","has-post-thumbnail","hentry","category-durazno","category-entrevista-politica"],"_links":{"self":[{"href":"https:\/\/paginacero.com.uy\/index.php?rest_route=\/wp\/v2\/posts\/4834","targetHints":{"allow":["GET"]}}],"collection":[{"href":"https:\/\/paginacero.com.uy\/index.php?rest_route=\/wp\/v2\/posts"}],"about":[{"href":"https:\/\/paginacero.com.uy\/index.php?rest_route=\/wp\/v2\/types\/post"}],"author":[{"embeddable":true,"href":"https:\/\/paginacero.com.uy\/index.php?rest_route=\/wp\/v2\/users\/4"}],"replies":[{"embeddable":true,"href":"https:\/\/paginacero.com.uy\/index.php?rest_route=%2Fwp%2Fv2%2Fcomments&post=4834"}],"version-history":[{"count":1,"href":"https:\/\/paginacero.com.uy\/index.php?rest_route=\/wp\/v2\/posts\/4834\/revisions"}],"predecessor-version":[{"id":4836,"href":"https:\/\/paginacero.com.uy\/index.php?rest_route=\/wp\/v2\/posts\/4834\/revisions\/4836"}],"wp:featuredmedia":[{"embeddable":true,"href":"https:\/\/paginacero.com.uy\/index.php?rest_route=\/wp\/v2\/media\/4835"}],"wp:attachment":[{"href":"https:\/\/paginacero.com.uy\/index.php?rest_route=%2Fwp%2Fv2%2Fmedia&parent=4834"}],"wp:term":[{"taxonomy":"category","embeddable":true,"href":"https:\/\/paginacero.com.uy\/index.php?rest_route=%2Fwp%2Fv2%2Fcategories&post=4834"},{"taxonomy":"post_tag","embeddable":true,"href":"https:\/\/paginacero.com.uy\/index.php?rest_route=%2Fwp%2Fv2%2Ftags&post=4834"}],"curies":[{"name":"wp","href":"https:\/\/api.w.org\/{rel}","templated":true}]}}