{"id":4831,"date":"2024-06-24T11:50:56","date_gmt":"2024-06-24T14:50:56","guid":{"rendered":"https:\/\/paginacero.com.uy\/?p=4831"},"modified":"2024-06-24T11:50:56","modified_gmt":"2024-06-24T14:50:56","slug":"polaroid-en-el-pequeno-ciclo-llama-a-fotografos-a-sumarse","status":"publish","type":"post","link":"https:\/\/paginacero.com.uy\/?p=4831","title":{"rendered":"Polaroid en el Peque\u00f1o: ciclo llama a fot\u00f3grafos a sumarse"},"content":{"rendered":"<p><strong>Una iniciativa de Usina Cultural, el Peque\u00f1o Teatro y Fotocaf\u00e9, con el apoyo de diario P\u00e1gina Cero, se ha titulado \u201cPolaroid en el Peque\u00f1o\u201d y tiene como objetivo agregarle al ciclo de cine de pel\u00edculas que est\u00e1n dando en el Peque\u00f1o Teatro, gracias al legado que dej\u00f3 el Cine Club, una convocatoria abierta a todos sobre fotograf\u00edas referidas al t\u00edtulo de la pel\u00edcula que se exhibir\u00e1.<\/strong><!--more--><\/p>\n<p>\u201cEsas fotos que se env\u00eden para participar, no es concurso, simplemente una participaci\u00f3n del llamado, se van a proyectar el d\u00eda de la pel\u00edcula antes de la misma, agreg\u00e1ndole un contenido m\u00e1s al ciclo de cine. No hay l\u00edmites sobre el tipo de fotograf\u00eda que se presente, siempre que est\u00e9 relacionada con el t\u00edtulo\u201d dijeron desde la organizaci\u00f3n.<\/p>\n<p>D\u00edas atr\u00e1s se llev\u00f3 adelante la primera convocatoria con una exitosa participaci\u00f3n de duraznenses y a futuro se espera poder realizar una exposici\u00f3n con los trabajos que se sumen a la propuesta durante el a\u00f1o.<\/p>\n<p>El ciclo de cine se lleva adelante luego de que Cine Club dejara de funcionar y donara sus instalaciones al Peque\u00f1o Teatro, el que contin\u00faa adelante con la iniciativa brindando la exhibici\u00f3n de pel\u00edculas en forma semanal.<\/p>\n","protected":false},"excerpt":{"rendered":"<p>Una iniciativa de Usina Cultural, el Peque\u00f1o Teatro y Fotocaf\u00e9, con el apoyo de diario P\u00e1gina Cero, se ha titulado \u201cPolaroid en el Peque\u00f1o\u201d y tiene como objetivo agregarle al ciclo de cine de pel\u00edculas que est\u00e1n dando en el Peque\u00f1o Teatro, gracias al legado que dej\u00f3 el Cine Club, una convocatoria abierta a todos [&hellip;]<\/p>\n","protected":false},"author":4,"featured_media":4832,"comment_status":"closed","ping_status":"closed","sticky":false,"template":"","format":"standard","meta":{"footnotes":""},"categories":[5],"tags":[],"class_list":["post-4831","post","type-post","status-publish","format-standard","has-post-thumbnail","hentry","category-durazno"],"_links":{"self":[{"href":"https:\/\/paginacero.com.uy\/index.php?rest_route=\/wp\/v2\/posts\/4831","targetHints":{"allow":["GET"]}}],"collection":[{"href":"https:\/\/paginacero.com.uy\/index.php?rest_route=\/wp\/v2\/posts"}],"about":[{"href":"https:\/\/paginacero.com.uy\/index.php?rest_route=\/wp\/v2\/types\/post"}],"author":[{"embeddable":true,"href":"https:\/\/paginacero.com.uy\/index.php?rest_route=\/wp\/v2\/users\/4"}],"replies":[{"embeddable":true,"href":"https:\/\/paginacero.com.uy\/index.php?rest_route=%2Fwp%2Fv2%2Fcomments&post=4831"}],"version-history":[{"count":1,"href":"https:\/\/paginacero.com.uy\/index.php?rest_route=\/wp\/v2\/posts\/4831\/revisions"}],"predecessor-version":[{"id":4833,"href":"https:\/\/paginacero.com.uy\/index.php?rest_route=\/wp\/v2\/posts\/4831\/revisions\/4833"}],"wp:featuredmedia":[{"embeddable":true,"href":"https:\/\/paginacero.com.uy\/index.php?rest_route=\/wp\/v2\/media\/4832"}],"wp:attachment":[{"href":"https:\/\/paginacero.com.uy\/index.php?rest_route=%2Fwp%2Fv2%2Fmedia&parent=4831"}],"wp:term":[{"taxonomy":"category","embeddable":true,"href":"https:\/\/paginacero.com.uy\/index.php?rest_route=%2Fwp%2Fv2%2Fcategories&post=4831"},{"taxonomy":"post_tag","embeddable":true,"href":"https:\/\/paginacero.com.uy\/index.php?rest_route=%2Fwp%2Fv2%2Ftags&post=4831"}],"curies":[{"name":"wp","href":"https:\/\/api.w.org\/{rel}","templated":true}]}}