{"id":4810,"date":"2024-06-20T17:34:38","date_gmt":"2024-06-20T20:34:38","guid":{"rendered":"https:\/\/paginacero.com.uy\/?p=4810"},"modified":"2024-06-20T17:34:38","modified_gmt":"2024-06-20T20:34:38","slug":"intendente-vidalin-hizo-referencia-a-las-obras-y-desarrollo-deportivo-en-todo-el-departamento","status":"publish","type":"post","link":"https:\/\/paginacero.com.uy\/?p=4810","title":{"rendered":"Intendente Vidal\u00edn hizo referencia a las obras y desarrollo deportivo en todo el departamento"},"content":{"rendered":"<p><strong>\u201cCreo que en el \u00e1rea deportiva hemos desarrollado una gesti\u00f3n que va a ser muy dif\u00edcil de igualar en los pr\u00f3ximos a\u00f1os\u201d, dijo el Intendente de Durazno, Lic. Carmelo Vidal\u00edn, haciendo menci\u00f3n a algunas de las obras impulsadas por la Intendencia en todo el departamento.<\/strong><!--more--><\/p>\n<p>Al mencionar algunas de ellas, cit\u00f3 la transformaci\u00f3n del estadio \u201cSilvestre Octavio Landoni\u201d, que adem\u00e1s de las obras ya realizadas, contin\u00faan con la construcci\u00f3n desde \u201ccero\u201d de la tribuna Norte; el tramo norte de la \u201cTribuna de los Campeones Jos\u00e9 Guillermo Vera\u201d; y la continuaci\u00f3n de la tribuna \u201cAlfredo \u201cChuco\u201d Zarza\u201d.<\/p>\n<p>Sobre la obra finalizada de la tribuna principal, dijo que \u201cme ilusiono mucho con este proyecto del Arq. (Santiago) Carbajal. Esta tribuna de los campeones qued\u00f3 preciosa, un gran homenaje al f\u00fatbol duraznense; sabemos que ya lleg\u00f3 el material para la tribuna que da sobre el r\u00edo Yi; veremos que nombre llevar\u00e1; tambi\u00e9n la otra tribuna Alfredo Zarza estamos trabajando en ella; vamos a tratar de disimular lo m\u00e1s posible los contenedores\u201d, sostuvo, agregando que el muro perimetral ser\u00e1 levantado para que quede a la misma altura en todo el derredor; as\u00ed como se prev\u00e9n mejoras de locaci\u00f3n en el \u00e1rea administrativa y en vestuarios.<\/p>\n<p>Tambi\u00e9n habr\u00e1n obras en otras partes del Complejo Deportivo, dijo Vidal\u00edn, detallando que se habr\u00e1 de finalizar la cancha exterior de B\u00e1squetbol, donde se levantar\u00e1 el piso y se colocar\u00e1 sint\u00e9tico, y nuevos tableros e iluminaci\u00f3n.<\/p>\n<p>En el estadio cerrado \u201cErnesto de Le\u00f3n\u201d, se realizar\u00e1 a nuevo el piso &#8216;flotante&#8217; de la cancha y mejoras en la iluminaci\u00f3n, se\u00f1alando que habr\u00e1 un par\u00e9ntesis en su uso;\u201cno olvidemos que se est\u00e1 desarrollando un hermoso campeonato de la Liga de B\u00e1squetbol de la cual estamos orgullosos\u201d.<\/p>\n<p>La cancha exterior multideportes ubicada en la explanada del complejo tambi\u00e9n ser\u00e1 mejorada, anticip\u00f3 Vidal\u00edn; \u201ces una cancha de 40 x 60 metros que tambi\u00e9n lleva c\u00e9sped sint\u00e9tico. Va a quedar realmente hermoso todo ese espacio\u201d.<\/p>\n<p>El campo de juego del estadio de F\u00fatbol Infantil \u201cJos\u00e9 Pedro Varela\u201d, tendr\u00e1 c\u00e9sped sint\u00e9tico; habr\u00e1 nueva iluminaci\u00f3n, tribunas y mejoras en vestuarios, \u201ccomo forma de seguir apoyando nuestro baby f\u00fatbol\u201d, mencion\u00f3.<\/p>\n<p>Agreg\u00f3 que se acaba de terminar en el Parque de la Hispanidad la reforma de la Pista de Ciclismo, se\u00f1alando que \u201cno me gustaba lo que hab\u00edan hecho. Ahora hicimos una pista con carpeta asf\u00e1ltica como estaba previsto, hemos estado dialogando con la Federaci\u00f3n Ciclista de Durazno, que tiene un gran equipo trabajando; y vamos a hacer much\u00edsimas actividades ah\u00ed en la pista\u201d.<\/p>\n<p>En otro sector del Parque de la Hispanidad \u201cviene una cancha sint\u00e9tica, donde estaba la cancha de Rugby; va a ser para tres disciplinas; para Hockey, porque tenemos un grupo importante de gente, ni\u00f1as sobre todo, adolescentes mujeres que lo practican y queremos darle un espacio como ellas se merecen; cancha de F\u00fatbol y cancha de Rugby, tambi\u00e9n tendr\u00e1 tribuna, vestuarios y un sal\u00f3n comedor\u201d.<\/p>\n<p>Otra de las iniciativas de desarrollo deportivo es el Parque Inundable, en la zona de la avenida Orlando Aldama y Winston Churchill y la v\u00eda f\u00e9rrea, \u201cdonde est\u00e1 la cancha de Defensor, donde estaba antes la cancha de Rampla Juniors, que a\u00f1oramos, vienen dos canchas nuevas tambi\u00e9n, por lo tanto vamos a tener escenarios deportivos de toda \u00edndole, y con esto lo que queremos es tratar de contagiar a las instituciones, que ellos tambi\u00e9n lleven adelante sus escenarios deportivos\u201d.<\/p>\n<p>Agreg\u00f3 que desde el lugar de gobernante \u201cvaloramos much\u00edsimo la tarea que realiza Sportivo Yi; que lindo que est\u00e1 quedando ese complejo; la tarea del Club Wanderers; lo que fue Santa Bernardina; Artigas, que muchas veces nos sacan de los problemas; el Club Central tambi\u00e9n con su cancha; Molles FC en Carlos Reyles; pero queremos que todos hagan un esfuerzo\u201d.<\/p>\n<p>-SARAND\u00cd DEL YI, CERRO CHATO<\/p>\n<p>Vidal\u00edn, inform\u00f3 adem\u00e1s la inminente construcci\u00f3n de la Casa de los Deportes \u201cun viejo anhelo de la Liga de Sarand\u00ed del Yi y tambi\u00e9n del Alcalde y de los Concejales\u201d.<\/p>\n<p>\u201cEn Cerro Chato estamos construyendo un hermoso estadio, que Cerro Chato va a disfrutar y va a lucir, como en su momento ayudamos a construir el de Pueblo Centenario; como en su momento ayudamos a construir en Blanquillo y tambi\u00e9n lo hicimos en La Paloma\u201d, \u201cestamos dispuestos a seguir trabajando en ese sentido\u201d, remarc\u00f3, Vidal\u00edn.<\/p>\n<p>Se mostr\u00f3 orgulloso de la tarea que llevan adelante las Escuelas Deportivas, \u201clos docentes y el importante n\u00famero de alumnos que tenemos, no solamente aqu\u00ed en lo que es la piscina o el gimnasio o la pista, sino tambi\u00e9n en los Centros de Integraci\u00f3n Barrial (CIB), como tambi\u00e9n en el Interior, donde se realiza much\u00edsima actividad\u201d, \u201cno olvidemos que en el Interior, hemos realizado piscinas en La Paloma, el cerramiento de la piscina de Ciudad del Carmen, que tiene una intensa actividad; el cerramiento y climatizaci\u00f3n de la piscina de Sarand\u00ed del Yi\u201d.<\/p>\n<p>Los elogios de los que ha sido objeto el departamento de Durazno, y en particular la Intendencia por parte de autoridades y\/o referentes del deporte, como los futbolistas Diego God\u00edn y Daniel Leites; el Secretario Nacional del Deporte, Sebasti\u00e1n Bauz\u00e1; o el Presidente del Club Porongos de Flores, Gonzalo de Le\u00f3n, son tomados por Vidal\u00edn como \u201cmasajes para continuar trabajando en ese sentido, con todo el equipo de compa\u00f1eros municipales, con todos los docentes comprometidos que tenemos en la ciudad y en el Interior\u201d.<\/p>\n","protected":false},"excerpt":{"rendered":"<p>\u201cCreo que en el \u00e1rea deportiva hemos desarrollado una gesti\u00f3n que va a ser muy dif\u00edcil de igualar en los pr\u00f3ximos a\u00f1os\u201d, dijo el Intendente de Durazno, Lic. Carmelo Vidal\u00edn, haciendo menci\u00f3n a algunas de las obras impulsadas por la Intendencia en todo el departamento.<\/p>\n","protected":false},"author":4,"featured_media":4811,"comment_status":"closed","ping_status":"closed","sticky":false,"template":"","format":"standard","meta":{"footnotes":""},"categories":[5],"tags":[],"class_list":["post-4810","post","type-post","status-publish","format-standard","has-post-thumbnail","hentry","category-durazno"],"_links":{"self":[{"href":"https:\/\/paginacero.com.uy\/index.php?rest_route=\/wp\/v2\/posts\/4810","targetHints":{"allow":["GET"]}}],"collection":[{"href":"https:\/\/paginacero.com.uy\/index.php?rest_route=\/wp\/v2\/posts"}],"about":[{"href":"https:\/\/paginacero.com.uy\/index.php?rest_route=\/wp\/v2\/types\/post"}],"author":[{"embeddable":true,"href":"https:\/\/paginacero.com.uy\/index.php?rest_route=\/wp\/v2\/users\/4"}],"replies":[{"embeddable":true,"href":"https:\/\/paginacero.com.uy\/index.php?rest_route=%2Fwp%2Fv2%2Fcomments&post=4810"}],"version-history":[{"count":1,"href":"https:\/\/paginacero.com.uy\/index.php?rest_route=\/wp\/v2\/posts\/4810\/revisions"}],"predecessor-version":[{"id":4812,"href":"https:\/\/paginacero.com.uy\/index.php?rest_route=\/wp\/v2\/posts\/4810\/revisions\/4812"}],"wp:featuredmedia":[{"embeddable":true,"href":"https:\/\/paginacero.com.uy\/index.php?rest_route=\/wp\/v2\/media\/4811"}],"wp:attachment":[{"href":"https:\/\/paginacero.com.uy\/index.php?rest_route=%2Fwp%2Fv2%2Fmedia&parent=4810"}],"wp:term":[{"taxonomy":"category","embeddable":true,"href":"https:\/\/paginacero.com.uy\/index.php?rest_route=%2Fwp%2Fv2%2Fcategories&post=4810"},{"taxonomy":"post_tag","embeddable":true,"href":"https:\/\/paginacero.com.uy\/index.php?rest_route=%2Fwp%2Fv2%2Ftags&post=4810"}],"curies":[{"name":"wp","href":"https:\/\/api.w.org\/{rel}","templated":true}]}}