{"id":4804,"date":"2024-06-20T17:03:44","date_gmt":"2024-06-20T20:03:44","guid":{"rendered":"https:\/\/paginacero.com.uy\/?p=4804"},"modified":"2024-06-20T17:03:44","modified_gmt":"2024-06-20T20:03:44","slug":"curso-virtual-hacia-sistemas-integrales-de-cuidados","status":"publish","type":"post","link":"https:\/\/paginacero.com.uy\/?p=4804","title":{"rendered":"Curso virtual hacia sistemas integrales de cuidados"},"content":{"rendered":"<p><strong>Se est\u00e1 convocando para participar en el curso virtual \u201cHacia Sistemas Integrales de Cuidados. Formaci\u00f3n para la acci\u00f3n en pol\u00edticas p\u00fablicas\u201d.<\/strong><!--more--><\/p>\n<p>La Quinta Cohorte del Curso, que se organiza en el marco de la Iniciativa Regional de Protecci\u00f3n Social y G\u00e9nero de PNUD, OIT, ONU Mujeres y CEPAL, se realizar\u00e1 entre el 18 de julio y el 29 de agosto de este a\u00f1o y busca promover el intercambio de conocimiento en materia de sistemas integrales de cuidados con especial \u00e9nfasis en lo local. Est\u00e1 dirigido a personas trabajando en gobiernos (nacionales o subnacionales), empresas del sector privado, parlamentarias\/os, sindicalistas, docentes e investigadores\/as; integrantes de organizaciones de sociedad civil y movimiento de mujeres.<\/p>\n<p>Constar\u00e1 de 7 sesiones sincr\u00f3nicas de dos horas, de frecuencia semanal (jueves de 9 a 11 am hora de Panam\u00e1), facilitadas a trav\u00e9s de la plataforma Zoom. Se entregar\u00e1 un certificado al finalizar el curso para las personas que asistan a por lo menos 5 de las 7 sesiones sincr\u00f3nicas del curso. Este es un curso gratuito y con cupos limitados, por lo cual agradecemos se eval\u00fae que se cuenta con la disponibilidad de tiempo necesaria para completar el mismo. Conocer el programa aqu\u00ed<\/p>\n<p>Las personas seleccionadas para participar recibir\u00e1n una comunicaci\u00f3n por correo a m\u00e1s tardar el 30 de junio, as\u00ed como el programa detallado y los enlaces a las plataformas de Zoom y de Moodle.<\/p>\n<p>Con este curso se busca actualizar el programa de acuerdo con los acuerdos internacionales.<\/p>\n<p>El primer encuentro tratar\u00e1 sobre Aspectos conceptuales b\u00e1sicos. Organizaci\u00f3n social de los cuidados. Lecciones aprendidas sobre los cuidados en el marco de recuperaci\u00f3n de la crisis del Covid-19. Macroeconom\u00eda y Cuidados. Oportunidades y desaf\u00edos en el actual escenario de crisis multidimensionales.<\/p>\n<p>La Sesi\u00f3n 2 es titulada \u201cEl proceso hacia la construcci\u00f3n de un sistema de cuidados\u201d, marcos normativos de los sistemas de cuidados. Arreglos institucionales y de gobernanza, luego seguir\u00e1 el tema \u201cEl proceso hacia la construcci\u00f3n de un sistema de cuidados\u201d, componentes de los sistemas integrales de cuidados: transferencias, Infraestructura, servicios y licencias. Mapas de Cuidados.<\/p>\n<p>Sesi\u00f3n 4 \u201cLa protecci\u00f3n social de las personas trabajadoras remuneradas del cuidado\u201d, busca recompensar y representar a las trabajadoras y los trabajadores de cuidado remunerado, formalizaci\u00f3n de las personas trabajadoras del cuidado: pasos a seguir para tener equiparaci\u00f3n de derechos y beneficios. Qu\u00e9 cosas funcionan, qu\u00e9 cosas no, buenas pr\u00e1cticas y lecciones aprendidas.<\/p>\n<p>Sesi\u00f3n 5 \u201cLos cuidados comunitarios, desaf\u00edos y oportunidades para repensar los cuidados desde la interseccionalidad\u201d, aspectos conceptuales. Los cuidados en los espacios urbanos y espacios rurales. Los cuidados en los pueblos y comunidades ind\u00edgenas.<\/p>\n<p>Sesi\u00f3n 6 \u201cFiscalidad y financiamiento de los sistemas integrales de cuidado\u201d, aspectos conceptuales y pr\u00e1cticos.<\/p>\n<p>Sesi\u00f3n 7 cierre del curso con un ejercicio de reflexi\u00f3n participativa sobre aprendizajes, desaf\u00edos y pasos a seguir. Palabras de cierre de las instituciones que convocan.<\/p>\n<p>Durante el curso se podr\u00e1 conocer y debatir sobre las lecciones aprendidas que nos han tra\u00eddo las diversas experiencias transformadoras de la regi\u00f3n en la construcci\u00f3n de sistemas integrales de cuidados, y reflexionar acerca de c\u00f3mo responder ante la desigual distribuci\u00f3n de la carga de los cuidados y c\u00f3mo avanzar hacia una recuperaci\u00f3n sostenible y con igualdad de g\u00e9nero en el actual contexto de m\u00faltiples crisis.<\/p>\n<p>En esta \u00faltima sesi\u00f3n estar\u00e1n participante representantes de cada una de las instituciones, Cecilia Alemany, oficial a cargo de la oficina regional de ONU Mujeres para las Am\u00e9ricas y el Caribe, Ana G\u00fcezmes, directora de la Divisi\u00f3n de Asuntos de G\u00e9nero de la CEPAL, Guillermina Mart\u00edn, l\u00edder del equipo regional de g\u00e9nero de PNUD, Claudia Coenjaerts, directora ad interim para Am\u00e9rica Latina y el Caribe de la OIT, con el objetivo de poner en foco temas relevantes para las econom\u00edas y sociedades como son la protecci\u00f3n social de las trabajadoras remuneradas del cuidado, los cuidados comunitarios, la construcci\u00f3n de los sistemas integrales de cuidados y su fiscalidad y financiamiento.<\/p>\n<p>Desde la oficina Regional de ONU Mujeres para las Am\u00e9ricas y el Caribe existe un firme compromiso para seguir colaborando en esta iniciativa, a la que se seguir\u00e1 brindando expertise y dedicaci\u00f3n para fortalecer y promover los sistemas integrales de cuidados en la regi\u00f3n y avanzar hacia la sociedad del cuidado.<\/p>\n","protected":false},"excerpt":{"rendered":"<p>Se est\u00e1 convocando para participar en el curso virtual \u201cHacia Sistemas Integrales de Cuidados. Formaci\u00f3n para la acci\u00f3n en pol\u00edticas p\u00fablicas\u201d.<\/p>\n","protected":false},"author":4,"featured_media":4805,"comment_status":"closed","ping_status":"closed","sticky":false,"template":"","format":"standard","meta":{"footnotes":""},"categories":[5,17],"tags":[],"class_list":["post-4804","post","type-post","status-publish","format-standard","has-post-thumbnail","hentry","category-durazno","category-suplemento-mujer"],"_links":{"self":[{"href":"https:\/\/paginacero.com.uy\/index.php?rest_route=\/wp\/v2\/posts\/4804","targetHints":{"allow":["GET"]}}],"collection":[{"href":"https:\/\/paginacero.com.uy\/index.php?rest_route=\/wp\/v2\/posts"}],"about":[{"href":"https:\/\/paginacero.com.uy\/index.php?rest_route=\/wp\/v2\/types\/post"}],"author":[{"embeddable":true,"href":"https:\/\/paginacero.com.uy\/index.php?rest_route=\/wp\/v2\/users\/4"}],"replies":[{"embeddable":true,"href":"https:\/\/paginacero.com.uy\/index.php?rest_route=%2Fwp%2Fv2%2Fcomments&post=4804"}],"version-history":[{"count":1,"href":"https:\/\/paginacero.com.uy\/index.php?rest_route=\/wp\/v2\/posts\/4804\/revisions"}],"predecessor-version":[{"id":4806,"href":"https:\/\/paginacero.com.uy\/index.php?rest_route=\/wp\/v2\/posts\/4804\/revisions\/4806"}],"wp:featuredmedia":[{"embeddable":true,"href":"https:\/\/paginacero.com.uy\/index.php?rest_route=\/wp\/v2\/media\/4805"}],"wp:attachment":[{"href":"https:\/\/paginacero.com.uy\/index.php?rest_route=%2Fwp%2Fv2%2Fmedia&parent=4804"}],"wp:term":[{"taxonomy":"category","embeddable":true,"href":"https:\/\/paginacero.com.uy\/index.php?rest_route=%2Fwp%2Fv2%2Fcategories&post=4804"},{"taxonomy":"post_tag","embeddable":true,"href":"https:\/\/paginacero.com.uy\/index.php?rest_route=%2Fwp%2Fv2%2Ftags&post=4804"}],"curies":[{"name":"wp","href":"https:\/\/api.w.org\/{rel}","templated":true}]}}