{"id":4798,"date":"2024-06-20T16:58:43","date_gmt":"2024-06-20T19:58:43","guid":{"rendered":"https:\/\/paginacero.com.uy\/?p=4798"},"modified":"2024-06-20T16:58:43","modified_gmt":"2024-06-20T19:58:43","slug":"museo-del-vino-una-iniciativa-para-generar-cultura","status":"publish","type":"post","link":"https:\/\/paginacero.com.uy\/?p=4798","title":{"rendered":"Museo del Vino: una iniciativa para generar cultura"},"content":{"rendered":"<p><strong>Alba Santos es una referente de la cultura carmense y en la celebraci\u00f3n de los 150 a\u00f1os de la ciudad, llev\u00f3 adelante junto con su familia la apertura del Museo del Vino, una experiencia que uni\u00f3 historia, cultura y costumbres de la zona.<\/strong><!--more--><\/p>\n<p>Alba Santos es docente jubilada de educaci\u00f3n musical, Alguacil en el Juzgado de Paz Departamental de Durazno, \u201chacedora de actividades culturales en mi pueblo (Carmen) y donde est\u00e9 trabajando, trabaj\u00e9 en el Liceo 2, en el liceo del Carmen, en el Rubino en Uruguay Estudia, en el Pabell\u00f3n 18 de la C\u00e1rcel, fui receptora en el Juzgado Letrado, estuve a cargo de la Mesa de Menores y Violencia Dom\u00e9stica en el Juzgado Letrado de Durazno y conform\u00e9 la Comisi\u00f3n Contra la Violencia Dom\u00e9stica y ayudando a la UEVD cuando estuvo en Jefatura\u201d.<\/p>\n<p>\u201cTengo tres hijos, que son siempre acompa\u00f1antes y colaboradores incondicionales en las iniciativas que llevo adelante y cuatro nietos, trabajo en Durazno pero tambi\u00e9n como ayudante honoraria del Taller de M\u00fasica en la Escuela 11 de Santa Bernardina, en el Colegio del Carmen y hago todo tipo de actividades culturales cada vez que se presenta la ocasi\u00f3n, como el pasado fin de semana aportando desde mi lugar para los 150 a\u00f1os del Carmen la creaci\u00f3n del Museo del Vino y el apoyo para el espect\u00e1culo de m\u00fasicos, porque tambi\u00e9n conform\u00e9 el grupo Savia con el cual representamos durante once a\u00f1os a Durazno en todo el Uruguay con Joselo D\u00edaz, Carlos Rodr\u00edguez, Rafael Rodr\u00edguez, Pablo Gonz\u00e1lez, N\u00e9stor Gonz\u00e1lez. Actualmente tambi\u00e9n integro el Coro de Pierino Techera que desde hace cuatro a\u00f1os un proyecto para el mides, que ganamos, el Grupo Coral Carmense que se realiz\u00f3 nuevamente para los festejos de la ciudad del Carmen\u201d cont\u00f3.<\/p>\n<p>\u201cDurante muchos a\u00f1os trabaj\u00e9 como docente de franc\u00e9s y m\u00fasica en el liceo y cuando sacaron franc\u00e9s de la educaci\u00f3n, en el a\u00f1o 1984, como eran pocas las horas de m\u00fasica, ten\u00eda dos hijos, concurs\u00e9 para ingresar al Poder Judicial e ingres\u00e9 en Durazno. Despu\u00e9s de 13 a\u00f1os de trabajar en el Carmen ped\u00ed traslado a Durazno y concurs\u00e9 para Alguacil en el Juzgado de Paz. Mi trabajo me gusta en general, este \u00faltimo cargo no es tan de mi agrado porque es bastante complicado en algunas instancias, como los lanzamientos, pero alguien tiene que hacerlo, es el trabajo que tengo hoy en d\u00eda\u201d agreg\u00f3.<\/p>\n<p>Alba dej\u00f3 la docencia de m\u00fasica durante la pandemia \u201cporque el trabajo por zoom no me atra\u00eda mucho para la m\u00fasica y porque estaba con bastantes a\u00f1os para jubilarme, pero no he dejado la docencia porque sigo haciendo cosas con los j\u00f3venes\u201d.<\/p>\n<p>\u201cEl Museo del Vino es algo que hace mucho quer\u00edamos hacer porque toda mi familia ha girado en torno a la vitivinicultura, fue mi abuelo Pedro Gonz\u00e1lez lleg\u00f3 en 1944 a la bodega del Carmen a hacerse cargo, llamado por don Andr\u00e9s Faraut y desde esa fecha hasta que cerr\u00f3 la bodega ha estado en manos de mi familia. Trabaj\u00e9 en la bodega, como traductora de franc\u00e9s, en los invern\u00e1culos. En esa \u00e9poca hac\u00edamos injertos, fue algo \u00fanico en el pa\u00eds y una \u00e9poca donde hubo much\u00edsimas mujeres trabajando en los invern\u00e1culos y en la vendimia, se llegaban a vender m\u00e1s de 300 mil plantas por a\u00f1o en el Uruguay de injertos que eran sobre estacas tra\u00eddas de Francia m\u00e1s las plantas que hab\u00eda en el Carmen en la bodega. El en\u00f3logo que trajo al viverista Roland Cousteau fue Pedro Gonz\u00e1lez Santiago con el que luego conformaron Centro Vitis\u201d dijo.<\/p>\n<p>\u201cEl Museo fue organizado para esta celebraci\u00f3n del Carmen, contando la historia del vino en el Carmen, all\u00ed explicamos c\u00f3mo funcionaba la bodega y pensamos en octubre, entrar en las celebraciones de los 150 a\u00f1os de la vitivinicultura en Uruguay y queremos hacer un proyecto junto con el Liceo y la UTU, para elevar la muestra, algo m\u00e1s t\u00e9cnico, con conferencias para las cuales est\u00e1n invitados el en\u00f3logo Pedro Gonz\u00e1lez Santiago, al Ing. Walter Gonz\u00e1lez Santiago, otros representantes importantes del vino en la ciudad, quienes tambi\u00e9n se portaron excelente en esta primera presentaci\u00f3n, d\u00e1ndonos el vino para la degustaci\u00f3n que se hizo\u201d agreg\u00f3.<\/p>\n<p>El Museo mostr\u00f3 desde fotograf\u00edas de fiestas de la vendimia, reinas de la vendimia, tambi\u00e9n la historia de la llegada de don Andr\u00e9s Faraut desde Francia, el armado de la bodega y su evoluci\u00f3n, fotos antiguas de la bodega Faraut que tuvo una producci\u00f3n impresionante, con una gran repercusi\u00f3n en todo el Uruguay y Latinoam\u00e9rica, con vinos que no se hab\u00edan creado, como el medio y medio, creado por ellos.<\/p>\n<p>\u201cTenemos un grupo de la celebraci\u00f3n de los 150 a\u00f1os y todos sienten que el estado actual que tiene<\/p>\n<p>la bodega, que est\u00e1 en ruinas, es lamentable. Se siente triste que la Intendencia nunca se preocup\u00f3 cuando pedimos que la bodega sea un museo, no hay respaldo para que las cosas ac\u00e1 sigan teniendo un valor hist\u00f3rico, necesitar\u00edamos en el Carmen un lugar donde tener un museo, algo que hace a\u00f1os se est\u00e1 conversando y no hay respuestas, por eso las cosas las seguimos teniendo las personas en sus casas en vez de tenerlas reunidas en un lugar donde todos puedan verlo\u201d agreg\u00f3 \u201cojal\u00e1 en el futuro alguien nos apoye para dejar esto como un Museo en el Carmen. Algo que me llam\u00f3 la atenci\u00f3n durante la muestra en el Museo fue que los j\u00f3venes Liceales y de UTU se asombraban en el Museo del Vino y en el Museo Hist\u00f3rico de conocer hechos, actividades y empresas de las cuales sus padres y abuelos nunca les hab\u00edan hablado, es como que se ha estado perdiendo esa conexi\u00f3n padres, hijos, abuelos. Hasta les mostr\u00e9 a much\u00edsimos muchachos que algunas de las personas de las fotograf\u00edas eran sus abuelos, bisabuelos o tatarabuelos\u201d<\/p>\n<p>Alba considera que la cultura y las tradiciones son importantes en la formaci\u00f3n de las personas\u201d hemos perdido d\u00e9cadas creo yo de transmisi\u00f3n de nuestras tradiciones&#8230;la pandemia empeor\u00f3 el hecho de que la escuela era el espacio donde los padres dejaban en manos de maestros la ense\u00f1anza de tradici\u00f3n, historia y cultura. Y la propia educaci\u00f3n en Magisterio tuvo un cambio muy grande donde por mucho tiempo se evitaba transmitir alguna m\u00fasica por motivos pol\u00edticos o de ideolog\u00eda. No fue mi caso porque siempre estuve demasiado involucrada en el folklore ya que mi madre continu\u00f3 con el conjunto Aires Regionales que iniciara hace m\u00e1s de 60 a\u00f1os el Maestro Ra\u00fal Pintos en Escuela n\u00famero 4 del Carmen y que fuera el Primer Conjunto de Danzas Folkl\u00f3ricas que actu\u00f3 en el Festival Nacional de Folklore, hecho que tambi\u00e9n se les olvid\u00f3 a las autoridades del momento cuando en el 40 Festival no lo nombraron. Creo que es muy natural desde Durazno intentar apagar la luz y la Cultura del Carmen, sigo sin saber por qu\u00e9\u201d finaliz\u00f3 diciendo.<\/p>\n","protected":false},"excerpt":{"rendered":"<p>Alba Santos es una referente de la cultura carmense y en la celebraci\u00f3n de los 150 a\u00f1os de la ciudad, llev\u00f3 adelante junto con su familia la apertura del Museo del Vino, una experiencia que uni\u00f3 historia, cultura y costumbres de la zona.<\/p>\n","protected":false},"author":4,"featured_media":4799,"comment_status":"closed","ping_status":"closed","sticky":false,"template":"","format":"standard","meta":{"footnotes":""},"categories":[5,17],"tags":[],"class_list":["post-4798","post","type-post","status-publish","format-standard","has-post-thumbnail","hentry","category-durazno","category-suplemento-mujer"],"_links":{"self":[{"href":"https:\/\/paginacero.com.uy\/index.php?rest_route=\/wp\/v2\/posts\/4798","targetHints":{"allow":["GET"]}}],"collection":[{"href":"https:\/\/paginacero.com.uy\/index.php?rest_route=\/wp\/v2\/posts"}],"about":[{"href":"https:\/\/paginacero.com.uy\/index.php?rest_route=\/wp\/v2\/types\/post"}],"author":[{"embeddable":true,"href":"https:\/\/paginacero.com.uy\/index.php?rest_route=\/wp\/v2\/users\/4"}],"replies":[{"embeddable":true,"href":"https:\/\/paginacero.com.uy\/index.php?rest_route=%2Fwp%2Fv2%2Fcomments&post=4798"}],"version-history":[{"count":1,"href":"https:\/\/paginacero.com.uy\/index.php?rest_route=\/wp\/v2\/posts\/4798\/revisions"}],"predecessor-version":[{"id":4800,"href":"https:\/\/paginacero.com.uy\/index.php?rest_route=\/wp\/v2\/posts\/4798\/revisions\/4800"}],"wp:featuredmedia":[{"embeddable":true,"href":"https:\/\/paginacero.com.uy\/index.php?rest_route=\/wp\/v2\/media\/4799"}],"wp:attachment":[{"href":"https:\/\/paginacero.com.uy\/index.php?rest_route=%2Fwp%2Fv2%2Fmedia&parent=4798"}],"wp:term":[{"taxonomy":"category","embeddable":true,"href":"https:\/\/paginacero.com.uy\/index.php?rest_route=%2Fwp%2Fv2%2Fcategories&post=4798"},{"taxonomy":"post_tag","embeddable":true,"href":"https:\/\/paginacero.com.uy\/index.php?rest_route=%2Fwp%2Fv2%2Ftags&post=4798"}],"curies":[{"name":"wp","href":"https:\/\/api.w.org\/{rel}","templated":true}]}}