{"id":4795,"date":"2024-06-20T10:18:31","date_gmt":"2024-06-20T13:18:31","guid":{"rendered":"https:\/\/paginacero.com.uy\/?p=4795"},"modified":"2024-06-20T10:18:31","modified_gmt":"2024-06-20T13:18:31","slug":"revolucion-creativa-en-utec-este-martes","status":"publish","type":"post","link":"https:\/\/paginacero.com.uy\/?p=4795","title":{"rendered":"Revoluci\u00f3n creativa en UTEC este martes"},"content":{"rendered":"<p><strong>El martes en UTEC entre las 15 y 17 a\u00f1os vienen del BID para hacer un taller con un enfoque de Industria Cultural y Creativa, apuntando al proceso en todas las comunidades. Esta incorporaci\u00f3n permitir\u00e1 impulsar la creatividad y la innovaci\u00f3n en la carrera profesional y personal.<\/strong><!--more--><\/p>\n<p>Se contar\u00e1 con la presencia de los expertos Mart\u00edn Inthamoussu y Eliana Prada, de la Unidad de Creatividad y Cultura del BID, quienes llegar\u00e1n desde Washington, Estados Unidos.<\/p>\n<p>\u201cLa econom\u00eda creativa constituye una de las \u00e1reas productivas con mayores tasas de crecimiento en la \u00faltima d\u00e9cada: representa el 3% del PIB mundial, emplea a m\u00e1s de 30 millones de personas y genera un estimado de US$2.250 millones a nivel mundial.2 Estas tendencias tambi\u00e9n se dan en Am\u00e9rica Latina y el Caribe (ALC), donde las industrias culturales y creativas generan ingresos de US$124.000 millones, 2,2% del PIB regional y 1,9 millones de puestos de trabajo. La cultura y la creatividad han formado parte de la agenda del BID desde sus inicios y en este documento queremos reflejar la tipolog\u00eda de proyectos y el trabajo intersectorial de m\u00e1s de 120 proyectos con componentes de las industrias culturales y creativas (ICC) durante la \u00faltima d\u00e9cada\u201d dijeron desde UTEC.<\/p>\n<p>\u201cEl poder de la cultura como catalizador del cambio social ha estado siempre en el coraz\u00f3n del dise\u00f1o de sus operaciones. Algunos proyectos se han enfocado en el rescate y renovaci\u00f3n de la infraestructura de ciudades y barrios patrimoniales, y otros en el impacto econ\u00f3mico. En esa l\u00ednea, el acu\u00f1amiento del t\u00e9rmino \u201ceconom\u00eda naranja\u201d tuvo como objetivo valorar el impacto econ\u00f3mico de estos sectores y nos permiti\u00f3 hablar de un modelo productivo en el que los bienes y servicios que se comercializan tienen un valor econ\u00f3mico e intelectual\u201d agregaron.<\/p>\n<p>\u201cEn la actualidad, el Banco tiene proyectos de apoyo al ecosistema creativo, generaci\u00f3n de<\/p>\n<p>conocimiento, cursos presenciales y en l\u00ednea de libre acceso, y trabaja por el empoderamiento de las mipymes, la inclusi\u00f3n, la recuperaci\u00f3n del empleo, la digitalizaci\u00f3n, la exportaci\u00f3n de bienes y servicios creativos, y el desarrollo urbano en el que la cultura y los sectores creativos sean un activo para las ciudades. El BID ha liderado estudios sobre la medici\u00f3n del impacto de la cultura y la creatividad, y sobre su potencial para la generaci\u00f3n de empleo, el desarrollo sostenible y la capacidad de contribuir tanto a las soluciones interseccionales como transversales de viejos problemas en otros sectores\u201d dijeron.<\/p>\n<p>\u201cPara potenciar el impacto econ\u00f3mico capaz de ser creado por estas industrias, tambi\u00e9n se han impulsado algunos proyectos enfocados en el dise\u00f1o de nuevos instrumentos financieros como los vouchers creativos, o como el primer Bono Naranja (2019) que lanz\u00f3 el Banco de Desarrollo Empresarial de Colombia (Banc\u00f3ldex) con apoyo del BID, iniciativas que integran las \u00faltimas tecnolog\u00edas, programas de educaci\u00f3n y capacitaci\u00f3n en las habilidades requeridas en emprendimientos creativos y en sectores como las artes musicales, las artes esc\u00e9nicas, el arte urbano, las artes visuales, la animaci\u00f3n, los carnavales y el turismo cultural. Otros han buscado fortalecer la cadena de valor de la industria audiovisual y el uso de tecnolog\u00edas en la comercializaci\u00f3n de productos artesanales o gastron\u00f3micos entre otros. Todos ellos tienen un objetivo en com\u00fan: la creaci\u00f3n de oportunidades de empleo\u201d indicaron.<\/p>\n<p>En un mundo en constante transformaci\u00f3n, la creatividad y la cultura ser\u00e1n elementos claves para catalizar la innovaci\u00f3n en \u00e1mbitos tradicionales del desarrollo como la salud, la educaci\u00f3n, la diversidad y promover la cohesi\u00f3n social a trav\u00e9s de la creaci\u00f3n de pol\u00edticas p\u00fablicas y operaciones que ofrezcan soluciones a trav\u00e9s de las industrias culturales y creativas. En el BID, varios son los sectores operativos que trabajan con las ICC en sus proyectos, permiti\u00e9ndonos estar en toda la cadena de valor. Y parte de la misi\u00f3n de la Unidad de Creatividad y Cultura es asegurarse de que esos proyectos tengan una visi\u00f3n intersectorial. Esto nos ha permitido posicionar a las industrias culturales y creativas como un sector con gran potencial para impulsar la recuperaci\u00f3n econ\u00f3mica y el desarrollo general de la regi\u00f3n.<\/p>\n","protected":false},"excerpt":{"rendered":"<p>El martes en UTEC entre las 15 y 17 a\u00f1os vienen del BID para hacer un taller con un enfoque de Industria Cultural y Creativa, apuntando al proceso en todas las comunidades. Esta incorporaci\u00f3n permitir\u00e1 impulsar la creatividad y la innovaci\u00f3n en la carrera profesional y personal.<\/p>\n","protected":false},"author":4,"featured_media":4796,"comment_status":"closed","ping_status":"closed","sticky":false,"template":"","format":"standard","meta":{"footnotes":""},"categories":[5],"tags":[],"class_list":["post-4795","post","type-post","status-publish","format-standard","has-post-thumbnail","hentry","category-durazno"],"_links":{"self":[{"href":"https:\/\/paginacero.com.uy\/index.php?rest_route=\/wp\/v2\/posts\/4795","targetHints":{"allow":["GET"]}}],"collection":[{"href":"https:\/\/paginacero.com.uy\/index.php?rest_route=\/wp\/v2\/posts"}],"about":[{"href":"https:\/\/paginacero.com.uy\/index.php?rest_route=\/wp\/v2\/types\/post"}],"author":[{"embeddable":true,"href":"https:\/\/paginacero.com.uy\/index.php?rest_route=\/wp\/v2\/users\/4"}],"replies":[{"embeddable":true,"href":"https:\/\/paginacero.com.uy\/index.php?rest_route=%2Fwp%2Fv2%2Fcomments&post=4795"}],"version-history":[{"count":1,"href":"https:\/\/paginacero.com.uy\/index.php?rest_route=\/wp\/v2\/posts\/4795\/revisions"}],"predecessor-version":[{"id":4797,"href":"https:\/\/paginacero.com.uy\/index.php?rest_route=\/wp\/v2\/posts\/4795\/revisions\/4797"}],"wp:featuredmedia":[{"embeddable":true,"href":"https:\/\/paginacero.com.uy\/index.php?rest_route=\/wp\/v2\/media\/4796"}],"wp:attachment":[{"href":"https:\/\/paginacero.com.uy\/index.php?rest_route=%2Fwp%2Fv2%2Fmedia&parent=4795"}],"wp:term":[{"taxonomy":"category","embeddable":true,"href":"https:\/\/paginacero.com.uy\/index.php?rest_route=%2Fwp%2Fv2%2Fcategories&post=4795"},{"taxonomy":"post_tag","embeddable":true,"href":"https:\/\/paginacero.com.uy\/index.php?rest_route=%2Fwp%2Fv2%2Ftags&post=4795"}],"curies":[{"name":"wp","href":"https:\/\/api.w.org\/{rel}","templated":true}]}}