{"id":4775,"date":"2024-06-19T16:18:58","date_gmt":"2024-06-19T19:18:58","guid":{"rendered":"https:\/\/paginacero.com.uy\/?p=4775"},"modified":"2024-06-19T16:18:58","modified_gmt":"2024-06-19T19:18:58","slug":"se-desarrollo-acto-patrio-en-plaza-artigas","status":"publish","type":"post","link":"https:\/\/paginacero.com.uy\/?p=4775","title":{"rendered":"SE DESARROLL\u00d3 ACTO PATRIO EN PLAZA ARTIGAS"},"content":{"rendered":"<p><strong>Con la organizaci\u00f3n del Comit\u00e9 Departamental de Conmemoraciones Patri\u00f3ticas de Durazno, se realiz\u00f3 esta ma\u00f1ana en Plaza Artigas, el Acto Patrio por el 260\u00ba aniversario del Natalicio del Pr\u00f3cer de la Patria, el Gral. Jos\u00e9 Gervasio Artigas.<\/strong><!--more--><\/p>\n<div dir=\"auto\">Comenz\u00f3 a la hora 11.30 con la entonaci\u00f3n de las estrofas del Himno Nacional; lectura alusiva a la fecha a cargo de la alumna Catalina Burgos de 6to A\u00f1o B de Escuela N\u00b01; palabras alusiva a cargo del Sr. Ricardo Diaz de la Oficina Personas Mayores<\/div>\n<div dir=\"auto\">Ofrenda Floral; Toque Silencio; actuaci\u00f3n de la Banda de M\u00fasicos de la Divisi\u00f3n de Ej\u00e9rcito II; \u00abMi Bandera Marcha\u00bb y plantaci\u00f3n de un Ibirapit\u00e1.<\/div>\n","protected":false},"excerpt":{"rendered":"<p>Con la organizaci\u00f3n del Comit\u00e9 Departamental de Conmemoraciones Patri\u00f3ticas de Durazno, se realiz\u00f3 esta ma\u00f1ana en Plaza Artigas, el Acto Patrio por el 260\u00ba aniversario del Natalicio del Pr\u00f3cer de la Patria, el Gral. Jos\u00e9 Gervasio Artigas.<\/p>\n","protected":false},"author":4,"featured_media":4776,"comment_status":"closed","ping_status":"closed","sticky":false,"template":"","format":"standard","meta":{"footnotes":""},"categories":[5],"tags":[],"class_list":["post-4775","post","type-post","status-publish","format-standard","has-post-thumbnail","hentry","category-durazno"],"_links":{"self":[{"href":"https:\/\/paginacero.com.uy\/index.php?rest_route=\/wp\/v2\/posts\/4775","targetHints":{"allow":["GET"]}}],"collection":[{"href":"https:\/\/paginacero.com.uy\/index.php?rest_route=\/wp\/v2\/posts"}],"about":[{"href":"https:\/\/paginacero.com.uy\/index.php?rest_route=\/wp\/v2\/types\/post"}],"author":[{"embeddable":true,"href":"https:\/\/paginacero.com.uy\/index.php?rest_route=\/wp\/v2\/users\/4"}],"replies":[{"embeddable":true,"href":"https:\/\/paginacero.com.uy\/index.php?rest_route=%2Fwp%2Fv2%2Fcomments&post=4775"}],"version-history":[{"count":1,"href":"https:\/\/paginacero.com.uy\/index.php?rest_route=\/wp\/v2\/posts\/4775\/revisions"}],"predecessor-version":[{"id":4777,"href":"https:\/\/paginacero.com.uy\/index.php?rest_route=\/wp\/v2\/posts\/4775\/revisions\/4777"}],"wp:featuredmedia":[{"embeddable":true,"href":"https:\/\/paginacero.com.uy\/index.php?rest_route=\/wp\/v2\/media\/4776"}],"wp:attachment":[{"href":"https:\/\/paginacero.com.uy\/index.php?rest_route=%2Fwp%2Fv2%2Fmedia&parent=4775"}],"wp:term":[{"taxonomy":"category","embeddable":true,"href":"https:\/\/paginacero.com.uy\/index.php?rest_route=%2Fwp%2Fv2%2Fcategories&post=4775"},{"taxonomy":"post_tag","embeddable":true,"href":"https:\/\/paginacero.com.uy\/index.php?rest_route=%2Fwp%2Fv2%2Ftags&post=4775"}],"curies":[{"name":"wp","href":"https:\/\/api.w.org\/{rel}","templated":true}]}}