{"id":4758,"date":"2024-06-18T17:04:33","date_gmt":"2024-06-18T20:04:33","guid":{"rendered":"https:\/\/paginacero.com.uy\/?p=4758"},"modified":"2024-06-18T17:46:24","modified_gmt":"2024-06-18T20:46:24","slug":"sergio-botana-cuando-uno-tiene-municipios-por-todas-partes-uno-es-un-intendente-que-se-levanta-todos-los-dias-tranquilo-de-que-el-departamento-esta-atendido","status":"publish","type":"post","link":"https:\/\/paginacero.com.uy\/?p=4758","title":{"rendered":"\u00abBotana: &#8216;Municipios activos, la clave de un departamento bien cuidado'\u00bb"},"content":{"rendered":"<p>Estuvo en Durazno el ex Intendente y Senador Sergio Botana con quien tuvimos la oportunidad de charlar. Hablamos sobre el proyecto pol\u00edtico de los cuarentones el cual ve con muy buenos ojos por significar una renovaci\u00f3n dentro del partido. Tambi\u00e9n hablamos de la gesti\u00f3n nacional, de lo que se hizo y lo que falt\u00f3. Adem\u00e1s nos explic\u00f3 c\u00f3mo funcionan las alcald\u00edas en Cerro Largo, donde hay 15 alcald\u00edas. Una en cada localidad.<!--more--><\/p>\n<p><strong>Que te trae por Durazno y como vienen trabajando en las internas?<\/strong><\/p>\n<p>En estas circunstancias me trae la campa\u00f1a electoral. Tambi\u00e9n es cierto que habitualmente vengo a Durazno, por esa vieja amistad con Juan Jos\u00e9 Bruno. Y m\u00e1s en un momento en que Durazno ha sido centro del pa\u00eds en cuestiones del desarrollo del pa\u00eds, pero paralelamente es tambi\u00e9n lamentablemente en materia de inseguridad p\u00fablica, no de seguridad, sino como ejemplo de inseguridad y mal manejo.<\/p>\n<p>En este caso, en la campa\u00f1a electoral content\u00edsimo por un proceso pol\u00edtico de renovaci\u00f3n partidaria, de aparici\u00f3n de un nuevo fen\u00f3meno que me parece que es transformador de la pol\u00edtica, que es el de este grupo de los cuarentones, que va a llevar a un proceso de renovaci\u00f3n, no solo de edades, sino en las formas. Del liderazgo \u00fanico a un liderazgo que busca una generaci\u00f3n capaz de compartir, de apoyarse mutuamente, de generar una nueva din\u00e1mica a trav\u00e9s de un trabajo de equipo.<\/p>\n<p>De verdad que me ha encantado lo que est\u00e1n haciendo estos veinticinco j\u00f3venes que est\u00e1n encabezando las listas departamentales y las listas nacionales en este emprendimiento pol\u00edtico, porque iba a decir experimento, pero aqu\u00ed nadie experimenta.<\/p>\n<p>Son militantes probados, pero con esa mentalidad mucho m\u00e1s din\u00e1mica de la generaci\u00f3n nueva, que hacen pol\u00edtica por el progreso del departamento y no por conservar un espacio del poder.<\/p>\n<p><strong>\u00bfC\u00f3mo se ve el Vidalinismo y c\u00f3mo se vieron las gestiones de Vidalin ac\u00e1 en Durazno?<\/strong><\/p>\n<p>Sinceramente creo que nadie puede evaluar de afuera lo que sucede en un departamento. Es la gente la que lo eval\u00faa y, este, y ser\u00e1 la que dictamine o vaya dictaminando con su voto hacia el futuro.<\/p>\n<p>Pero lo que s\u00ed de lo que s\u00ed puedo manifestar es la alegr\u00eda de ver procesos pol\u00edticos emergentes, este, gente nueva que viene con ganas de adquirir responsabilidades y de asumir liderazgos. Esto me parece, adem\u00e1s, un cambio cualitativo por esto que te dec\u00eda, es una generaci\u00f3n dispuesta a apoyarse los unos a los otros y no tratar de tener el monopolio del poder, que es el estilo tradicional dentro de la pol\u00edtica del pa\u00eds en cualquiera de sus lugares.<\/p>\n<p><strong>\u00bfY principalmente en el Partido Nacional que se ha visto hist\u00f3ricamente en los departamentos?<\/strong><\/p>\n<p>S\u00ed, el Partido Nacional tiene una linda cosa, un lindo mecanismo de renovaci\u00f3n. Es el partido que m\u00e1s renueva siempre, y es el que m\u00e1s renueva siempre porque el liderazgo se determina siempre en el voto popular. Entonces, eso provoca m\u00e1s la renovaci\u00f3n que cuando se decide dentro de estructuras internas del poder partidario.<\/p>\n<p>En ese sentido, el partido tiene un muy lindo mecanismo de de renovaci\u00f3n, por eso, este, hasta prefiero que no haya ning\u00fan tipo de l\u00edmites a pesar de que a veces de alg\u00fan l\u00edmite a la entrada pudiera ser recomendable, pero creo que lo recomendable es no limitar nada y seguir haciendo que el voto popular sea el que mande y la gente sea la que decida el camino del partido y qui\u00e9nes est\u00e1n en su conducci\u00f3n.<\/p>\n<p><strong>Sergio, \u00bfc\u00f3mo est\u00e1 viendo estas internas y cu\u00e1l es la temperatura de la gente?<\/strong><\/p>\n<p>Con respecto a estas nuevas elecciones internas. La temperatura en la calle es m\u00e1s baja, hay mucho menos roce pol\u00edtico en la calle. Por supuesto, las manifestaciones pol\u00edticas, los actos, etc\u00e9tera, son menos numerosos, lo que no quiere decir que sea la casa de cada uno a hacer el puerta a puerta, a tener la interacci\u00f3n con el ciudadano.<\/p>\n<p>Hoy el ciudadano ni siquiera abre la puerta, pero no quiere decir que la interacci\u00f3n no exista. La interacci\u00f3n existe y se da a trav\u00e9s del celular, del v\u00ednculo m\u00e1s directo, este, que entra por otra v\u00eda y no por la necesidades, \u00bfno?<\/p>\n<p><strong>\u00bfQu\u00e9 les est\u00e1n reclamando a los pol\u00edticos? <\/strong><\/p>\n<p>Yo creo que hay dos temas que se roban la mitad de la agenda.<\/p>\n<p>El econ\u00f3mico, en cuanto a la mejora de costo de vida y la mejora del poder adquisitivo y la baja de los costos para que el pa\u00eds pueda ser competitivo y genera y se genere genuino, ese es el primero de los temas y el otro es el de la seguridad p\u00fablica.<\/p>\n<p>La gente quiere un sistema con m\u00e1s garant\u00edas en la seguridad, quiere que el delito sea reprimido y no explicado, quiere que, obviamente, se en las causas profundas de generaci\u00f3n de ambientes, pero que vives al delito, quiere que se recupere al que est\u00e1 preso, por lo menos al que quiera recuperarse, y quiere que se atienda a las v\u00edctimas del delito.<\/p>\n<p>O sea, esos cuatro aspectos en cuanto al tema de la seguridad p\u00fablica, acci\u00f3n, no explicaci\u00f3n, ese ser\u00eda el resumen. Y en el caso de la econom\u00eda, medidas para evitar monopolios de importaci\u00f3n que encarecen la vida y la producci\u00f3n, en empresas p\u00fablicas trabajando por s\u00ed mismas y contra la competitividad de la econom\u00eda del pa\u00eds. Y despu\u00e9s algunos aspectos, incorporaci\u00f3n tecnol\u00f3gica, m\u00e1s incorporaci\u00f3n tecnol\u00f3gica orientada a la propia producci\u00f3n, y un modelo de inserci\u00f3n internacional que el presidente viene trabajando para que el Mercosur no proteja ineficiencia y si proteja la competitividad del pa\u00eds.<\/p>\n<p><strong>En estos cinco a\u00f1os de gobierno de la coalici\u00f3n, \u00bfcu\u00e1les de estos aspectos consider\u00e1s que fue donde m\u00e1s se trabaj\u00f3?<\/strong><\/p>\n<p>El tema de la seguridad, todo este tema tuvo grandes progresos.<\/p>\n<p>Se incorpor\u00f3 la polic\u00eda rural, se bajaron todos de los delitos, el del homicidio se concentr\u00f3 en la boca, por lo cual hay que arreglar lo del allanamiento nocturno y alguna otra cosa m\u00e1s para darle a la medios a la polic\u00eda.<\/p>\n<p>Esos tres mil seiscientos millones de d\u00f3lares desparramados por todo el territorio nacional en obra p\u00fablica de calidad, es un salto al futuro que hizo el pa\u00eds. A nuestro puerto llegan m\u00e1s barcos y pueden atacar m\u00e1s barcos, porque hay un canal m\u00e1s profundo y una y un muelle m\u00e1s grande, y eso no es poca cosa.<\/p>\n<p>La reforma de la seguridad social da garant\u00edas a los j\u00f3venes para que se puedan jubilar cuando llegue su tiempo, y a los jubilados de hoy que van a poder cobrar la jubilaci\u00f3n porque el inter\u00e9s baj\u00f3 y, por lo tanto, estos aspectos fueron fundamentales.<\/p>\n<p><strong>A qu\u00e9 aspectos les falt\u00f3 hincar el diente despu\u00e9s de tantos a\u00f1os intentando llegar al poder? <\/strong><\/p>\n<p>Mira, me ha gustado mejorar las empresas p\u00fablicas, la producci\u00f3n de las empresas p\u00fablicas.<\/p>\n<p>No puedo tener el cemento por lo menos ciento cincuenta d\u00f3lares de Ancap, porque estoy subiendo el precio de todo el cemento, empuj\u00e1ndolo para arriba y matando el trabajo en la construcci\u00f3n. No puede ser que el obrero o el ente p\u00fablico mate al obrero de la construcci\u00f3n. El que tiene asegurado el sueldo todos los meses no puede dejar sin trabajo al que no tiene trabajo.<\/p>\n<p>En el tema de la energ\u00eda, si bien vi un esfuerzo enorme de la UTE, falta todav\u00eda, hay que seguir bajando esas tarifas y especialmente los costos fijos.<\/p>\n<p>Hay que tratar de terminar con esos monopolios de importaci\u00f3n, eso es fundamental. Bueno, este, por ah\u00ed van las cosas que tratar\u00eda de ir terminando en el Uruguay.<\/p>\n<p>Y despu\u00e9s hay otra cosa que hay que hacer, que es combatir el retraso cambiario y creo que la soluci\u00f3n para eso es no exagerar en el endeudamiento en unidades indexadas, porque eso cuesta mucha plata de intereses al pa\u00eds.<\/p>\n<p>Este, alguien dir\u00e1 que que desaparece el riesgo del endeudamiento en la moneda extranjera, pero es demasiado caro, demasiado caro el costo de no correr el riesgo, se pagan dos, tres veces el riesgo. Entonces, por ah\u00ed tambi\u00e9n hay que hacer alguna reforma.<\/p>\n<p><strong>\u00bfEl atraso cambiario es una complicaci\u00f3n para todos los gobiernos?<\/strong><\/p>\n<p>S\u00ed. El atraso cambiario en este per\u00edodo de gobierno, en un momento vino de la mano de los altos intereses que se le pagaba a la banca por los pesos, con la idea de sacar pesos de la econom\u00eda. Las letras de regulaci\u00f3n monetaria ten\u00edan tasas alt\u00edsimas, excesivas desde mi punto de vista, pero esa es la ortodoxia para bajar la inflaci\u00f3n, esa es la receta cl\u00e1sica.<\/p>\n<p>Se aplic\u00f3, eso gener\u00f3 retraso cambiario. Y despu\u00e9s, este, desde mi punto de vista, el gran responsable es el endeudamiento en moneda nacional en unidades indexadas. Hemos roto todos los equilibrios en ese sentido. Antes, el endeudamiento en d\u00f3lares era el sesenta por ciento y en moneda nacional el cuarenta. Ahora tenemos el setenta por ciento en moneda nacional indexada. Estamos endeudados en UI. El inversor no corre ning\u00fan riesgo, pero cobra tasas alt\u00edsimas. Eso es un sobrecosto inaguantable, pero adem\u00e1s no hay demanda de d\u00f3lares en el mercado para tender la deuda, por lo cual bajamos adem\u00e1s el precio del d\u00f3lar y perdemos competitividad en la econom\u00eda.<\/p>\n<p>Eso del endeudamiento en pesos para ganar soberan\u00eda es un invento de los economistas de la izquierda, que es un verso machazo. Cuando se habla de temas econ\u00f3micos, el tratamiento debe ser con criterios t\u00e9cnicos. La pol\u00edtica es el gasto para generar justicia social, el gasto para subsidiar sectores de la econom\u00eda, que yo soy uno de los que prefiero subsidiar trabajo que subsidiar pobrezas, no tengo dudas en ese sentido.<\/p>\n<p>Me rechina ver c\u00f3mo se nos cae el sector de la lecher\u00eda y tenemos el gobierno sin hacer nada y, este <strong>\u00bfEl actual gobierno tambi\u00e9n? <\/strong>S\u00ed, s\u00ed, el anterior y el actual.<\/p>\n<p>Yo prefiero que cuando se vea un sector que est\u00e1 complicado, si ese sector vale la pena, prefiero que se invierta en \u00e9l y que se estudie cu\u00e1les son las causas profundas de de su mala situaci\u00f3n y se revierta.<\/p>\n<p>En ese sentido lo prefiero eso toda la vida, pero como te dec\u00eda, la econom\u00eda se debe manejar como econom\u00eda y no te\u00f1ida de cuestiones ideol\u00f3gicas, porque as\u00ed le ha ido a todos los pa\u00edses en el mundo cada vez que lo han hecho, cada vez que han manipulado la econom\u00eda por cuestiones pol\u00edticas, bueno, le va mal a Cuba, le va mal a Venezuela y le fue mal a la Argentina, y cada vez que Uruguay empieza con esas manipulaciones le va mal tambi\u00e9n.<\/p>\n<p><strong>Sergio, es una de las caracter\u00edsticas de los blancos y del Partido Nacional siempre defender el interior, defender el campo, defender el agro, eso hist\u00f3ricamente. Desde las divisas. \u00bfNo te hizo ruido a vos cuando pusieron un Ministro de Ganader\u00eda colorado? <\/strong><\/p>\n<p>S\u00ed, fue raro, si. Es cierto tambi\u00e9n que los hombres que puso el partido colorado all\u00ed, son hombres de que que tienen una enorme trayectoria en el sector.<\/p>\n<p>Carlos Mar\u00eda Uriarte, un productor y l\u00edder agropecuario de de excelencia, con una especial sensibilidad en en el sector, y Fernando Matos, un hombre que ha sido un empresario rural de \u00e9xito, que adem\u00e1s conoce aspectos vinculados a la industria y a todo el manejo de las carnes, tambi\u00e9n de la producci\u00f3n primaria.<\/p>\n<p>As\u00ed que de verdad que los hombres que all\u00ed se fueron son gente solvente. Pero pol\u00edticamente te reconozco, te reconozco que siempre el Uruguay tuvo como un cl\u00e1sico, \u00bfno? Fue el sector primario para el partido blanco y el sector industrial para el partido colorado. En esta vez fue al rev\u00e9s.<\/p>\n<p><strong>Sergio, \u00bfc\u00f3mo funciona el tema de las de las alcald\u00edas en Cerro Largo?<\/strong><\/p>\n<p>Eso funciona muy bien, este, cada pueblo tiene su municipio, lo cual no es m\u00e1s caro, es un poquito m\u00e1s caro, pero el departamento est\u00e1 todo atendido.<\/p>\n<p>Cerro Largo tiene, adem\u00e1s de los municipios, una federaci\u00f3n de municipios. Y la federaci\u00f3n de municipios se re\u00fane una vez al mes, all\u00ed recibe, se re\u00fanen los municipios entre s\u00ed, discuten las cosas, reciben al Intendente. Eso permite mucha transparencia en el manejo de los medios con los que cuentan los distintos municipios.<\/p>\n<p>A todos ellos se les ha dado equipamiento de maquinarias, y todos ellos tienen una motoniveladora, una retroexcavadora, un cilindro. En total son 15 municipios<\/p>\n<p>A veces tienen menos poblaci\u00f3n que la media de los municipios del pa\u00eds, porque entendemos que somos gobernantes de territorio y el territorio debe estar pronto, o sea, el lugar en el que el municipio est\u00e9.<\/p>\n<p>Se ha terminado con eso la expulsi\u00f3n rural, el alcalde se encarga adem\u00e1s de la obra p\u00fablica y la estrategia de conectividad de las zonas para los temas sociales y los temas culturales. La obra p\u00fablica se hace con otro nivel de detalle. Pero, adem\u00e1s, de cada municipio de esa federaci\u00f3n, adem\u00e1s de reunirse, de recibir all\u00ed al intendente, de recibir all\u00ed a los a ministros, presidentes de empresas p\u00fablicas, a quien le interese recibir, tambi\u00e9n la Federaci\u00f3n de Municipios se hace cargo de algunas funciones departamentales.<\/p>\n<p>Por ejemplo, hoy la caminer\u00eda de Cerro Largo est\u00e1 en manos de la Federaci\u00f3n de Municipios.<\/p>\n<p>Obviamente, con una mesa de caminos que interact\u00faan el gobierno departamental, los municipios y el sector privado, pero con ejecuci\u00f3n de parte del del propio conglomerado de municipios.<\/p>\n<p><strong>En Durazno me han dicho que los municipios son un invento mal hecho y me tiran por delante el tema del presupuesto. De que el presupuesto lo tiene que gestionar el ejecutivo.<\/strong><\/p>\n<p>S\u00ed, el intendente siempre tiene en la vuelta un mont\u00f3n de gente cercana, que hablan a la oreja del intendente, y que siempre inventan temas nuevos en los que invertir o en los que gastar, y a veces muy razonables.<\/p>\n<p>La l\u00e1stima es que a veces el intendente decide apoyar algunos de esos proyectos y se olvida de los que est\u00e1n lejos. Ojo que no ve, coraz\u00f3n que no siente.<\/p>\n<p>Cuando uno tiene municipios por todas partes, uno es un intendente que se levanta todos los d\u00edas tranquilo de que el departamento est\u00e1 atendido y que lo que va a invertir en esos proyectos que se nos est\u00e1n proponiendo es lo que queda despu\u00e9s de haber atendido todo el departamento, sin hijos y entenados, ni\u00f1os que tengan todas las oportunidades y ni\u00f1os que no tengan ninguna.<\/p>\n<p>Entonces, yo sinceramente, estoy contento de nuestra experiencia.<\/p>\n<p>En este tema disfrutamos de nuestra experiencia de fortalecimiento de cada pago, por m\u00e1s chiquitito que sea el pago, o por menos gente que tenga. Preferimos no vivir todos amontonados y, por lo tanto, no los fomentamos, Y cuando uno no atiende a lo de afuera, termina fomentando la concentraci\u00f3n, porque la gente se tiene que mover atr\u00e1s de los servicios.<\/p>\n<p>Pero esa es la idea que llev\u00e9 adelante y es la idea que prime en el departamento y que nos tiene contentos a todos. Este, nadie habla de los en contra de los municipios en Cerro Largo, al menos p\u00fablicamente. Pero es nuestra experiencia. Cada maestro con su librito.<\/p>\n<p><strong>Por \u00faltimo \u00bfqu\u00e9 mensaje dejarle a la gente para este treinta de junio?<\/strong><\/p>\n<p>Que este gobierno se ha comprometido con el pa\u00eds, nos cuid\u00f3 en la pandemia, nos cuid\u00f3 en la sequ\u00eda, nos cuid\u00f3 en la lluvia, nos cuid\u00f3 cuando la guerra trabaj\u00f3 para que el pa\u00eds progresara, se se la jug\u00f3 en el tema de la seguridad, en el tema de la disciplina fiscal, en el tema de las reformas de la jubilaci\u00f3n, de la educaci\u00f3n.<\/p>\n<p>Este gobierno hizo las cosas bien hechas, estuvo junto a nosotros permanentemente el modo de estar junto al presidente y de cumplirle es ir a votar. Es tener compromiso con el pa\u00eds. El mismo compromiso que \u00e9l tuvo se lo tenemos que devolver yendo a votar por lo que m\u00e1s nos convenga.<\/p>\n<p>Y en cuanto a este departamento en particular, adem\u00e1s de eso, me parece que un proyecto de renovaci\u00f3n siempre es apoyable, siempre siempre debe ser mirado, estudiado y respaldado.<\/p>\n<p>&nbsp;<\/p>\n","protected":false},"excerpt":{"rendered":"<p>Estuvo en Durazno el ex Intendente y Senador Sergio Botana con quien tuvimos la oportunidad de charlar. Hablamos sobre el proyecto pol\u00edtico de los cuarentones el cual ve con muy buenos ojos por significar una renovaci\u00f3n dentro del partido. Tambi\u00e9n hablamos de la gesti\u00f3n nacional, de lo que se hizo y lo que falt\u00f3. Adem\u00e1s [&hellip;]<\/p>\n","protected":false},"author":4,"featured_media":4759,"comment_status":"closed","ping_status":"closed","sticky":false,"template":"","format":"standard","meta":{"footnotes":""},"categories":[5,36],"tags":[],"class_list":["post-4758","post","type-post","status-publish","format-standard","has-post-thumbnail","hentry","category-durazno","category-nota-periodistica"],"_links":{"self":[{"href":"https:\/\/paginacero.com.uy\/index.php?rest_route=\/wp\/v2\/posts\/4758","targetHints":{"allow":["GET"]}}],"collection":[{"href":"https:\/\/paginacero.com.uy\/index.php?rest_route=\/wp\/v2\/posts"}],"about":[{"href":"https:\/\/paginacero.com.uy\/index.php?rest_route=\/wp\/v2\/types\/post"}],"author":[{"embeddable":true,"href":"https:\/\/paginacero.com.uy\/index.php?rest_route=\/wp\/v2\/users\/4"}],"replies":[{"embeddable":true,"href":"https:\/\/paginacero.com.uy\/index.php?rest_route=%2Fwp%2Fv2%2Fcomments&post=4758"}],"version-history":[{"count":2,"href":"https:\/\/paginacero.com.uy\/index.php?rest_route=\/wp\/v2\/posts\/4758\/revisions"}],"predecessor-version":[{"id":4773,"href":"https:\/\/paginacero.com.uy\/index.php?rest_route=\/wp\/v2\/posts\/4758\/revisions\/4773"}],"wp:featuredmedia":[{"embeddable":true,"href":"https:\/\/paginacero.com.uy\/index.php?rest_route=\/wp\/v2\/media\/4759"}],"wp:attachment":[{"href":"https:\/\/paginacero.com.uy\/index.php?rest_route=%2Fwp%2Fv2%2Fmedia&parent=4758"}],"wp:term":[{"taxonomy":"category","embeddable":true,"href":"https:\/\/paginacero.com.uy\/index.php?rest_route=%2Fwp%2Fv2%2Fcategories&post=4758"},{"taxonomy":"post_tag","embeddable":true,"href":"https:\/\/paginacero.com.uy\/index.php?rest_route=%2Fwp%2Fv2%2Ftags&post=4758"}],"curies":[{"name":"wp","href":"https:\/\/api.w.org\/{rel}","templated":true}]}}