{"id":4735,"date":"2024-06-16T22:00:16","date_gmt":"2024-06-17T01:00:16","guid":{"rendered":"https:\/\/paginacero.com.uy\/?p=4735"},"modified":"2024-06-16T22:00:16","modified_gmt":"2024-06-17T01:00:16","slug":"utu-participara-del-simposio-de-educacion-global-estan-recibiendo-inscripciones","status":"publish","type":"post","link":"https:\/\/paginacero.com.uy\/?p=4735","title":{"rendered":"UTU participar\u00e1 del Simposio de Educaci\u00f3n Global: est\u00e1n recibiendo inscripciones"},"content":{"rendered":"<p><strong>El Simposio de Educaci\u00f3n Global se realizar\u00e1 el s\u00e1bado 22 de junio y los interesados deber\u00e1n registrarse hasta el lunes 17 de junio.El evento es organizado por AFS Programas Interculturales y su objetivo es reunir expertos, profesionales y l\u00edderes en el campo de la educaci\u00f3n para explorar y discutir las tendencias, desaf\u00edos y oportunidades de esta para la ciudadan\u00eda global como eje fundamental para el desarrollo de competencias esenciales en un mundo m\u00e1s conectado, sustentable y respetuoso de las diferencias interculturales.<\/strong><!--more--><\/p>\n<p>Es gratuito pero tiene cupos limitados. La apertura estar\u00e1 a cargo de Juan Medici, director ejecutivo de AFS Programas Interculturales para Uruguay, Argentina y Brasil. Participar\u00e1n destacados exponentes y expertos en diferentes tem\u00e1ticas, quienes compartir\u00e1n sus conocimientos y perspectivas sobre temas relevantes como: movilidad internacional, capital humano, inclusi\u00f3n de inteligencia artificial en el aula, entre otros.<\/p>\n<p>Acompa\u00f1ar\u00e1n la jornada Cristian Bravo Araya (coordinador del Programa de Educaci\u00f3n para el Desarrollo Sostenible y la Ciudadan\u00eda Global UNESCO), Florencia Ripani (directora Fundaci\u00f3n Ceibal), Cecilia Mart\u00ednez, (Dra. en Pol\u00edticas Educativas), Jimena Folle (Fundaci\u00f3n Varkey), Daniel Paredes (docente y consultor de MDES) y Eliana Papes (docente y trainer de AFS).<\/p>\n<p>La actividad es organizada por AFS Programas Interculturales, una organizaci\u00f3n con m\u00e1s de 100 a\u00f1os de trayectoria internacional, presente en 59 pa\u00edses, que forma a j\u00f3venes en competencias globales para crear un mundo m\u00e1s justo y en paz mediante programas de intercambio de movilidad internacional.<\/p>\n<p>En un mundo cada vez m\u00e1s polarizado donde el racismo, la intolerancia y el odio al diferente crece dia a dia, es un imperativo educar a los ciudadanos del futuro para que cambien esta trayectoria y se conviertan en ciudadanos globales que comprenden la interdependencia del mundo y celebren la diversidad que los rodea.<\/p>\n<p>El simposio navegar\u00e1 por los siguientes temas: La urgencia e importancia en educar en competencias globales, Los desaf\u00edos que enfrentan las instituciones de educaci\u00f3n en la promoci\u00f3n de la ciudadan\u00eda global, Competencias globales frente al resurgimiento de los nacionalismos, Competencias globales, valores y fortalecimiento de la democracia, El aula como \u00e1mbito ideal de desarrollo de empat\u00eda y competencias globales, Competencias globales en la curr\u00edcula de formaci\u00f3n docente y en la formaci\u00f3n de alumnos, Ciudadan\u00eda digital e inteligencia artificial: presente y futuro de la educaci\u00f3n y el trabajo, Estrategia y conceptos principales que deben ser inclu\u00eddos en un plan de estudios de Ciudadan\u00eda Global, Impacto de las experiencias de educaci\u00f3n internacional a la hora de la formaci\u00f3n y desarrollo de ciudadanos globales en el contexto actual, Oportunidades y buenas pr\u00e1cticas en la internacionalizaci\u00f3n de la educaci\u00f3n.<\/p>\n","protected":false},"excerpt":{"rendered":"<p>El Simposio de Educaci\u00f3n Global se realizar\u00e1 el s\u00e1bado 22 de junio y los interesados deber\u00e1n registrarse hasta el lunes 17 de junio.El evento es organizado por AFS Programas Interculturales y su objetivo es reunir expertos, profesionales y l\u00edderes en el campo de la educaci\u00f3n para explorar y discutir las tendencias, desaf\u00edos y oportunidades de [&hellip;]<\/p>\n","protected":false},"author":4,"featured_media":4736,"comment_status":"closed","ping_status":"closed","sticky":false,"template":"","format":"standard","meta":{"footnotes":""},"categories":[5],"tags":[],"class_list":["post-4735","post","type-post","status-publish","format-standard","has-post-thumbnail","hentry","category-durazno"],"_links":{"self":[{"href":"https:\/\/paginacero.com.uy\/index.php?rest_route=\/wp\/v2\/posts\/4735","targetHints":{"allow":["GET"]}}],"collection":[{"href":"https:\/\/paginacero.com.uy\/index.php?rest_route=\/wp\/v2\/posts"}],"about":[{"href":"https:\/\/paginacero.com.uy\/index.php?rest_route=\/wp\/v2\/types\/post"}],"author":[{"embeddable":true,"href":"https:\/\/paginacero.com.uy\/index.php?rest_route=\/wp\/v2\/users\/4"}],"replies":[{"embeddable":true,"href":"https:\/\/paginacero.com.uy\/index.php?rest_route=%2Fwp%2Fv2%2Fcomments&post=4735"}],"version-history":[{"count":1,"href":"https:\/\/paginacero.com.uy\/index.php?rest_route=\/wp\/v2\/posts\/4735\/revisions"}],"predecessor-version":[{"id":4737,"href":"https:\/\/paginacero.com.uy\/index.php?rest_route=\/wp\/v2\/posts\/4735\/revisions\/4737"}],"wp:featuredmedia":[{"embeddable":true,"href":"https:\/\/paginacero.com.uy\/index.php?rest_route=\/wp\/v2\/media\/4736"}],"wp:attachment":[{"href":"https:\/\/paginacero.com.uy\/index.php?rest_route=%2Fwp%2Fv2%2Fmedia&parent=4735"}],"wp:term":[{"taxonomy":"category","embeddable":true,"href":"https:\/\/paginacero.com.uy\/index.php?rest_route=%2Fwp%2Fv2%2Fcategories&post=4735"},{"taxonomy":"post_tag","embeddable":true,"href":"https:\/\/paginacero.com.uy\/index.php?rest_route=%2Fwp%2Fv2%2Ftags&post=4735"}],"curies":[{"name":"wp","href":"https:\/\/api.w.org\/{rel}","templated":true}]}}