{"id":4729,"date":"2024-06-16T21:46:43","date_gmt":"2024-06-17T00:46:43","guid":{"rendered":"https:\/\/paginacero.com.uy\/?p=4729"},"modified":"2024-06-16T21:46:43","modified_gmt":"2024-06-17T00:46:43","slug":"daniel-caggiani-no-tener-trabajo-en-uruguay-es-una-tragedia-pero-sin-duda-que-tenerlo-y-no-llegar-a-fin-de-mes-es-un-problema","status":"publish","type":"post","link":"https:\/\/paginacero.com.uy\/?p=4729","title":{"rendered":"Daniel Caggiani: \u201cNo tener trabajo en Uruguay es una tragedia, pero sin duda que tenerlo y no llegar a fin de mes es un problema\u201d"},"content":{"rendered":"<p>En el marco de la gira 609 Daniel Caggiani visit\u00f3 Durazno y pas\u00f3 por la redacci\u00f3n de P\u00e1gina Cero. Hablamos sobre la gira, los problemas de seguridad, trabajo y el atraso cambiario. Adem\u00e1s de c\u00f3mo viene la interna del Frente Amplio y el apoyo a Yamandu Orsi.<!--more--><\/p>\n<p><strong>\u00bfC\u00f3mo se viene dando la gira 609 en esta recta final de la campa\u00f1a para las internas?<\/strong><\/p>\n<p>Estamos ya como en el sprint final de esta gira que comenz\u00f3 a finales de febrero, principios de marzo. Nos propusimos hacer seis, siete vueltas al pa\u00eds en el marco de la candidatura de Yamand\u00fa Orsi. Hemos recorrido todos los departamentos, tanto las ciudades capitales como las ciudades m\u00e1s alejadas de la capital del pa\u00eds.<\/p>\n<p>Esta es una gira que fue de menos a m\u00e1s, es decir, que empez\u00f3 en un momento que estaba bastante m\u00e1s fr\u00eda la campa\u00f1a electoral, donde quedaba mucho tiempo por delante, en una instancia que para nosotros es importante dos o tres cosas.<\/p>\n<p>Uno, informar que existe un proceso electoral que comienza el treinta de junio, que es, nada m\u00e1s y nada menos, las elecciones internas o primarias de los partidos pol\u00edticos, que cualquier ciudadano con credencial c\u00edvica, que este en el registro c\u00edvico, puede ir a votar en cualquier circuito electoral y que adem\u00e1s es voluntaria.<\/p>\n<p>Eso hace que del m\u00e1s de mill\u00f3n de votantes del Frente Amplio, voten casi un cuarto o un tercio participan en las elecciones internas y los dem\u00e1s no participan. Entonces tambi\u00e9n estamos activando a ese casco de frenteamplistas que est\u00e1n convencidos de que puedan aportar a la campa\u00f1a de Yamandu con su voto.<\/p>\n<p>Hoy tenemos un gran problema en Uruguay y es que est\u00e1 achatado. En el tema de la inseguridad, el tema del laburo y, sobre todo, el salario, el tema de la actividad econ\u00f3mica y sobre todo la producci\u00f3n nacional. Y ni que hablar de situaciones la situaci\u00f3n con Astesiano y Marcet. Situaciones que terminan, avanzado en el deterioro institucional de nuestro pa\u00eds, si conocemos todo lo que est\u00e1 sucediendo. Y hay poca explicaci\u00f3n de las principales autoridades sobre las responsabilidades pol\u00edticas, sobre todo esto, porque puede haber responsabilidades penales.<\/p>\n<p><strong>En esta recorrida, \u00bfcuales son los principales temas que se repiten en el pa\u00eds? <\/strong><\/p>\n<p>La inseguridad porque, lamentablemente, se ha masificado la violencia en nuestro pa\u00eds, algo que estaba centralizado en el \u00e1rea metropolitana de nuestro pa\u00eds. Hoy est\u00e1 en cualquier localidad de cualquier parte del departamento de nuestro pa\u00eds. Hay una situaci\u00f3n de avance de la violencia, no solo de la violencia del crimen organizado y del narcotr\u00e1fico operando en nuestro territorio, sino tambi\u00e9n de la violencia en general de la sociedad para resolver los conflictos y ni que hablar el tema laburo.<\/p>\n<p>El laburo, porque en realidad gobierno dice haber creado puestos de trabajo, que sin duda son importantes, pero, en realidad, de los cien mil puestos que se ha creado en este periodo de gobierno, la gran mayor\u00eda son veinticinco mil pesos, es decir, son personas que ingresan a un empleo que tienen menos de veinticinco mil pesos de salario l\u00edquido y por tanto, en realidad, nadie puede vivir con ese salario. Sin duda, no tener trabajo en Uruguay es una tragedia, pero sin duda tenerlo y no llegar a fin de mes es un problema. Hay much\u00edsima gente considerada subempleada, es decir, tienen un trabajo que no le alcanza para llegar a fin de mes o no trabaja las horas necesarias.<\/p>\n<p>Y tambi\u00e9n, aqu\u00ed en Durazno o en Tacuaremb\u00f3, donde hab\u00eda una abdicaci\u00f3n de una inversi\u00f3n muy importante de parte de una empresa transnacional y tambi\u00e9n del Estado, se viv\u00edan guarismos de desempleo mucho menores que la media regional, pero hoy lamentablemente para atr\u00e1s. Hoy se triplic\u00f3 su nivel de desempleo o cuadriplic\u00f3. Hoy estamos en guarismos superiores a las medias nacionales.<\/p>\n<p>Adem\u00e1s, lo que termina sucediendo es que el impacto es mucho mayor en las personas que tienen menos capacidades.<\/p>\n<p><strong>En ese sentido, \u00bfhacia d\u00f3nde tiene que apuntar Uruguay para generar trabajo para la gente?<\/strong><\/p>\n<p>Por un lado, inversi\u00f3n p\u00fablica, que nos permita dinamizar algunos sectores de actividad y, sobre todo, los que est\u00e1n m\u00e1s lejos de Montevideo, porque, en realidad, el Uruguay es uno solo y somos unitarios, pero todos sabemos que \u201cDios est\u00e1 en todas partes, pero atiende en Montevideo\u201d, \u00bfno? Entonces, creo que ah\u00ed hay un elemento muy importante, que es c\u00f3mo centralizamos tambi\u00e9n la inversi\u00f3n. Esa inversi\u00f3n tiene que tener tambi\u00e9n un retorno social y un retorno econ\u00f3mico. Retorno social, porque necesitamos m\u00e1s liceos, m\u00e1s escuelas de tiempo completo, m\u00e1s UTEC en el interior del pa\u00eds, m\u00e1s universidad para generar mayores capacidades, y sostiene, sin duda, un encadenamiento muy positivo y tiene rendimientos m\u00e1s importantes en el largo plazo, porque eso lleva tiempo.<\/p>\n<p>Y al mismo tiempo ten\u00e9s que tener inversi\u00f3n en infraestructura de calidad, que te permita, no solamente tener puentes y rutas, sino tambmayores capacidades para que la gente pueda producir mejor, y esa producci\u00f3n tenga, adem\u00e1s, niveles de competitividad mayor.<\/p>\n<p>Ah\u00ed sin duda hay una necesaria agenda de la producci\u00f3n nacional y hay que ver. La primera demanda que hay que atender es en, a diferencia del tipo de cambio.<\/p>\n<p>Si vos ten\u00e9s el atraso cambiario m\u00e1s grande de la historia del pa\u00eds en los \u00faltimos cuarenta a\u00f1os, ah\u00ed sin duda hay un elemento.<\/p>\n<p><strong>Ese es un problema para cada gobierno que entra al tema de atender el d\u00f3lar y la paridad del d\u00f3lar, porque tambi\u00e9n era algo que el Partido Nacional y la oposici\u00f3n le reclamaba al Frente Amplio<\/strong><\/p>\n<p>Ese es un tire y afloje que sin dudas es importante, en un pa\u00eds agroexportador porque es de donde nos ingresas m\u00e1s divisas para, generar ingresos al pa\u00eds as\u00ed que eso sin duda es un problema.<\/p>\n<p>Lo que es verdad es que el atraso de cambio que estamos viendo es el peor de los \u00faltimos cuarenta a\u00f1os. O sea, que este gobierno no solamente no lo solucion\u00f3, sino que le termin\u00f3 empeorando con medidas terminaban tomando. Entre entre ellas, el aumento de la tasa de referencia de pol\u00edtica monetaria.<\/p>\n<p>Aunque si vos aumentas la tasa de referencia de pol\u00edtica monetaria y al mismo tiempo baj\u00e1s la inflaci\u00f3n, hoy, el que tiene dinero, es mucho m\u00e1s f\u00e1cil invertirlo en el sistema financiero, hacer la calesita financiera, y entre el nueve con cinco, que tiene la tasa de referencia a medias y el cinco por ciento de inflaci\u00f3n, ten\u00e9s un cuatro y medio que en un mes gan\u00e1s solamente con eso.<\/p>\n<p>Algunos hablan que eso significa casi mil millones de d\u00f3lares de p\u00e9rdida que tiene nuestro pa\u00eds entre esa t\u00f3mbola financiera, ni que hablar de los dos mil millones de d\u00f3lares que tiene de atraso cambiario.<\/p>\n<p>Entonces, est\u00e1n generando condiciones para que el pan de hoy sea hambre para ma\u00f1ana<\/p>\n<p>Entonces, creo que ah\u00ed hay un elemento que es muy importante, porque, en realidad, uno tiene que mirar toda la pel\u00edcula y no el corto plazo de las pr\u00f3ximas elecciones.<\/p>\n<p>Me parece que es parte de lo que est\u00e1 mirando el gobierno, porque en realidad tuvo un compromiso de campa\u00f1a que lo cumpli\u00f3 a medias.<\/p>\n<p>Este gobierno dijo que en realidad no iban a bajar los salarios de las jubilaciones y pensiones, los salarios de las jubilaciones y pensiones bajaron durante los primeros cuarenta meses de gobierno.<\/p>\n<p>Adem\u00e1s las cosas aumentan cada vez m\u00e1s, cada vez es m\u00e1s complejo. Entonces, sin duda, esos son temas que tienen que ver con la agenda de largo plazo.<\/p>\n<p>Es decir, nosotros somos los que pensamos en Uruguay. Con el Frente Amplio, creamos trescientos mil puestos de trabajo, es verdad que en los \u00faltimos cinco a\u00f1os se perdieron cincuenta mil, pero si queres en el saldo hubieron doscientos cincuenta mil puestos de trabajo m\u00e1s, pero al mismo tiempo creci\u00f3 el salario real sesenta y cuatro por ciento.<\/p>\n<p>Pero al mismo tiempo, si uno mira el salario real, el crecimiento del salario real fue diferenciado, el salario m\u00ednimo y las jubilaciones m\u00ednimas crecieron trescientos por ciento. \u00bfQu\u00e9 quiere decir eso?<\/p>\n<p>Que los que estaban m\u00e1s abajo crecieron m\u00e1s que los que estaban m\u00e1s arriba. En total creci\u00f3 un sesenta y cuatro por ciento.<\/p>\n<p>Creo que lo importante aqu\u00ed es c\u00f3mo nosotros podemos generar niveles de actividad econ\u00f3mica, crecimiento sostenido, recaudaci\u00f3n, \u00bfpara qu\u00e9?<\/p>\n<p>Para que los salarios empiecen a rendir m\u00e1s. Y, mientras tanto, yo creo que hay algunas cosas para mejorar que se podr\u00edan hacer. Si nosotros tenemos uno de cada tres trabajadores, en general promedio, que gana menos de veinticinco mil pesos. Me parece que es bastante injusto que paguen la misma cantidad de IVA que los que ganan cuatrocientos mil.<\/p>\n<p>Entonces, hoy ten\u00e9s un instrumento que es importante, que es la inclusi\u00f3n financiera. Es posible que de repente vos hagas una pol\u00edtica que focalices y digas, bueno, el que gana menos de veinticinco mil pesos, o gana menos de tanto y es jefe de familia o jefa de familia, no pague IVA en determinados alimentos o en determinados productos, y eso es una transferencia indirecta de recursos.<\/p>\n<p><strong>Daniel, ahora yendo al plano pol\u00edtico. \u00bfEstas son las elecciones m\u00e1s competitivas que recordas?<\/strong><\/p>\n<p>Yo creo que una de las m\u00e1s competitivas fue la de Mujicaia y Astori. Ah\u00ed hab\u00eda, incluso, hasta dos modelos bastante diferentes de hacer pol\u00edtica, y fue una interna mucho m\u00e1s picada, en dos mil nueve.<\/p>\n<p>Est\u00e1s son unas internas que al Frente Amplio lo encuentra diferente.<\/p>\n<p>Primero, porque no somos gobiernos. Despu\u00e9s, porque eso tambi\u00e9n nos ha permitido estar mucho m\u00e1s cerca de la sociedad, hemos hecho muchas recorridas. Y estar en el llano te permite ver que lo que hiciste no era todo un doradito de oro, entonces, tambi\u00e9n tuviste muchos errores y que, a veces, la distancia tambi\u00e9n te permite visualizarlo un poco mejor.<\/p>\n<p>Tambi\u00e9n est\u00e1 el dicho, mi madre siempre dice, otros vendr\u00e1n, qu\u00e9 bueno te har\u00e1n, \u00bfno? Entonces hoy el Frente est\u00e1 posicionado de manera diferente a las encuestas de hace cuatro, cinco a\u00f1os atr\u00e1s, \u00bfno? Tenemos casi diez puntos, doce puntos m\u00e1s. Tenemos otros niveles de exigencia, yo creo que el frenteamplista en general, lo que se est\u00e1 exigiendo a nosotros es que no podemos fallar, Y, por tanto, no hay espacio para cometer errores. Hay un olor a cambio del ciclo pol\u00edtico.<\/p>\n<p><strong>\u00bfPasado el 30 de junio va a haber f\u00f3rmula presidencial entre Carolina\/Yamandu, Yamandu\/Carolina? <\/strong><\/p>\n<p>Yo soy de los que piensan que el treinta tenemos que salir con una f\u00f3rmula resuelta, que tiene que haber una foto y todos salir para el primero de julio. Empezar a ordenar de vuelta la campa\u00f1a, que sin duda va a costar porque, en realidad, ten\u00e9s que rearmar los equipos, ten\u00e9s que repensar un poco la campa\u00f1a.<\/p>\n<p>Y, bueno, creo que si nosotros llegamos al treinta con una f\u00f3rmula resuelta, parece que ser\u00eda importante, si es el primer y segundo mejor, este, porque eso parece que tambi\u00e9n allanar\u00eda, la participaci\u00f3n de los frenteamplistas en la construcci\u00f3n de la misma.<\/p>\n<p><strong>Porque votar a Yamandu Orsi? <\/strong><\/p>\n<p>Naturalmente a cada lugar que vos vas, frenteamplistas que, de repente, estaban un poco enojados, pero tambi\u00e9n integrantes del Partido Nacional, sobre todo blancos, colorados y cabildantes, ven con buenos ojos a Yamand\u00fa.<\/p>\n<p>Entonces, te dicen, che, ojal\u00e1 que Yamandu a las internas, yo lo voy a votar. Otros dicen, nunca votar\u00eda al Frente Amplio, porque est\u00e1n los comunistas y los tupamaros, pero yo a Yorsi lo voto. Entonces, esa gente que, de repente, no sabe ni c\u00f3mo se llama, pero le despierta eso. Entonces, eso es algo interesante, porque, en realidad, uno cuando hace campa\u00f1a electoral, lo m\u00e1s dif\u00edcil es tratar de instalar un candidato y que sea visto positivamente por la ciudadan\u00eda, ya cuando se lo tiene naturalmente.<\/p>\n<p>Esta va a ser una campa\u00f1a muy dura, ya lo es, \u00bfno? Ya tuvimos un ataque fuerte. Un ataque fuerte a Yamandu, una denuncia que no fue falsa, la denuncia fue verdadera, lo que fue falsa fue todo el relato que se construy\u00f3, y lo que fue verdadero fue todo el dinero que se puso atr\u00e1s para difundir esa denuncia y el operativo que se arm\u00f3.<\/p>\n<p><strong>Aunque ustedes no lo digan p\u00fablicamente, Daniel, ustedes saben qui\u00e9n y de d\u00f3nde sali\u00f3 esa campa\u00f1a sucia?<\/strong><\/p>\n<p>Suponemos, suponemos, pero eso lo tiene que resolver la justicia. Lo que est\u00e1 claro es que ac\u00e1, Yamand\u00fa fue escaneado. Fue investigado. Porque estas personas investigaron, su vida \u00edntima, su vida anterior, cuando era profesor en en Maldonado, su anterior relaci\u00f3n de pareja y no han encontrado nada.<\/p>\n<p>Yamand\u00fa es un candidato transparente, es honesto, que tal cual es, a uno le puede gustar, le puede parecer m\u00e1s o menos, pero, en realidad, creo que ah\u00ed qued\u00f3 claro que Yamand\u00fa es una persona pulcra.<\/p>\n<p><strong>Daniel, por \u00faltimo contanos que te trae por Durazno \u00bfy qu\u00e9 mensaje le dej\u00e1s a la gente, ya culminando esta gira seiscientos nueve?<\/strong><\/p>\n<p>Bueno, hoy vamos a estar inaugurando un nuevo comit\u00e9 en Sarand\u00ed del Y\u00ed estamos con los compa\u00f1eros de la departamental de la 609, con el Tito Fumero, que es nuestro candidato a diputado, est\u00e1 Mart\u00edn Tierno, que ha sido diputado en varios per\u00edodos, que ha sido compa\u00f1ero m\u00edo en varias comisiones.<\/p>\n<p>Hoy est\u00e1 una lista del compa\u00f1ero Petutto que vino del Partido Nacional, se integra en una lista departamental.<\/p>\n<p>Este va a ser el tercer local de la 609 que vamos a inaugurar en el departamento, inauguramos en departamento, inauguramos en aqu\u00ed en la ciudad de de Durazno, ya ma\u00f1ana vamos a inaugurar tambi\u00e9n el centenario, con el querido compa\u00f1ero Pat\u00f3n, y hoy vamos a inaugurar en Sarand\u00ed del Y\u00ed. Justamente para tratar de ampliar el margen de convocatoria que tiene la 609 y contribuir a que el Frente Amplio tambi\u00e9n tenga una expresi\u00f3n electoral y tambi\u00e9n una presencia electoral importante en todo el departamento<\/p>\n<p>Hemos recorrido todo el pa\u00eds, justamente, tambi\u00e9n para mostrar que esto es la 609 un conjunto de compa\u00f1eros y compa\u00f1eras que somos militantes pol\u00edticos, que algunos tenemos responsabilidad institucional, pero, sobre todo, tenemos muchas ganas de que Yamandu sea el pr\u00f3ximo presidente.<\/p>\n<p>&nbsp;<\/p>\n","protected":false},"excerpt":{"rendered":"<p>En el marco de la gira 609 Daniel Caggiani visit\u00f3 Durazno y pas\u00f3 por la redacci\u00f3n de P\u00e1gina Cero. Hablamos sobre la gira, los problemas de seguridad, trabajo y el atraso cambiario. Adem\u00e1s de c\u00f3mo viene la interna del Frente Amplio y el apoyo a Yamandu Orsi.<\/p>\n","protected":false},"author":4,"featured_media":4730,"comment_status":"closed","ping_status":"closed","sticky":false,"template":"","format":"standard","meta":{"footnotes":""},"categories":[5,31],"tags":[],"class_list":["post-4729","post","type-post","status-publish","format-standard","has-post-thumbnail","hentry","category-durazno","category-entrevista-politica"],"_links":{"self":[{"href":"https:\/\/paginacero.com.uy\/index.php?rest_route=\/wp\/v2\/posts\/4729","targetHints":{"allow":["GET"]}}],"collection":[{"href":"https:\/\/paginacero.com.uy\/index.php?rest_route=\/wp\/v2\/posts"}],"about":[{"href":"https:\/\/paginacero.com.uy\/index.php?rest_route=\/wp\/v2\/types\/post"}],"author":[{"embeddable":true,"href":"https:\/\/paginacero.com.uy\/index.php?rest_route=\/wp\/v2\/users\/4"}],"replies":[{"embeddable":true,"href":"https:\/\/paginacero.com.uy\/index.php?rest_route=%2Fwp%2Fv2%2Fcomments&post=4729"}],"version-history":[{"count":1,"href":"https:\/\/paginacero.com.uy\/index.php?rest_route=\/wp\/v2\/posts\/4729\/revisions"}],"predecessor-version":[{"id":4731,"href":"https:\/\/paginacero.com.uy\/index.php?rest_route=\/wp\/v2\/posts\/4729\/revisions\/4731"}],"wp:featuredmedia":[{"embeddable":true,"href":"https:\/\/paginacero.com.uy\/index.php?rest_route=\/wp\/v2\/media\/4730"}],"wp:attachment":[{"href":"https:\/\/paginacero.com.uy\/index.php?rest_route=%2Fwp%2Fv2%2Fmedia&parent=4729"}],"wp:term":[{"taxonomy":"category","embeddable":true,"href":"https:\/\/paginacero.com.uy\/index.php?rest_route=%2Fwp%2Fv2%2Fcategories&post=4729"},{"taxonomy":"post_tag","embeddable":true,"href":"https:\/\/paginacero.com.uy\/index.php?rest_route=%2Fwp%2Fv2%2Ftags&post=4729"}],"curies":[{"name":"wp","href":"https:\/\/api.w.org\/{rel}","templated":true}]}}