{"id":4717,"date":"2024-06-13T17:20:25","date_gmt":"2024-06-13T20:20:25","guid":{"rendered":"https:\/\/paginacero.com.uy\/?p=4717"},"modified":"2024-06-13T17:20:25","modified_gmt":"2024-06-13T20:20:25","slug":"yennifer-una-colombiana-con-los-pies-en-durazno","status":"publish","type":"post","link":"https:\/\/paginacero.com.uy\/?p=4717","title":{"rendered":"Yennifer: una colombiana con los pies en Durazno"},"content":{"rendered":"<p><strong>Jennifer Gim\u00e9nez es una colombiana, rola, es decir que es de la capital del pa\u00eds, Bogot\u00e1, y est\u00e1 en Durazno desde hace cuatro a\u00f1os viviendo intensamente en sociedad, desde su rol de trabajo educativo hasta las artes y la difusi\u00f3n de su cultura.<\/strong><!--more--><\/p>\n<p>\u201cEn Bogot\u00e1 viv\u00ed toda mi infancia y adolescencia, en un barrio al sur de la ciudad, eso ha configurado mucho mi manera de ser y de ver la vida. Soy Licenciada en Educaci\u00f3n con \u00e9nfasis en Humanidades y Lengua Castellana, estudi\u00e9 en la Universidad, mi carrera es como la divisi\u00f3n de dos carreras ac\u00e1, puedo ser maestra de educaci\u00f3n primaria, pero tambi\u00e9n como profesora de idioma espa\u00f1ol y literatura en secundaria, es muy completa y ac\u00e1 me dedico a todo lo que tiene que ver con la educaci\u00f3n, la pedagog\u00eda y la investigaci\u00f3n educativa\u201d dijo present\u00e1ndose.<\/p>\n<p>\u201cMe apasiona todo lo que tiene que ver con la cultura, el arte y la literatura, esas tres cosas han hecho que me mueva por distintas partes de Latinoam\u00e9rica, conocer otros lugares, otras personas, otras culturas, otras formas de ver la vida, conocer otros autores y autoras, que muestran mucho como la manera de ser latinoamericana, entonces Latinoam\u00e9rica me mueve mucho y es el lugar en el mundo donde me gustar\u00eda seguir movi\u00e9ndome, no solo en este pa\u00eds, sino en Latinoam\u00e9rica en general\u201d agreg\u00f3.<\/p>\n<p>Lleg\u00f3 a Durazno como voluntaria de una fundaci\u00f3n solidaria y sigue desarrollando su actividad en varias \u00e1reas, fundamentalmente la educaci\u00f3n.<\/p>\n<p>\u201cVine a Durazno por causalidad, o casualidad, no s\u00e9. Llegu\u00e9 en 2020, fui la primera voluntaria profesional de una Fundaci\u00f3n que se llama Am\u00e9rica Solidaria, vine a trabajar con adolescentes en el territorio del interior de Durazno, para promover y fomentar la participaci\u00f3n y las habilidades sociales. Me qued\u00e9 tambi\u00e9n por casualidad, tuve la suerte o la desgracia, de venir a Durazno en plena pandemia, llegu\u00e9 en febrero de 2020 y luego me qued\u00e9, me fui quedando hacia el 2021 por las fronteras cerradas, he ido transitando desde ah\u00ed de a poco\u201d dijo.<\/p>\n<p>\u201cDespu\u00e9s que termin\u00e9 mi voluntariado decido quedarme en Uruguay, en Durazno, decido conocer el pa\u00eds que me ha hospedado desde hace un a\u00f1o y medio, quer\u00eda ver lo que era Durazno sin pandemia, desde ese lugar me motiv\u00e9 a quedarme. Despu\u00e9s comenc\u00e9 a buscar trabajo y llegu\u00e9 al Cecap, el Centro Educativo en Capacitaci\u00f3n en Arte y Producci\u00f3n que trabaja con adolescentes que no est\u00e1n en la educaci\u00f3n formal en la actualidad. All\u00ed lo que hacemos es generar un apoyo y acompa\u00f1amiento en la propuesta educativa de los adolescentes que no est\u00e1n en la educaci\u00f3n formal, que se reinventen, que puedan ver una nueva realidad a trav\u00e9s de talleres y actividades que vamos organizando. Hay talleres de textil, gastronom\u00eda, audiovisual, otros orientados a la convivencia y la lecto-escritura que hace que vean de otra manera lo educativo y puedan explorar otras \u00e1reas de su vida, se motiven a seguir adelante, puedan ir generando su proyecto de vida a trav\u00e9s de los talleres que brindamos\u201d agreg\u00f3.<\/p>\n<p>Su acci\u00f3n en la comunidad la llev\u00f3 tambi\u00e9n a la ciudad del Carmen donde a trav\u00e9s del programa PAS, tiende redes en temas que son considerados relevantes.<\/p>\n<p>\u201cTambi\u00e9n trabajo con otro proyecto del Ministerio de Educaci\u00f3n, el programa PAS, Aprender Siempre, que se lleva adelante en la ciudad del Carmen y es crear un proyecto educativo con base en las necesidades de los participantes que se acerquen al proyecto. Es desafiante, abierto a toda la comunidad, se va construyendo de acuerdo a los intereses lo que lo hace muy lindo, cuando uno habla con las personas y dialoga tambi\u00e9n mapeamos otras realidades que a veces no se perciben. Hemos trabajado sobre todo con el lenguaje y la comunicaci\u00f3n, el fortalecimiento y la creaci\u00f3n de una radio comunitaria que permita estar en mayor comunicaci\u00f3n con el Municipio y que adem\u00e1s brinde otro espacio intergeneracional, que sea un espacio donde adultos, j\u00f3venes, adolescentes y ni\u00f1os puedan participar, que sea un espacio para toda la comunidad\u201d agreg\u00f3.<\/p>\n<p>\u201cMi experiencia profesional en Uruguay ha sido diversa, en Colombia he trabajado con poblaciones rurales y vulnerables, pero con contextos diferentes, en Colombia tuve la oportunidad de trabajar con comunidades ind\u00edgenas y campesinas en la propuesta educativa intercultural, que es muy distinta a lo que uno ve ac\u00e1, pero es una de las cosas que me ha motivado a seguir ac\u00e1, a trabajar en el \u00e1mbito de la educaci\u00f3n, promover la educaci\u00f3n como un derecho y como una posibilidad para poder crear un proyecto de vida de acuerdo a las necesidades del territorio en que vivimos,<\/p>\n<p>permitirle a los adolescentes seguir so\u00f1ando, porque muchas veces los pensamientos y las posibilidades que tenemos nos limitan un mont\u00f3n, el acceso a las cosas nos limitan un mont\u00f3n. La visi\u00f3n de la educaci\u00f3n como algo m\u00e1s cr\u00edtico, m\u00e1s reflexivo, nos permite crear otros acceso a las propuestas educativas. Me gusta mucho ver las posibilidades desde los lugares de trabajo en los que estoy desempe\u00f1\u00e1ndome\u201d dijo.<\/p>\n<p>Yenn, como la conocen todos sus amigos, ha tra\u00eddo parte de su cultura a Durazno a trav\u00e9s del emprendimiento Sumerc\u00e9 y sigue volviendo a su pa\u00eds para renovar el impulso.<\/p>\n<p>\u201cLlevo cuatro a\u00f1os en Uruguay, seis fuera de mi casa, una de las cosas importantes es seguir manteniendo vivo en mi coraz\u00f3n la cultura de mi pa\u00eds, el legado de la memoria hist\u00f3rica, la memoria cultural y mostrar todo lo bonito que hay en Colombia, m\u00e1s all\u00e1 de lo que vemos a veces en las series y comentarios, all\u00ed hay un verdadero potencial cultural, humano y tur\u00edstico. Por eso es importante seguir compartiendo el arte y la cultura, tuve la posibilidad que en el 2016 y hasta el 2018 viv\u00ed en la selva chujuana y all\u00ed compart\u00ed con una comunidad ind\u00edgena donde aprend\u00ed el arte de las mostacillas checas, porque ellos toda su vestimenta, sus adornos, lo acompa\u00f1an con estas mostacillas. All\u00ed aprend\u00ed a tejer caravanas, pulseras, lo que se convirti\u00f3 para m\u00ed en un hobby y se las regalo a mis personas queridas. Cada vez que voy a Colombia traigo algo m\u00e1s de mi cultura y lo incorporo a mi emprendimiento que se llama Artesan\u00edas Sumerc\u00e9, porque lo que busca es con cosas que solo hay en Colombia, como la mostacilla checa, los colores de objetos de bisuter\u00eda como collares, pulseras y caravanas, muestro la cultura de mi pa\u00eds. Eso ha sido importante y porque Sumerce es una palabra que significa cari\u00f1o, amor, compa\u00f1ia, es una manera gentil de referirse a las dem\u00e1s personas, es la palabra que m\u00e1s se usa en la ciudad donde vivo, Bogot\u00e1, es una forma de decir soy esto, y aunque me mueva por mil lugares llevo mi pa\u00eds a trav\u00e9s de esa palabra y sus colores\u201d dijo.<\/p>\n<p>Se considera una migrante privilegiada, y as\u00ed seguir\u00e1 siendo, una aventurera recorriendo lugares y conociendo m\u00e1s del mundo, sobre todo Latinoam\u00e9rica.<\/p>\n<p>\u201cConsidero que soy una migrante privilegiada, que tengo otras condiciones socioecon\u00f3mica porque soy una mujer licenciada, con estudios, que adem\u00e1s ha tenido la posibilidad de tener un buen trabajo. Eso de por s\u00ed me da otra condici\u00f3n de migrante, porque no es falso que muchas personas migrantes viajan con las manos vac\u00edas y hacen los trabajos que toque para sobrevivir. Yo he tenido la posibilidad, he sido privilegiada en la vida, de tener una carrera y poder escoger el lugar donde trabajo. Para mi es importante poder volver a mi pa\u00eds cada a\u00f1o, vuelvo de vacaciones y los reencuentros son lo m\u00e1s bonito y lo m\u00e1s dif\u00edcil tambi\u00e9n, porque cuando uno se va, piensa que las cosas no cambian, pero todo cambia mucho de a\u00f1o a a\u00f1o, los reencuentros se hacen cada vez m\u00e1s interesantes, las cosas en la ciudad cambian, la familia crece, los ni\u00f1os tambi\u00e9n. Cuando tomas un lugar para vivir, como Durazno, te das cuenta que tambi\u00e9n te hace falta regresar, cuando no estoy en Colombia extra\u00f1o mucho mi pa\u00eds, mi familia, mis costumbres, pero cuando voy all\u00e1 extra\u00f1o Durazno, la tranquilidad del r\u00edo, andar en bici, son cosas que caracterizan esta ciudad y me hacen falta cuando no estoy ac\u00e1\u201d agreg\u00f3.<\/p>\n<p>En sus proyectos est\u00e1 el de seguir produciendo sus artesan\u00edas con estilo colombiano, incorporando nuevas t\u00e9cnicas.<\/p>\n<p>\u201cComo proyecto, visi\u00f3n hacia el futuro, quiero seguir trabajando con mi emprendimiento de artesan\u00edas, pero darle un enfoque m\u00e1s educativo, si el futuro lo permite comenzar a trabajar con mujeres con t\u00e9cnicas que tengan que ver con el tejido y la bisuter\u00eda en resina, no solo por aprender sino como una excusa para dialogar con otras personas Estoy siempre abierta al cambio, esperar que suceda, no se que pasar\u00e1 el a\u00f1o pr\u00f3ximo, estoy siempre buscando nuevas formas o nuevas oportunidades en el exterior y pensando en eso, la vida es una sola y si uno tiene la posibilidad de viajar, conocer y trabajar en lo que le gusta deber\u00eda aprovecharlo, es una de mis consignas de vida, acompa\u00f1ar los procesos de las comunidades donde est\u00e9, seguir form\u00e1ndome y fortaleci\u00e9ndose y viajando a diferentes lugares\u201d cont\u00f3.<\/p>\n<p>Se ha convertido a uno de los deportes tradicionales de Durazno, el ciclismo, al que utiliza como v\u00eda de escape para seguir fortaleci\u00e9ndose.<\/p>\n<p>\u201cDe los hobbies una de las cosas que he venido descubriendo que me gusta mucho la bicicleta, la uso como medio de transporte pero tambi\u00e9n la hab\u00eda visto solo de esa forma, pero desde que vivo en Durazno la vivo como una posibilidad de encontrar salud mental, un lugar en el mundo m\u00f3vil, la<\/p>\n<p>posibilidad de explorar lugares nuevos en la ciudad que vivo, pero tambi\u00e9n como para empoderarme y ver que puedo hacer todo lo que me proponga, logr\u00e1ndolo de a poco. Tambi\u00e9n hago cer\u00e1mica en el Taller de Artes Pl\u00e1sticas, eso es una cosa que aprend\u00ed ac\u00e1 en Uruguay, me acerqu\u00e9 al Taller a conocer personas y la verdad que ha sido como un lugar me ha abrazado y tambi\u00e9n me ha contenido en un mont\u00f3n de cosas, he aprendido much\u00edsimo. M\u00e1s all\u00e1 de la cer\u00e1mica, trabajar el barro hacer cosas para m\u00ed, tambi\u00e9n la posibilidad de seguir compartiendo cosas de mi cultura, aprender un nuevo oficio que tambi\u00e9n va a ser combinado con mi emprendimiento. El taller es un lugar donde uno puede ser y nunca te van a decir que no\u201d finaliz\u00f3.<\/p>\n","protected":false},"excerpt":{"rendered":"<p>Jennifer Gim\u00e9nez es una colombiana, rola, es decir que es de la capital del pa\u00eds, Bogot\u00e1, y est\u00e1 en Durazno desde hace cuatro a\u00f1os viviendo intensamente en sociedad, desde su rol de trabajo educativo hasta las artes y la difusi\u00f3n de su cultura.<\/p>\n","protected":false},"author":4,"featured_media":4718,"comment_status":"closed","ping_status":"closed","sticky":false,"template":"","format":"standard","meta":{"footnotes":""},"categories":[5,17],"tags":[],"class_list":["post-4717","post","type-post","status-publish","format-standard","has-post-thumbnail","hentry","category-durazno","category-suplemento-mujer"],"_links":{"self":[{"href":"https:\/\/paginacero.com.uy\/index.php?rest_route=\/wp\/v2\/posts\/4717","targetHints":{"allow":["GET"]}}],"collection":[{"href":"https:\/\/paginacero.com.uy\/index.php?rest_route=\/wp\/v2\/posts"}],"about":[{"href":"https:\/\/paginacero.com.uy\/index.php?rest_route=\/wp\/v2\/types\/post"}],"author":[{"embeddable":true,"href":"https:\/\/paginacero.com.uy\/index.php?rest_route=\/wp\/v2\/users\/4"}],"replies":[{"embeddable":true,"href":"https:\/\/paginacero.com.uy\/index.php?rest_route=%2Fwp%2Fv2%2Fcomments&post=4717"}],"version-history":[{"count":1,"href":"https:\/\/paginacero.com.uy\/index.php?rest_route=\/wp\/v2\/posts\/4717\/revisions"}],"predecessor-version":[{"id":4719,"href":"https:\/\/paginacero.com.uy\/index.php?rest_route=\/wp\/v2\/posts\/4717\/revisions\/4719"}],"wp:featuredmedia":[{"embeddable":true,"href":"https:\/\/paginacero.com.uy\/index.php?rest_route=\/wp\/v2\/media\/4718"}],"wp:attachment":[{"href":"https:\/\/paginacero.com.uy\/index.php?rest_route=%2Fwp%2Fv2%2Fmedia&parent=4717"}],"wp:term":[{"taxonomy":"category","embeddable":true,"href":"https:\/\/paginacero.com.uy\/index.php?rest_route=%2Fwp%2Fv2%2Fcategories&post=4717"},{"taxonomy":"post_tag","embeddable":true,"href":"https:\/\/paginacero.com.uy\/index.php?rest_route=%2Fwp%2Fv2%2Ftags&post=4717"}],"curies":[{"name":"wp","href":"https:\/\/api.w.org\/{rel}","templated":true}]}}