{"id":4714,"date":"2024-06-13T17:16:17","date_gmt":"2024-06-13T20:16:17","guid":{"rendered":"https:\/\/paginacero.com.uy\/?p=4714"},"modified":"2024-06-13T17:16:17","modified_gmt":"2024-06-13T20:16:17","slug":"homenaje-a-clemente-estable-en-la-escuela-n-81-con-emotiva-actividad","status":"publish","type":"post","link":"https:\/\/paginacero.com.uy\/?p=4714","title":{"rendered":"Homenaje a Clemente Estable en la Escuela N\u00b0 81 con emotiva actividad"},"content":{"rendered":"<p><strong>Se celebraron los 130 a\u00f1os del nacimiento de Clemente Estable, en un a\u00f1o que ha sido consagrado a su homenaje y la Escuela N\u00b0 81 realiz\u00f3 una actividad en ese sentido, contando con la presencia de su nieto, Juan Estable, adem\u00e1s de la participaci\u00f3n activa de docentes y estudiantes.<\/strong><!--more--><\/p>\n<p>Estudiantes de la Escuela manifestaron su investigaci\u00f3n realizada con la excusa de homenajear a Clemente Estable en los 130 a\u00f1os de su nacimiento presentaron una investigaci\u00f3n realizada sobre diferentes temas \u201cClemente Estable fue la raz\u00f3n de empezar esta investigaci\u00f3n sobre los animales que viven en el compost. Hay cuatro tipos de animales que ser\u00edan los bichos de la humedad, las lombrices, la tijereta y la mosca de la fruta. La mosca de la fruta hay especies que pueden vivir en la fruta o en otros lugares muy h\u00famedos, el bicho de la humedad vive en lugares muy h\u00famedos, la lombriz abajo de la tierra y la tijereta que vive en lugares donde no haya mucho sol pero tampoco mucha oscuridad\u201d.<\/p>\n<p>\u201cInvestigamos sobre su forma de vivir, las caracter\u00edsticas de cada una de estas especies, su h\u00e1bitat preferido, entre otros elementos que vemos en la presentaci\u00f3n que estamos haciendo\u201d agregaron.<\/p>\n<p>\u201cClemente Estable fue el fundador del Plan Estable y tambi\u00e9n sobre \u00e9l hicimos una presentaci\u00f3n, fue un bi\u00f3logo y pedagogo, hicieron un laboratorio en su nombre porque fue uno de los mejores cient\u00edficos uruguayos. Viene de una familia italiana, naci\u00f3 en una chacra, se mudaron cuando Clemente era muy chico al campo y as\u00ed \u00e9l comenz\u00f3 su vida como investigador, comenz\u00f3 a investigar cosas del campo. El pod\u00eda imitar perfectamente el sonido de un ave, entre otros datos que estamos investigando\u201d agregaron.<\/p>\n<p>El nieto de Clemente Estable dijo que \u201csi mi abuelo escuchara esto estar\u00eda fascinado, \u00e9l trabaj\u00f3 mucho, para llevar adelante sus ideas educativas, la importancia de la observaci\u00f3n, lo que engendra la ciencia con respecto a la curiosidad. Realmente me encanta que se expresen as\u00ed, que hagan preguntas, que investiguen, se trata de una ense\u00f1anza activa, din\u00e1mica, observando todas las posibilidades. Creo que es una escuela excepcional donde estamos hoy, con docentes, talleristas, padres, realmente comprometidos, con mucha visi\u00f3n y amor, inagotable, que se ve reflejado en las actividades que hacen. Me quedo asombrado de lo que estoy viviendo hoy, me siento alegre de estar ac\u00e1\u201d<\/p>\n<p>\u201cComo nieto de Clemente Estable digo que fue un abuelo extraordinario, muy cari\u00f1oso con nosotros, nunca faltaba alg\u00fan caramelito, alg\u00fan beso o abrazo, cari\u00f1o que nos diera, consejos, siempre educando. Por ejemplo, los regalos de mi abuelo no eran pelotas de f\u00fatbol, sino libros, libros con alg\u00fan sentido educativo que nos ayudaran en nuestra b\u00fasqueda para hallar nuestra vocaci\u00f3n, esos recuerdos de mi abuelo son \u00fanicos\u201d agreg\u00f3.<\/p>\n<p>\u201cEso son los recuerdos \u00fanicos de mi abuelo, mi hermano Mario es bi\u00f3logo, investigador, profesor de la Universidad, por lo tanto dej\u00f3 su legado\u201d agreg\u00f3 Juan Estable.<\/p>\n<p>Angela de Souza, Inspectora Regionalizada en Educaci\u00f3n Especial \u201cesta jornada es muy emotiva, la verdad que sali\u00f3 redonda porque fue algo que si bien nuestras escuelas forman parte del grupo de escuelas Clemente Estable, esta escuela, donde estoy desde hace tres a\u00f1os, cuando me encontr\u00e9 con el nombre de Clemente me emocion\u00f3 porque personalmente vengo de hacer una investigaci\u00f3n y me pareci\u00f3 muy importante. Cerrando mi ciclo por Durazno es importante que cerremos con un homenaje a un fil\u00f3sofo, pedagogo, sabio uruguayo\u201d.<\/p>\n<p>\u201cVino toda la comunidad, escuelas de la zona que trabajan en red, colaboradores de la escuela, instituciones, liceo Rotary que es padrino de la escuela, vinieron autoridades militares, de la polic\u00eda, estuvieron todos presentes y eso genera lo que nosotros queremos lograr como equipo inspector, para cerrar esta jornada que nos llena de orgullo\u201d agreg\u00f3.<\/p>\n<p>\u201cM\u00e1s que esto es una escuela especial, que realmente se haya volcado al descubrir la ciencia con la transformaci\u00f3n educativa, fue un broche de oro\u201d dijo.<\/p>\n<p>\u201cEs un momento cargado de emoci\u00f3n, tenemos que reconocer que todo el equipo de esta escuela pone mucho amor y el coraz\u00f3n en su labor en el d\u00eda a d\u00eda. Volver despu\u00e9s de cuatro a\u00f1os de retirada, ver que el nieto de Clemente EStable haya podido venir realmente es emocionante. Este fue nuestro segundo hogar, estuve casi 25 a\u00f1os trabajando en esta escuela especial, donde m\u00e1s all\u00e1 de sus<\/p>\n<p>capacidades diferentes, tienen much\u00edsimo para dar\u201d finaliz\u00f3 diciendo Alicia Ch\u00e1vez.<\/p>\n<p>Se denomin\u00f3 al 2024 como el A\u00f1o Clemente Estable, en una iniciativa para reivindicar y recordar figuras del acervo cultural nacional, destacando el rol del docente como pionero en la ciencia uruguaya.<\/p>\n<p>El rol de Clemente Estable fue como pionero en la ciencia uruguaya, as\u00ed como el consenso nacional sobre la importancia del conocimiento cient\u00edfico y el apoyo del Estado. La residencia de Clemente Estable, ubicada en el barrio Prado de Montevideo, y declarada Monumento Hist\u00f3rico Nacional en 2016, pasar\u00e1 a ser gestionada por la ANEP, junto a los diferentes subsistemas educativos.<\/p>\n<p>La propuesta del Plan Educativo Cultural de la ANEP incluye la creaci\u00f3n de un libro sobre Clemente Estable, dirigido a ni\u00f1os y j\u00f3venes e ilustrado por los alumnos de las 19 escuelas con el nombre del investigador, as\u00ed como la reedici\u00f3n de dos de sus obras, y una convocatoria para realizar pasant\u00edas en el IIBCE.<\/p>\n<p>Clemente Estable fue un maestro, fil\u00f3sofo, pedagogo e investigador cient\u00edfico especializado en las neurociencias. Logr\u00f3 que investigar sea una profesi\u00f3n reconocida en Uruguay gracias a su trabajo como \u201cactivista cient\u00edfico\u201d. Su gran legado es el Instituto de Investigaciones Biol\u00f3gicas que lleva su nombre, que en 2027 cumplir\u00e1 100 a\u00f1os.<\/p>\n<p>Clemente Estable fue un visionario que marc\u00f3 la cultura uruguaya por su visi\u00f3n de futuro, su gran vocaci\u00f3n y capacidad de trabajo. Naci\u00f3 un 23 de mayo de 1894 en la actual Santa Luc\u00eda, Departamento de Canelones. Su vida estuvo marcada por una gran pasi\u00f3n: la b\u00fasqueda de nuevos conocimientos. Maestro y en paralelo cient\u00edfico autodidacta, muy pronto se destac\u00f3 en todos los \u00e1mbitos donde se desempe\u00f1aba. Su camino profesional dio un giro cuando siendo muy joven gan\u00f3 una beca para formarse en Espa\u00f1a con Santiago Ram\u00f3n y Cajal, Premio Nobel en 1906 junto a Camilo Golgi.<\/p>\n<p>Comenz\u00f3 entonces a investigar el sistema nervioso y en 1923 public\u00f3 hallazgos originales referentes a la organizaci\u00f3n histol\u00f3gica del cerebelo. Al volver a Uruguay, en 1925, se dedic\u00f3 a investigar la arquitectura del sistema nervioso central y perif\u00e9rico. En paralelo, Estable comenz\u00f3 a destacarse como pensador, con sus aportes a la filosof\u00eda, la pedagog\u00eda y la ense\u00f1anza.<\/p>\n<p>Logr\u00f3 reconocimiento, admiraci\u00f3n y apoyo del Estado uruguayo primero y del exterior despu\u00e9s, para establecer el primer Laboratorio de Ciencias Biol\u00f3gicas en 1927 y construir, en 1950, el actual edificio del Instituto que lleva su nombre.<\/p>\n<p>La posibilidad de dedicarse exclusivamente a la investigaci\u00f3n cient\u00edfica hoy es un gran fruto de Clemente Estable, el maestro que marc\u00f3 un antes y un despu\u00e9s en el sistema cient\u00edfico nacional.<\/p>\n","protected":false},"excerpt":{"rendered":"<p>Se celebraron los 130 a\u00f1os del nacimiento de Clemente Estable, en un a\u00f1o que ha sido consagrado a su homenaje y la Escuela N\u00b0 81 realiz\u00f3 una actividad en ese sentido, contando con la presencia de su nieto, Juan Estable, adem\u00e1s de la participaci\u00f3n activa de docentes y estudiantes.<\/p>\n","protected":false},"author":4,"featured_media":4715,"comment_status":"closed","ping_status":"closed","sticky":false,"template":"","format":"standard","meta":{"footnotes":""},"categories":[5],"tags":[],"class_list":["post-4714","post","type-post","status-publish","format-standard","has-post-thumbnail","hentry","category-durazno"],"_links":{"self":[{"href":"https:\/\/paginacero.com.uy\/index.php?rest_route=\/wp\/v2\/posts\/4714","targetHints":{"allow":["GET"]}}],"collection":[{"href":"https:\/\/paginacero.com.uy\/index.php?rest_route=\/wp\/v2\/posts"}],"about":[{"href":"https:\/\/paginacero.com.uy\/index.php?rest_route=\/wp\/v2\/types\/post"}],"author":[{"embeddable":true,"href":"https:\/\/paginacero.com.uy\/index.php?rest_route=\/wp\/v2\/users\/4"}],"replies":[{"embeddable":true,"href":"https:\/\/paginacero.com.uy\/index.php?rest_route=%2Fwp%2Fv2%2Fcomments&post=4714"}],"version-history":[{"count":1,"href":"https:\/\/paginacero.com.uy\/index.php?rest_route=\/wp\/v2\/posts\/4714\/revisions"}],"predecessor-version":[{"id":4716,"href":"https:\/\/paginacero.com.uy\/index.php?rest_route=\/wp\/v2\/posts\/4714\/revisions\/4716"}],"wp:featuredmedia":[{"embeddable":true,"href":"https:\/\/paginacero.com.uy\/index.php?rest_route=\/wp\/v2\/media\/4715"}],"wp:attachment":[{"href":"https:\/\/paginacero.com.uy\/index.php?rest_route=%2Fwp%2Fv2%2Fmedia&parent=4714"}],"wp:term":[{"taxonomy":"category","embeddable":true,"href":"https:\/\/paginacero.com.uy\/index.php?rest_route=%2Fwp%2Fv2%2Fcategories&post=4714"},{"taxonomy":"post_tag","embeddable":true,"href":"https:\/\/paginacero.com.uy\/index.php?rest_route=%2Fwp%2Fv2%2Ftags&post=4714"}],"curies":[{"name":"wp","href":"https:\/\/api.w.org\/{rel}","templated":true}]}}