{"id":4699,"date":"2024-06-13T10:39:26","date_gmt":"2024-06-13T13:39:26","guid":{"rendered":"https:\/\/paginacero.com.uy\/?p=4699"},"modified":"2024-06-13T10:39:26","modified_gmt":"2024-06-13T13:39:26","slug":"buscan-unificar-el-sistema-de-valoracion-de-la-discapacidad-se-puso-en-marcha-estudio-voluntario","status":"publish","type":"post","link":"https:\/\/paginacero.com.uy\/?p=4699","title":{"rendered":"Buscan unificar el sistema de valoraci\u00f3n de la discapacidad: se puso en marcha estudio voluntario"},"content":{"rendered":"<p><strong>\u00abSeg\u00fan el \u00faltimo censo, en nuestro pa\u00eds hay un 15,8% de personas con discapacidad. Este n\u00famero, extendido a las familias; sirve para entender el impacto que tiene este tipo de pol\u00edticas\u00bb, agreg\u00f3 Sass. \u00abEsta es una reivindicaci\u00f3n hist\u00f3rica de los colectivos de personas con discapacidad\u00bb.<\/strong><!--more--><\/p>\n<p>Ellos son evaluados por instituciones de diferente manera, por lo que el proyecto de Ley que se est\u00e1 trabajando en la actualidad tendr\u00e1 efectos positivos.<\/p>\n<p>El Poder Ejecutivo, a trav\u00e9s del Ministerio de Desarrollo Social y con el apoyo de la Presidencia de la Rep\u00fablica, present\u00f3 a consideraci\u00f3n del Parlamento un proyecto de ley para crear un baremo \u00fanico nacional de discapacidad y un Consejo Asesor de Expertos en Instrumentos de Medici\u00f3n de Discapacidad, de car\u00e1cter honorario para implementar un sistema unificado.<\/p>\n<p>El ministro de Desarrollo Social Alejandro Sciarra manifest\u00f3 que al ser aprobado, \u00abeste proyecto de ley tendr\u00e1 un impacto muy grande\u00bb, ya que actualmente \u00ablas personas con discapacidad tienen que ir a &#8216;valorar&#8217; su discapacidad a diferentes organismos del Estado, y cada uno de ellos tiene su instrumento de medici\u00f3n distinto\u00bb.<\/p>\n<p>Adem\u00e1s de unificar criterios en cuanto a la valoraci\u00f3n de la discapacidad, las personas s\u00f3lo tendr\u00e1n que hacer el tr\u00e1mite una vez.<\/p>\n<p>\u00abAhora el proyecto de ley est\u00e1 en consideraci\u00f3n del Parlamento, pero confiamos en que se le dar\u00e1 un trato expeditivo ya que los legisladores entienden la importancia y la sensibilidad que tiene este tema\u00bb, agreg\u00f3 el ministro de Desarrollo Social.<\/p>\n<p>Por su parte, la directora de Discapacidad, Karen Sass, comunic\u00f3 que hoy en Uruguay hay siete instrumentos de medici\u00f3n de la discapacidad distintos. \u00abEsto hace que las personas con discapacidad y sus familias tengan que transitar por distintos organismos para que les digan si tienen o no, discapacidad; adem\u00e1s con criterios todos distintos\u00bb, explic\u00f3.<\/p>\n<p>\u00abEste instrumento se viene pensando y trabajando hace m\u00e1s de tres a\u00f1os por un grupo interinstitucional\u00bb, continu\u00f3 la directora de Discapacidad. \u00abLos valoradores van a estar preparados para utilizar este nuevo instrumento, con \u00e9l van a valorar la discapacidad de la persona y esto va a impactar en el Registro Nacional de Personas con Discapacidad, que est\u00e1 en la \u00f3rbita del MIDES\u00bb.<\/p>\n<p>En el texto del proyecto se dispone la creaci\u00f3n de un \u00abbaremo \u00fanico nacional que fijar\u00e1 el Poder Ejecutivo a trav\u00e9s del Consejo Asesor de Expertos en Instrumentos de Medici\u00f3n de Discapacidad\u00bb, y la declaraci\u00f3n de inter\u00e9s p\u00fablico a su implementaci\u00f3n.<\/p>\n<p>El \u00abbaremo\u00bb es la herramienta que se utiliza para valorar el grado de discapacidad de una persona. Sigue una metodolog\u00eda y para indagar sobre la experiencia que vive el individuo, considerando los apoyos y barreras que afronta en su entorno cotidiano. A su vez, el modelo contiene informaci\u00f3n cualitativa y cuantitativa, como un porcentaje y un grado de discapacidad, \u00edndices, entre otros.<\/p>\n<p>En Uruguay, la utilizaci\u00f3n de diferentes baremos seg\u00fan el organismo del Estado que se trate, ha llevado a las personas con discapacidad a obtener posibles valoraciones divergentes, como tambi\u00e9n exponerlas a distintos procesos de valoraci\u00f3n de forma innecesaria.<\/p>\n<p>En este marco y ante la necesidad de unificar criterios, organismos p\u00fablicos y representantes de la sociedad civil, han trabajado en conjunto para lograr instrumentar este baremo \u00fanico.<\/p>\n<p>Actualmente, los equipos del Ministerio de Desarrollo Social se encuentran testeando este nuevo baremo. Para ello, es necesaria la participaci\u00f3n voluntaria de personas con discapacidad. En esta etapa del proceso, se encuentra abierta una convocatoria a personas con discapacidad de entre 6 meses y 17 a\u00f1os. El Estado Uruguayo con el apoyo de las Naciones Unidas, contin\u00faa trabajando en la construcci\u00f3n de un instrumento \u00fanico de valoraci\u00f3n, calificaci\u00f3n y certificaci\u00f3n en discapacidad en nuestro pa\u00eds. Para seguir con este proceso, es necesario que personas con cualquier tipo de discapacidad menores de 18 a\u00f1os participen como voluntarias en la etapa de testeo de este instrumento.<\/p>\n<p>En la instancia se aplicar\u00e1n dos cuestionarios diferentes: Baremo \u00fanico de Discapacidad y Preguntas del Washington Group. Los dos contienen preguntas sobre la dificultad que la persona con discapacidad pueda tener para realizar una serie de actividades habituales. Se realizar\u00e1n dos entrevistas (virtuales o presenciales seg\u00fan las posibilidades) con una diferencia entre siete y diez d\u00edas aproximadamente entre una y otra.<\/p>\n<p>En este marco se est\u00e1 solicitando que ni\u00f1os, ni\u00f1as y adolescentes entre 6 meses y 17 a\u00f1os de edad y<\/p>\n<p>que presenten un solo tipo de discapacidad, participen como voluntarios para realizar el cuestionario. Las familias de los ni\u00f1os, ni\u00f1as y adolescentes interesadas pueden postularse a trav\u00e9s de este formulario de inscripci\u00f3n, dando su consentimiento y su informaci\u00f3n de contacto.<\/p>\n<p>El resultado del cuestionario no afectar\u00e1 de ning\u00fan modo en la prestaci\u00f3n o beneficio que el ni\u00f1o, ni\u00f1a o adolescente est\u00e9 recibiendo.<\/p>\n<p>En caso de tener consultas sobre el proceso, comunicarse al tel\u00e9fono 2400 0302 int. 6114, o al correo electr\u00f3nico valoraciondiscapacidad@mides.gub.uy.<\/p>\n<p>Las personas sordas pueden comunicarse a trav\u00e9s del Centro de Interpretaci\u00f3n Virtual, mediante una videollamada de whatsapp a los tel\u00e9fonos 091 513 234 o 091 515 243, de lunes a viernes de 9:00 a 15:00 horas.<\/p>\n","protected":false},"excerpt":{"rendered":"<p>\u00abSeg\u00fan el \u00faltimo censo, en nuestro pa\u00eds hay un 15,8% de personas con discapacidad. Este n\u00famero, extendido a las familias; sirve para entender el impacto que tiene este tipo de pol\u00edticas\u00bb, agreg\u00f3 Sass. \u00abEsta es una reivindicaci\u00f3n hist\u00f3rica de los colectivos de personas con discapacidad\u00bb.<\/p>\n","protected":false},"author":4,"featured_media":4693,"comment_status":"closed","ping_status":"closed","sticky":false,"template":"","format":"standard","meta":{"footnotes":""},"categories":[5],"tags":[],"class_list":["post-4699","post","type-post","status-publish","format-standard","has-post-thumbnail","hentry","category-durazno"],"_links":{"self":[{"href":"https:\/\/paginacero.com.uy\/index.php?rest_route=\/wp\/v2\/posts\/4699","targetHints":{"allow":["GET"]}}],"collection":[{"href":"https:\/\/paginacero.com.uy\/index.php?rest_route=\/wp\/v2\/posts"}],"about":[{"href":"https:\/\/paginacero.com.uy\/index.php?rest_route=\/wp\/v2\/types\/post"}],"author":[{"embeddable":true,"href":"https:\/\/paginacero.com.uy\/index.php?rest_route=\/wp\/v2\/users\/4"}],"replies":[{"embeddable":true,"href":"https:\/\/paginacero.com.uy\/index.php?rest_route=%2Fwp%2Fv2%2Fcomments&post=4699"}],"version-history":[{"count":1,"href":"https:\/\/paginacero.com.uy\/index.php?rest_route=\/wp\/v2\/posts\/4699\/revisions"}],"predecessor-version":[{"id":4700,"href":"https:\/\/paginacero.com.uy\/index.php?rest_route=\/wp\/v2\/posts\/4699\/revisions\/4700"}],"wp:featuredmedia":[{"embeddable":true,"href":"https:\/\/paginacero.com.uy\/index.php?rest_route=\/wp\/v2\/media\/4693"}],"wp:attachment":[{"href":"https:\/\/paginacero.com.uy\/index.php?rest_route=%2Fwp%2Fv2%2Fmedia&parent=4699"}],"wp:term":[{"taxonomy":"category","embeddable":true,"href":"https:\/\/paginacero.com.uy\/index.php?rest_route=%2Fwp%2Fv2%2Fcategories&post=4699"},{"taxonomy":"post_tag","embeddable":true,"href":"https:\/\/paginacero.com.uy\/index.php?rest_route=%2Fwp%2Fv2%2Ftags&post=4699"}],"curies":[{"name":"wp","href":"https:\/\/api.w.org\/{rel}","templated":true}]}}