{"id":4695,"date":"2024-06-13T10:30:22","date_gmt":"2024-06-13T13:30:22","guid":{"rendered":"https:\/\/paginacero.com.uy\/?p=4695"},"modified":"2024-06-13T10:30:22","modified_gmt":"2024-06-13T13:30:22","slug":"camila-arredondo-nos-cuenta-su-experiencia-como-extranjera-en-durazno-siendo-voluntaria-en-america-solidaria","status":"publish","type":"post","link":"https:\/\/paginacero.com.uy\/?p=4695","title":{"rendered":"Camila Arredondo nos cuenta su experiencia como extranjera en Durazno, siendo voluntaria en Am\u00e9rica Solidaria"},"content":{"rendered":"<p><strong>Charlamos con Camila Arredondo, ella tiene 29 a\u00f1os y es de la octava regi\u00f3n de Chile de un lugar que se llama Talcahuano. \u201dUn puerto pesquero muy pegadito al mar que es precioso\u201d, que queda al sur de Chile. Hoy en d\u00eda se encuentra en Durazno haciendo un voluntariado con la fundaci\u00f3n Am\u00e9rica Solidaria. Conversamos sobre ella, sobre de qu\u00e9 se trata America Solidaria, el trabajo con los m\u00e1s j\u00f3venes, c\u00f3mo ve a Uruguay y su visi\u00f3n sobre los j\u00f3venes y la pol\u00edtica.<\/strong><!--more--><\/p>\n<p><strong>\u00bfSe extra\u00f1a el mar y el clima?<\/strong><\/p>\n<p>Mucho, podr\u00eda decir que de las cosas que m\u00e1s extra\u00f1o en este voluntariado en Uruguay es el mar. Y aunque Talcahuano hace fr\u00edo, ac\u00e1 \u00faltimamente est\u00e1 muy fr\u00edo. Pero estoy muy feliz de estar en Durazno y lo estoy disfrutando bastante. Hace tres meses que estoy en Uruguay y en Durazno dos meses.<\/p>\n<p><strong>\u00bfEn qu\u00e9 momento decid\u00eds anotarte en un voluntariado? y \u00bfC\u00f3mo eliges venir a Uruguay y precisamente a Durazno?<\/strong><\/p>\n<p>Yo soy trabajadora social de profesi\u00f3n, es algo que me gusta y que me mueve mucho. En Chile trabaj\u00e9 en el \u00e1rea de ni\u00f1os y adolescencia. Trabaj\u00e9 con adolescentes que cometieron infracciones a la ley, en colegios, en la municipalidad y en un programa que se llama Chile Crece Contigo del cual luego nace Uruguay Crece Contigo, en ese programa trabajaba yo. Pero tambi\u00e9n ten\u00eda la intenci\u00f3n de salir de mi pa\u00eds para tener otra experiencia ya que soy joven, no tengo hijos ni nada que me ate. De repente me aparece en Instagram la postulaci\u00f3n de Am\u00e9rica Solidaria para voluntariado en Uruguay. As\u00ed que me anot\u00e9 y puse todas mis energ\u00edas ah\u00ed. Fueron varios meses de proceso hasta que nos dijeron que hab\u00edamos quedado yo y mi compa\u00f1era \u00c1ngeles con quien estoy ac\u00e1 en Uruguay.<\/p>\n<p><strong>America Solidaria <\/strong><\/p>\n<p>Am\u00e9rica Solidaria es una fundaci\u00f3n sin fines de lucro que tiene como objetivo que las ni\u00f1as, ni\u00f1os y adolescentes tengan una vida m\u00e1s justa. Y dentro de Am\u00e9rica Solidaria hay diferentes \u00e1reas desde donde se trabaja. Puede ser desde el \u00e1rea social, educacional, comunicaci\u00f3n entre otras convocatorias las cuales aparecen en la p\u00e1gina web.<\/p>\n<p><strong>\u00bfC\u00f3mo es el financiamiento para traer a las y los voluntarios a Uruguay? <\/strong><\/p>\n<p>Como es una fundaci\u00f3n sin fines de lucro, dependiendo de los pa\u00edses, generalmente es por personas f\u00edsicas que aportan a la fundaci\u00f3n. Pero tambi\u00e9n se hace un trabajo importante con empresas, generando convenios que nos ayudan a llegar a m\u00e1s ni\u00f1os y ni\u00f1as. Esto depende de cada pa\u00eds pero b\u00e1sicamente es la forma de financiarse.<\/p>\n<p><strong>\u00bfCu\u00e1l es la diferencia entre los j\u00f3venes de Chile y Uruguay? <\/strong><\/p>\n<p>Me gustar\u00eda decir que hay una gran diferencia, pero veo problemas que son comunes a todos los pa\u00edses. Estos tienen que ver con situaciones de riesgo, pobreza, exclusi\u00f3n, violencia y consumo problem\u00e1tico. Son m\u00faltiples los factores que afectan a las ni\u00f1as, ni\u00f1os y adolescentes hoy en d\u00eda. Por eso es muy importante que los estados tengan pol\u00edticas p\u00fablicas que sostengan y que realmente apoyen en los problemas. Personalmente me parece sumamente importante poner nuestros ojos y atenci\u00f3n en los m\u00e1s chiquitos porque si pusi\u00e9ramos ah\u00ed nuestra energ\u00eda, nos ahorramos muchos problemas que tenemos actualmente. La verdad que estos son temas comunes entre Chile y Uruguay que se siguen viendo las mismas situaciones y problem\u00e1ticas.<\/p>\n<p>Lo bueno es que Uruguay tiene servicios, con los cuales tenemos convenio, como es INAU, donde estamos apoyando y aportando.<\/p>\n<p><strong>\u00bfEl trabajo de ustedes es voluntario?<\/strong><\/p>\n<p>En el voluntariado en si, no te pagan un sueldo pero te pagan una parte para poder alquilar y alimentarnos. De todas maneras, cuando uno aplica para un voluntariado, sabe que no va a tener los lujos o la remuneraci\u00f3n profesional que uno tiene en su pa\u00eds. Pero hay una cosa mas rica que es esto precisamente, el aprendizaje. En este poco tiempo en mi Camila interior ha habido un crecimiento personal. Estar viviendo fuera de tu pa\u00eds, estando lejos de los tuyos y del espacio seguro de tus amigos y tu familia. Te ayuda a conectar con otras facetas de ti, as\u00ed que recomiendo para quien no sepa para donde va la cosa, lanzarse a la experiencia del voluntariado. En Am\u00e9rica Solidaria se habla de un concepto, \u201cel voluntariado transformador\u201d y la verdad que si, para mi que reci\u00e9n he comenzado esto, ha sido un torbellino de revoluciones interiores positivas.<\/p>\n<p><strong>\u00bfCual es el deseo que te lleva a vos a salir en busca de un voluntariado en otro pa\u00eds?<\/strong><\/p>\n<p>Hay un componente cultural y el deseo de salir de mi pa\u00eds para poder entregar un poco de lo que ya he venido haciendo estos seis \u00faltimos a\u00f1os. Ahora sent\u00eda que ya ten\u00eda cierta base social s\u00f3lida para poder salir a otro pa\u00eds para retribuir y eso me hace muy feliz la verdad. Sentir que estaba preparada para enfrentarme a otro pa\u00eds, otra realidad y hacerlo de la mejor manera posible.<\/p>\n<p>Pero tambi\u00e9n est\u00e1 esto que te digo, que son los ni\u00f1os, ni\u00f1as y adolescentes. Estoy en Chile, Uruguay, Brasil o el lugar del mundo en que est\u00e9, mi foco son los chicos, entonces est\u00e1 esa motivaci\u00f3n interna. Y por supuesto conocer todo lo que pueda de este hermoso pa\u00eds.<\/p>\n<p><strong>Uruguay <\/strong><\/p>\n<p><strong>Con respecto a eso, \u00bfc\u00f3mo te ha tratado Uruguay? Y \u00bfqu\u00e9 te pareci\u00f3 Durazno? <\/strong><\/p>\n<p>Me encanta. Nosotras primero fuimos a Montevideo, estuvimos all\u00ed un mes. No conoc\u00eda absolutamente nada, ni siquiera sab\u00eda que exist\u00eda, para m\u00ed Durazno era una fruta pero me ha encantado Durazno. Cuando ven\u00eda para ac\u00e1, en Montevideo, me dec\u00edan que no iba a encontrar nada para hacer, no hab\u00eda nada. Pero honestamente yo lo he pasado muy bien, siento que han habido muchas actividades culturales y musicales. He conocido gente muy amorosa, las personas nos han acogido muy bien, tanto en los hogares, el INAU y los amigos que hemos hecho estando ac\u00e1. Lo \u00fanico es que nunca me hubiese imaginado que fuera tan h\u00famedo, nunca me lo imagin\u00e9 ni lo investigu\u00e9.<\/p>\n<p><strong>En Uruguay estamos en plena campa\u00f1a pol\u00edtica, \u00bfhas visto algo? \u00bfTe ha sorprendido el movimiento? <\/strong><\/p>\n<p>En Chile es igual, pero me ha sorprendido aca que se le da duro a las elecciones, en varias esquinas hay puntos pol\u00edticos, el camioncito que pasa con la m\u00fasica y como se apoderan de toda la ciudad.<\/p>\n<p><strong>\u00bfEn Chile hay participaci\u00f3n pol\u00edtica de los j\u00f3venes? <\/strong><\/p>\n<p>A mi parecer si, con esto de las redes sociales, estamos permanentemente informados de lo que va sucediendo. Hay muchas organizaciones pol\u00edticas de partidos y muchos movimientos sociales por distintas tem\u00e1ticas. Muchos movimientos feministas en mi ciudad, movimientos por las costas y tambi\u00e9n espacios para expresarse.<\/p>\n<p>Pretendemos tambi\u00e9n que los j\u00f3venes participen en pol\u00edticas cuando los espacios no est\u00e1n pensados para ellos. Cuando ni siquiera le preguntamos qu\u00e9 es lo que quieren. Y cuando te pones a hablar con un adolecente ves que tienen mucha conciencia. Hay que rescatar adem\u00e1s que muchas veces han sido los adolescentes los que se han parado a reclamar y decir esto no est\u00e1 bien. Los j\u00f3venes m\u00e1s que el futuro son el presente as\u00ed que \u201cvamo arriba\u201d como dir\u00edan ac\u00e1.<\/p>\n<p>Camila suele contar lo que es su d\u00eda a d\u00eda, en Uruguay, en su Instagram. As\u00ed que te recomendamos buscarla y seguirla en esta red. La podes encontrar como @camiarredondoc<\/p>\n<p>&nbsp;<\/p>\n","protected":false},"excerpt":{"rendered":"<p>Charlamos con Camila Arredondo, ella tiene 29 a\u00f1os y es de la octava regi\u00f3n de Chile de un lugar que se llama Talcahuano. \u201dUn puerto pesquero muy pegadito al mar que es precioso\u201d, que queda al sur de Chile. Hoy en d\u00eda se encuentra en Durazno haciendo un voluntariado con la fundaci\u00f3n Am\u00e9rica Solidaria. Conversamos [&hellip;]<\/p>\n","protected":false},"author":4,"featured_media":4696,"comment_status":"closed","ping_status":"closed","sticky":false,"template":"","format":"standard","meta":{"footnotes":""},"categories":[5],"tags":[],"class_list":["post-4695","post","type-post","status-publish","format-standard","has-post-thumbnail","hentry","category-durazno"],"_links":{"self":[{"href":"https:\/\/paginacero.com.uy\/index.php?rest_route=\/wp\/v2\/posts\/4695","targetHints":{"allow":["GET"]}}],"collection":[{"href":"https:\/\/paginacero.com.uy\/index.php?rest_route=\/wp\/v2\/posts"}],"about":[{"href":"https:\/\/paginacero.com.uy\/index.php?rest_route=\/wp\/v2\/types\/post"}],"author":[{"embeddable":true,"href":"https:\/\/paginacero.com.uy\/index.php?rest_route=\/wp\/v2\/users\/4"}],"replies":[{"embeddable":true,"href":"https:\/\/paginacero.com.uy\/index.php?rest_route=%2Fwp%2Fv2%2Fcomments&post=4695"}],"version-history":[{"count":1,"href":"https:\/\/paginacero.com.uy\/index.php?rest_route=\/wp\/v2\/posts\/4695\/revisions"}],"predecessor-version":[{"id":4697,"href":"https:\/\/paginacero.com.uy\/index.php?rest_route=\/wp\/v2\/posts\/4695\/revisions\/4697"}],"wp:featuredmedia":[{"embeddable":true,"href":"https:\/\/paginacero.com.uy\/index.php?rest_route=\/wp\/v2\/media\/4696"}],"wp:attachment":[{"href":"https:\/\/paginacero.com.uy\/index.php?rest_route=%2Fwp%2Fv2%2Fmedia&parent=4695"}],"wp:term":[{"taxonomy":"category","embeddable":true,"href":"https:\/\/paginacero.com.uy\/index.php?rest_route=%2Fwp%2Fv2%2Fcategories&post=4695"},{"taxonomy":"post_tag","embeddable":true,"href":"https:\/\/paginacero.com.uy\/index.php?rest_route=%2Fwp%2Fv2%2Ftags&post=4695"}],"curies":[{"name":"wp","href":"https:\/\/api.w.org\/{rel}","templated":true}]}}