{"id":4683,"date":"2024-06-13T10:01:22","date_gmt":"2024-06-13T13:01:22","guid":{"rendered":"https:\/\/paginacero.com.uy\/?p=4683"},"modified":"2024-06-13T10:01:22","modified_gmt":"2024-06-13T13:01:22","slug":"el-propio-estado-esta-provocando-ruidos-molestos-en-forma-diaria","status":"publish","type":"post","link":"https:\/\/paginacero.com.uy\/?p=4683","title":{"rendered":"\u201cEl propio Estado est\u00e1 provocando ruidos molestos en forma diaria\u201d"},"content":{"rendered":"<p><strong>El edil Julio Marcenal present\u00f3 la queja de la cual se hab\u00eda hecho eco el edil Garateguy anteriormente sin obtener respuesta, ante los ruidos molestos que diariamente produce en forma innecesaria el Ministerio del Interior en la zona de la Seccional Primera.<\/strong><!--more--><\/p>\n<p>\u201cHace un par de meses quiz\u00e1s el edil Garateguy hizo referencia a una queja de una situaci\u00f3n que est\u00e1 ocurriendo permanentemente en el barrio donde yo vivo, sin pretender violar el reglamento y hablar de situaciones que tienen que ver con mi persona y debido a que no es solamente a mi ni a mi familia que le pasa, sino a todo el barrio, dado que no tuvo respuesta el edil Garateguy voy a hacer uso de la palabra\u201d dijo.<\/p>\n<p>\u201cTiene que ver con una situaci\u00f3n extra\u00f1a de ruidos molestos, todos sabemos que ruidos molestos tiene que ver en una versi\u00f3n muy amplia, que general son provocados por ciudadanos, quiz\u00e1s con una falta de empat\u00eda o de educaci\u00f3n, pero este no es el caso, este caso est\u00e1 ocurriendo porque quien lo ocasiona es el propio Estado\u201d agreg\u00f3.<\/p>\n<p>\u201cEl propio Estado y ni m\u00e1s ni menos que la Polic\u00eda. Tres veces por d\u00eda, cuando ocurren cambios de guardia o cambio de turno del personal policial de la Seccional 1\u00b0 o Jefatura, tendr\u00e1 por orden supongo yo, o por costumbre, pero una costumbre muy nueva, el hecho de que salen del garage de la guardia policial y dan la vuelta la manzana a sirena abierta, pero no un veh\u00edculo, cuatro o cinco veh\u00edculos, seis a veces o m\u00e1s, sirena abierta durante cuatro cuadras solamente para avisar no se a quien, ni qu\u00e9 ni por qu\u00e9\u201d indic\u00f3.<\/p>\n<p>\u201cA las dos de la tarde no es un problema muy grande, salvo los vecinos que con mayor edad sestean en verano, pero en la noche tampoco, pero a las seis de la ma\u00f1ana, imag\u00ednese usted y toda la Junta, el salto que uno pega en la cama cuando siente las sirenas abiertas de varios veh\u00edculos policiales. No es un ruido al cual estemos acostumbrados como puede ser la campana de la iglesia que toca cada 15 minutos y todos tenemos el o\u00eddo acomodado como para poder soportar esto sin ning\u00fan inconveniente, adem\u00e1s no genera un ruido muy molesto\u201d dijo.<\/p>\n<p>El edil hizo referencia a la Ley vigente en cuanto a ruidos molestos.<\/p>\n<p>\u201cComo la propuesta del edil garateguy no tuvo respuesta, voy a hacer remisi\u00f3n a la Ley 17852 de Prevenci\u00f3n Vigilancia y correcci\u00f3n de la Contaminaci\u00f3n Ac\u00fastica, que en su art\u00edculo 12\u00b0 dice \u201cqueda prohibido el uso de bocinas o sirenas de automotores, naves y aeronaves, salvo raz\u00f3n de peligro inminente, a excepci\u00f3n de los veh\u00edculos de polic\u00eda,ambulancias, bomberos y otras instituciones, cuando por necesidad justificada deban utilizarlas\u201d. Entonces tenemos que apelar a esta Ley por el hecho de que, el propio \u00f3rgano policial no est\u00e1 cumpliendo con la Ley, genera un perjuicio, porque realmente a esa hora de la madrugada es un perjuicio, quien nos convoc\u00f3 toda la Junta Departamental, a representantes, al Presidente, miembros que tienen responsabilidad de todas las bancadas, a justamente que la Junta se hiciera cargo de generar una nueva reglamentaci\u00f3n de ruidos molestos, me parece que no corresponde que sea quien cause un ruido de este tipo a esa hora y sin raz\u00f3n, por lo menos de urgencia o motivada, como dice aqu\u00ed\u201d agreg\u00f3.<\/p>\n<p>\u201cAsi que voy a pedir que estas palabras pasen al Ministro del Interior, sean enviada al Jefe de Polic\u00eda de Durazno y tambi\u00e9n pase a la Comisi\u00f3n de Seguridad y Convivencia, Comisi\u00f3n especial de la Junta Departamental para que tambi\u00e9n tenga una perlita m\u00e1s de quejas de ruidos molestos que se que tiene esa Comisi\u00f3n\u201d finaliz\u00f3.<\/p>\n","protected":false},"excerpt":{"rendered":"<p>El edil Julio Marcenal present\u00f3 la queja de la cual se hab\u00eda hecho eco el edil Garateguy anteriormente sin obtener respuesta, ante los ruidos molestos que diariamente produce en forma innecesaria el Ministerio del Interior en la zona de la Seccional Primera.<\/p>\n","protected":false},"author":4,"featured_media":4684,"comment_status":"closed","ping_status":"closed","sticky":false,"template":"","format":"standard","meta":{"footnotes":""},"categories":[5,31],"tags":[],"class_list":["post-4683","post","type-post","status-publish","format-standard","has-post-thumbnail","hentry","category-durazno","category-entrevista-politica"],"_links":{"self":[{"href":"https:\/\/paginacero.com.uy\/index.php?rest_route=\/wp\/v2\/posts\/4683","targetHints":{"allow":["GET"]}}],"collection":[{"href":"https:\/\/paginacero.com.uy\/index.php?rest_route=\/wp\/v2\/posts"}],"about":[{"href":"https:\/\/paginacero.com.uy\/index.php?rest_route=\/wp\/v2\/types\/post"}],"author":[{"embeddable":true,"href":"https:\/\/paginacero.com.uy\/index.php?rest_route=\/wp\/v2\/users\/4"}],"replies":[{"embeddable":true,"href":"https:\/\/paginacero.com.uy\/index.php?rest_route=%2Fwp%2Fv2%2Fcomments&post=4683"}],"version-history":[{"count":1,"href":"https:\/\/paginacero.com.uy\/index.php?rest_route=\/wp\/v2\/posts\/4683\/revisions"}],"predecessor-version":[{"id":4685,"href":"https:\/\/paginacero.com.uy\/index.php?rest_route=\/wp\/v2\/posts\/4683\/revisions\/4685"}],"wp:featuredmedia":[{"embeddable":true,"href":"https:\/\/paginacero.com.uy\/index.php?rest_route=\/wp\/v2\/media\/4684"}],"wp:attachment":[{"href":"https:\/\/paginacero.com.uy\/index.php?rest_route=%2Fwp%2Fv2%2Fmedia&parent=4683"}],"wp:term":[{"taxonomy":"category","embeddable":true,"href":"https:\/\/paginacero.com.uy\/index.php?rest_route=%2Fwp%2Fv2%2Fcategories&post=4683"},{"taxonomy":"post_tag","embeddable":true,"href":"https:\/\/paginacero.com.uy\/index.php?rest_route=%2Fwp%2Fv2%2Ftags&post=4683"}],"curies":[{"name":"wp","href":"https:\/\/api.w.org\/{rel}","templated":true}]}}