{"id":4656,"date":"2024-06-12T00:52:36","date_gmt":"2024-06-12T03:52:36","guid":{"rendered":"https:\/\/paginacero.com.uy\/?p=4656"},"modified":"2024-06-12T00:52:36","modified_gmt":"2024-06-12T03:52:36","slug":"futsal-inclusivo-se-realizo-jornada-en-el-estadio-cerrado","status":"publish","type":"post","link":"https:\/\/paginacero.com.uy\/?p=4656","title":{"rendered":"Futsal inclusivo: se realiz\u00f3 jornada en el Estadio Cerrado"},"content":{"rendered":"<p><strong>El s\u00e1bado pasado se realiz\u00f3 la jornada de Futsal Inclusivo con participantes de ni\u00f1os y j\u00f3venes, en el estadio Cerrado.<\/strong><!--more--><\/p>\n<p>\u201cLa actividad fue organizada por el Area de Deporte y Recreaci\u00f3n que estamos trabajando con varios docentes de la Intendencia, como hay diferentes escuelitas de Futsal que se han ido anexando en los diferentes CIB la idea fue hacer un encuentro que conozcan el estadio Cerrado tambi\u00e9n, haciendo un encuentro inclusivo, ya que en algunos centros tenemos chicos que andan con andador, que tienen dificultades motrices, otros que tienen s\u00edndrome de Down, algunos con capacidades diferentes, motrices o no. Entonces la actividad es inclusiva para que todos los chicos puedan jugar en conjunto como lo hacen en las clases, pero esta vez con todos los Cib y todos los chicos\u201d dijo uno de los organizadores, el profesor Leonardo Mart\u00ednez.<\/p>\n<p>En la actividad participaron ni\u00f1os y adolescentes de los Centros de Integraci\u00f3n Barrial (CIB) de Las Higueras, Buem, La Amarilla, Plaza 1 y Campus. Fue una jornada de confraternidad, integracion barrial y mucha diversi\u00f3n que recibi\u00f3 la visita de medios de prensa de nuestra ciudad y de cobertura Nacional. Con respecto a este deporte, adelant\u00f3 que hay varios proyectos por realizar.<\/p>\n<p>\u201cM\u00e1s adelante est\u00e1 planeado hacer un torneo, pero con aquellos que dominan m\u00e1s el deporte, pero no queremos dejar de lado a quienes lo practican diariamente en nuestros centros, que participan cotidianamente y que sea un encuentro amistoso. En la organizaci\u00f3n particip\u00f3 el Area de Deporte y Recreaci\u00f3n de las escuelas, anex\u00e1ndose tambi\u00e9n la Oficina de la Juventud\u201d agreg\u00f3.<\/p>\n<p>Los docentes a cargo de las distintas escuelitas de futsal son Luc\u00eda Denis, Juli\u00e1n Pacheco, Enzo Mart\u00ednez, Mar\u00eda Alfonso, Marcelo Caraballo, Leonardo Mart\u00ednez y el entrenador Cristian Marcel.<\/p>\n<p>\u201cLo que buscamos generar es una inclusi\u00f3n activa, la inclusi\u00f3n parte del momento en que est\u00e1n todos en una actividad, como vivimos en sociedad inclu\u00eddos entonces tambi\u00e9n en el deporte es bueno que todos estemos en algunas ocasiones trabajando a la par, si bien en alg\u00fan momento estaremos cada uno en su \u00e1rea. Todos los que asistieron a los centros barriales y a las escuelitas de Futsal entonces son parte del universo de esta actividad\u201d dijo.<\/p>\n<p>El f\u00fatbol de sal\u00f3n, f\u00fatbol sala, microf\u00fatbol o futsal es un deporte similar al f\u00fatbol pero con reglas diferentes, que se juega en piso liso, entre dos equipos de cinco jugadores. Hasta finales de la d\u00e9cada de 1980, el deporte tuvo una sola regulaci\u00f3n, a partir de ah\u00ed y durante aproximadamente 10 a\u00f1os hubo un interregno que termin\u00f3 a principios del siglo xxi, desde entonces est\u00e1 reglamentado por dos organizaciones la AMF (entidad que reemplazo a la FIFUSA de forma administrativa y hered\u00f3 las normas originales) y la FIFA que ha establecido reglas y competencias diferentes, raz\u00f3n por la cual algunos especialistas sostienen que son dos deportes diferentes, llamados futsal o f\u00fatbol de sal\u00f3n en el caso de la AMF y tambi\u00e9n futsal o f\u00fatbol sala en el caso de la FIFA.<\/p>\n<p>El deporte fue inventado en 1930 por el uruguayo Juan Carlos Ceriani, un profesor de educaci\u00f3n f\u00edsica en Uruguay, que inicialmente lo denomin\u00f3 indoor soccer. El deporte gan\u00f3 r\u00e1pidamente popularidad debido al fervor de la primera Copa del Mundo de 1930 organizada y ganada por Uruguay, r\u00e1pidamente se expandi\u00f3 por Am\u00e9rica del sur y el resto de los continentes.<\/p>\n","protected":false},"excerpt":{"rendered":"<p>El s\u00e1bado pasado se realiz\u00f3 la jornada de Futsal Inclusivo con participantes de ni\u00f1os y j\u00f3venes, en el estadio Cerrado.<\/p>\n","protected":false},"author":4,"featured_media":4657,"comment_status":"closed","ping_status":"closed","sticky":false,"template":"","format":"standard","meta":{"footnotes":""},"categories":[5],"tags":[],"class_list":["post-4656","post","type-post","status-publish","format-standard","has-post-thumbnail","hentry","category-durazno"],"_links":{"self":[{"href":"https:\/\/paginacero.com.uy\/index.php?rest_route=\/wp\/v2\/posts\/4656","targetHints":{"allow":["GET"]}}],"collection":[{"href":"https:\/\/paginacero.com.uy\/index.php?rest_route=\/wp\/v2\/posts"}],"about":[{"href":"https:\/\/paginacero.com.uy\/index.php?rest_route=\/wp\/v2\/types\/post"}],"author":[{"embeddable":true,"href":"https:\/\/paginacero.com.uy\/index.php?rest_route=\/wp\/v2\/users\/4"}],"replies":[{"embeddable":true,"href":"https:\/\/paginacero.com.uy\/index.php?rest_route=%2Fwp%2Fv2%2Fcomments&post=4656"}],"version-history":[{"count":1,"href":"https:\/\/paginacero.com.uy\/index.php?rest_route=\/wp\/v2\/posts\/4656\/revisions"}],"predecessor-version":[{"id":4658,"href":"https:\/\/paginacero.com.uy\/index.php?rest_route=\/wp\/v2\/posts\/4656\/revisions\/4658"}],"wp:featuredmedia":[{"embeddable":true,"href":"https:\/\/paginacero.com.uy\/index.php?rest_route=\/wp\/v2\/media\/4657"}],"wp:attachment":[{"href":"https:\/\/paginacero.com.uy\/index.php?rest_route=%2Fwp%2Fv2%2Fmedia&parent=4656"}],"wp:term":[{"taxonomy":"category","embeddable":true,"href":"https:\/\/paginacero.com.uy\/index.php?rest_route=%2Fwp%2Fv2%2Fcategories&post=4656"},{"taxonomy":"post_tag","embeddable":true,"href":"https:\/\/paginacero.com.uy\/index.php?rest_route=%2Fwp%2Fv2%2Ftags&post=4656"}],"curies":[{"name":"wp","href":"https:\/\/api.w.org\/{rel}","templated":true}]}}