{"id":4647,"date":"2024-06-12T00:46:37","date_gmt":"2024-06-12T03:46:37","guid":{"rendered":"https:\/\/paginacero.com.uy\/?p=4647"},"modified":"2024-06-12T00:46:37","modified_gmt":"2024-06-12T03:46:37","slug":"si-nos-toca-a-nosotros-tener-mas-votos-que-domingo-rielli-sera-domingo-el-que-nos-apoye-a-nosotros","status":"publish","type":"post","link":"https:\/\/paginacero.com.uy\/?p=4647","title":{"rendered":"\u201cSi nos toca a nosotros tener m\u00e1s votos que Domingo Rielli, ser\u00e1 Domingo el que nos apoye a nosotros\u201d"},"content":{"rendered":"<p><strong>Entrevistamos a Diego Avila y a Sergio Baltr\u00f3ns, integrantes de la agrupaci\u00f3n Dale Durazno que apoya a Laura Raffo hacia la presidencia. Hablamos de estos \u00faltimos d\u00edas de campa\u00f1a, como est\u00e1n viviendo las internas, sus objetivos electorales y c\u00f3mo piensan las elecciones de Octubre<\/strong><!--more--><\/p>\n<p><strong>-\u00bfC\u00f3mo han venido trabajando? \u00bfy qu\u00e9 trabajo queda, en estos d\u00edas hasta las elecciones? Diego Avila<\/strong><\/p>\n<p>Desde un principio nuestra campa\u00f1a la hemos hecho diferente. Hace ya m\u00e1s de un a\u00f1o fue la primera vez que vino Laura Raffo a Durazno, a instancia nuestra, fue el d\u00eda veintis\u00e9is de abril de dos mil veintitr\u00e9s.En ese momento, Laura todav\u00eda no era ni siquiera precandidata del partido. Nosotros la empujamos desde aqu\u00ed de Durazno, le dijimos que contara con nosotros, que aqu\u00ed en Durazno, chiquita o grande, pero hab\u00eda una base con la cual empezar a trabajar.<\/p>\n<p>Entonces, nuestra campa\u00f1a fue muy enfocada en lo nacional. Lo que nunca signific\u00f3, y eso hay que dejarlo en claro, nunca signific\u00f3 que abandon\u00e1ramos lo departamental. Y por eso es que digo que lo hicimos diferente, porque, en realidad, todas las agrupaciones centran su campa\u00f1a en lo departamental, y lo nacional es accesorio. Nosotros enfocamos nuestra campa\u00f1a en la candidatura nacional, pero nunca abandonamos lo departamental, y tenemos nuestras listas justamente para dejarlo bien claro, son la 30 y la 330.<\/p>\n<p>En ese sentido, estamos abordando la \u00faltima parte de la campa\u00f1a, obviamente, estamos en el doblado de listas, repartida de listas. En esta elecci\u00f3n que es no obligatoria, no estamos haciendo la salida por barrios a mansalva a dejar lista por todas las las puertas, sino que lo que estamos es solicit\u00e1ndolo al conocido, al pariente, al vecino, que nos apoye a Raffo, que apoye al equipo de Dale Durazno.<\/p>\n<p><strong>La semana pasada estuvo Laura Raffo por Durazno, \u00bfc\u00f3mo fue esa visita y c\u00f3mo se est\u00e1 dando esta nueva gira con con la bandera? Sergio Baltr\u00f3ns<\/strong><\/p>\n<p>Bueno, en realidad fue una visita muy \u00e1gil, muy din\u00e1mica, con con con mucho volumen de gente. Sorprendentemente, a pesar de la hora y el fr\u00edo que hab\u00eda ese d\u00eda, estuvimos muy acompa\u00f1ados, hab\u00eda calor humano. Fue una una llegada a todo color y sonido, pues la esperamos con una linda caravana y la gente acompa\u00f1\u00f3.<\/p>\n<p>La idea de la bandera fue una una idea que surgi\u00f3 cuando hizo la visita ac\u00e1 en Durazno, que estuvo visitando las costureras de Blanquillo, y ah\u00ed surgi\u00f3 la idea de generar una bandera que que la simboliza no solamente a ella como precandidata, sino al Partido Nacional en s\u00ed mismo.<\/p>\n<p>El Partido Nacional tiene la la vieja tradici\u00f3n de albergar a todos sus correligionarios, a todos sus seguidores bajo la misma bandera, y bueno, y esto era un poco simbolizar eso, todos los seguidores del grupo SUMAR, en este caso nuestra agrupaci\u00f3n y otras agrupaciones que tambi\u00e9n son compa\u00f1eras aqu\u00ed en en Durazno. Est\u00e1n tambi\u00e9n simbolizados a trav\u00e9s de esa bandera.<\/p>\n<p><strong>Desde su lugar, \u00bfcomo vienen observando la campa\u00f1a? Diego<\/strong><\/p>\n<p>Primero que nada, es una elecci\u00f3n que es interna, entonces, la competencia es interna, es una competencia desde nuestro punto de vista sana y nosotros la hicimos una campa\u00f1a de propuesta. De parte de la agrupaci\u00f3n Dale Durazno nunca va a haber un agravio hacia un compa\u00f1ero, un correligionario y tampoco a los partidos.<\/p>\n<p>Si hay contraposici\u00f3n por parte nuestra, una contraproposici\u00f3n de propuestas. Nosotros manejamos el concepto de las treinta a la treinta, que obviamente es en el tono de la campa\u00f1a- Las vamos manejando de aqu\u00ed hasta mayo, son treinta grandes propuestas desde aqu\u00ed hasta mayo, porque es todo un proceso y, como te dec\u00eda al principio, nuestra campa\u00f1a tiene toda una metodolog\u00eda, la hicimos realmente muy pensada, y este es el primer moj\u00f3n, ahora el treinta de junio no se termina nada, el treinta de junio, es la primera elecci\u00f3n para nosotros de todo este proceso electoral.<\/p>\n<p>Si hemos recibido alg\u00fan palito, pero hacia nosotros, no a nuestras propuestas. Porque no ha sido una campa\u00f1a de debate de ideas. Entonces al no haber ning\u00fan candidato que tenga un peso como Carmelo Vidal\u00edn, evidentemente hay que conquistar esos votos y para conquistarlo la gente te pide \u00bfqu\u00e9 es lo que vas a hacer? \u00bfQu\u00e9 es lo que vos pens\u00e1s sobre tal cosa? \u00bfQu\u00e9 es lo que vos pens\u00e1s sobre tal otra? Cuando conversamos con la gente, te preguntan sobre temas puntuales. En ese sentido hemos desarrollado un mont\u00f3n de propuestas que las venimos hablando con la gente.<\/p>\n<p><strong>\u00bfQu\u00e9 importancia tiene la elecci\u00f3n de Octubre para ustedes y qu\u00e9 importancia le dan a la figura del diputado? <\/strong><\/p>\n<p>Siempre lo dijimos, para llegar a mayo hay que pasar por octubre. Lo decimos de esa manera para que quede bien muy gr\u00e1fico. No podemos olvidarnos, y de eso. Y es una cr\u00edtica a muchos, muchos sectores locales, que centran su candidatura solamente en lo departamental, no le dan importancia a lo nacional. Y en realidad en Octubre se juega la vida del pa\u00eds.<\/p>\n<p>Y m\u00e1s all\u00e1 de la Diputaci\u00f3n, se juega el presidente, se juega el partido de gobierno, y en eso lo que se juega es la visi\u00f3n del pa\u00eds. Algunos puedan tener una visi\u00f3n, otros puedan tener otra, pero son dos visiones distintas del pa\u00eds, lo que se est\u00e1 jugando en octubre. Y nosotros desde Durazno, creemos de que tenemos que apoyar en eso, y como blancos tenemos que apoyar el partido en eso porque para el uruguayo lo m\u00e1s importante es la elecci\u00f3n de octubre, porque se decide qui\u00e9n va a ser el presidente, y sobre todo eso que te digo, dos visiones de estado totalmente diferentes.<\/p>\n<p>Entonces, si nosotros marcamos mejor con la lista nacional, vamos a estar mejor posicionados para el candidato a diputado, pero sobre todo pensando en que hay que apoyar al Partido Nacional, porque obviamente nosotros pensamos apoyar de forma fuerte al Partido Nacional en la candidatura, en la campa\u00f1a de octubre y la de noviembre.<\/p>\n<p><strong>Sergio\u2026<\/strong><\/p>\n<p>Es s\u00faper importante la figura del diputado, no solamente para legislar o para proponer distintos proyectos de ley que puedan mejorar lo que es la legislaci\u00f3n general para todo el pa\u00eds, sino traer emprendimiento, traer crecimiento, desarrollos, mejoras al departamento, es tan importante el diputado, quiz\u00e1s m\u00e1s que el intendente, porque el Intendente se enfoca y se centraliza en lo que es en el departamento, \u00bfs\u00ed? Estar en el d\u00eda a d\u00eda, al lado del vecino, tratar de ver las necesidades del vecino y mejorarlas. Pero al diputado de a nivel nacional, con proyecci\u00f3n a los cinco a\u00f1os, no solamente un rato, sino a los cinco a\u00f1os tiene que ser un ida y vuelta permanente. El diputado, y esto es una cr\u00edtica realista, y realmente lo tenemos que decir, el trabajo de los legisladores de Durazno es ir a sentarse a la banca y levantar la mano de lo que te dicen que hay que levantar.<\/p>\n<p>Y para ser diputado o senador, o para ser edil, realmente hay que estar preparado, hay que prepararse, pero preparado en estudiar el funcionamiento de las cosas, porque uno tiene que entender c\u00f3mo funcionan las cosas.<\/p>\n<p><strong>\u00bfQu\u00e9 objetivo electoral se marcaron? Diego<\/strong><\/p>\n<p>El mayor objetivo es la mayor cantidad de convencionales, la mayor cantidad de votos, porque si llegamos al 33% vamos a tener nuestro candidato propio. Eso nunca lo renunciamos nosotros. El acuerdo que se hizo en su momento con la agrupaci\u00f3n de la lista veinticinco, lista departamental, fue en votar conjuntamente la lista nacional, lista n\u00famero treinta. Y a nivel departamental est\u00e1n en el mismo sublema que es el \u201cdurazno entre todos\u201d.<\/p>\n<p>El propio Domingo Rielli nos dijo en la conversaci\u00f3n que tuvimos, el que tenga m\u00e1s votos se apoya el uno al otro. Entonces si nos toca a nosotros tener m\u00e1s votos que Domingo Rielli, ser\u00e1 Domingo el que nos apoye a nosotros. Eso es claro.<\/p>\n<p>Eso nunca lo llegamos a anunciar pero creemos que nosotros, tenemos el mejor equipo, con propuestas formadas y pensadas.<\/p>\n<p>Siempre lo hemos dicho, no son simples ideas, son propuestas que tienen un fundamento Est\u00e1n desarrolladas. Y tienen un sustento. Las hemos analizado y nos hemos asesorado con profesionales en la materia.<\/p>\n<p><strong>Por \u00faltimo, \u00bfqu\u00e9 mensaje le dejan a la gente, pensando en este pr\u00f3ximo treinta de junio? <\/strong><\/p>\n<p>Bueno, primero que nada, que vaya a votar. Que no se quede con las ganas. Esto es como el campeonato de f\u00fatbol, lo decimos siempre nosotros, es como la semifinal. Si no ganas la semifinal, no jugar\u00e1s la final. Y capaz que hay gente que quiere votar a Laura Raffo, porque le gusta Laura Raffo. Pero se quede con las ganas, vaya y vote, y vote la treinta. No se quede con la pregunta \u00bfviste que capaz que se hubiera ido a votar, ganaba Laura Raffo?<\/p>\n<p><strong>Sergio&#8230;<\/strong><\/p>\n<p>Que no renuncie al voto, que es un derecho sagrado. Hubo gente en Uruguay que muri\u00f3 porque tuvi\u00e9ramos un voto secreto. As\u00ed que primero vaya a votar. Y segundo, que vote realmente lo que quiere votar, no que vote lo que le digan.<\/p>\n<p>Que vote lo que quiera, que mire las listas, que escuche las propuestas, y voten realmente a conciencia lo que quiere votar y al mejor candidato que encuentre.<\/p>\n<p>Y evidentemente de que vote la agrupaci\u00f3n, Dale Durazno con la lista 330 en la departamental y con la 30 en la nacional, apoy\u00e1ndola a Laura Raffo y apoyando a este gran equipo humano que tenemos aqu\u00ed en Durazno.<\/p>\n<p>&nbsp;<\/p>\n","protected":false},"excerpt":{"rendered":"<p>Entrevistamos a Diego Avila y a Sergio Baltr\u00f3ns, integrantes de la agrupaci\u00f3n Dale Durazno que apoya a Laura Raffo hacia la presidencia. Hablamos de estos \u00faltimos d\u00edas de campa\u00f1a, como est\u00e1n viviendo las internas, sus objetivos electorales y c\u00f3mo piensan las elecciones de Octubre<\/p>\n","protected":false},"author":4,"featured_media":4648,"comment_status":"closed","ping_status":"closed","sticky":false,"template":"","format":"standard","meta":{"footnotes":""},"categories":[5,31],"tags":[],"class_list":["post-4647","post","type-post","status-publish","format-standard","has-post-thumbnail","hentry","category-durazno","category-entrevista-politica"],"_links":{"self":[{"href":"https:\/\/paginacero.com.uy\/index.php?rest_route=\/wp\/v2\/posts\/4647","targetHints":{"allow":["GET"]}}],"collection":[{"href":"https:\/\/paginacero.com.uy\/index.php?rest_route=\/wp\/v2\/posts"}],"about":[{"href":"https:\/\/paginacero.com.uy\/index.php?rest_route=\/wp\/v2\/types\/post"}],"author":[{"embeddable":true,"href":"https:\/\/paginacero.com.uy\/index.php?rest_route=\/wp\/v2\/users\/4"}],"replies":[{"embeddable":true,"href":"https:\/\/paginacero.com.uy\/index.php?rest_route=%2Fwp%2Fv2%2Fcomments&post=4647"}],"version-history":[{"count":1,"href":"https:\/\/paginacero.com.uy\/index.php?rest_route=\/wp\/v2\/posts\/4647\/revisions"}],"predecessor-version":[{"id":4649,"href":"https:\/\/paginacero.com.uy\/index.php?rest_route=\/wp\/v2\/posts\/4647\/revisions\/4649"}],"wp:featuredmedia":[{"embeddable":true,"href":"https:\/\/paginacero.com.uy\/index.php?rest_route=\/wp\/v2\/media\/4648"}],"wp:attachment":[{"href":"https:\/\/paginacero.com.uy\/index.php?rest_route=%2Fwp%2Fv2%2Fmedia&parent=4647"}],"wp:term":[{"taxonomy":"category","embeddable":true,"href":"https:\/\/paginacero.com.uy\/index.php?rest_route=%2Fwp%2Fv2%2Fcategories&post=4647"},{"taxonomy":"post_tag","embeddable":true,"href":"https:\/\/paginacero.com.uy\/index.php?rest_route=%2Fwp%2Fv2%2Ftags&post=4647"}],"curies":[{"name":"wp","href":"https:\/\/api.w.org\/{rel}","templated":true}]}}