{"id":4643,"date":"2024-06-11T17:15:50","date_gmt":"2024-06-11T20:15:50","guid":{"rendered":"https:\/\/paginacero.com.uy\/?p=4643"},"modified":"2024-06-11T17:15:50","modified_gmt":"2024-06-11T20:15:50","slug":"el-frente-amplio-se-posiciona-frente-a-la-situacion-de-la-adquisicion-y-construccion-de-viviendas-en-terrenos-irregulares","status":"publish","type":"post","link":"https:\/\/paginacero.com.uy\/?p=4643","title":{"rendered":"El Frente Amplio se posiciona frente a la situaci\u00f3n de la adquisici\u00f3n y construcci\u00f3n de viviendas en terrenos irregulares."},"content":{"rendered":"<p><strong>Este Lunes 10 de junio, tuvo lugar una conferencia de prensa en el comit\u00e9 central del Frente Amplio. En la misma la mesa pol\u00edtica en conjunto con la bancada de ediles plantearon el gran problema de vivienda que est\u00e1 sucediendo en la ciudad ante la falta de un plan local. Adem\u00e1s plantearon la necesidad urgente para encontrar mecanismos de regularizaci\u00f3n para cientos de familia que hoy se encuentran de manera irregular. Adem\u00e1s de evitar que estas situaciones sigan sucediendo y que haya el apercibimiento correspondiente a los vendedores de terrenos rurales irregulares. A continuaci\u00f3n la carta dirigida a la prensa.<\/strong><!--more--><\/p>\n<p>Frente Amplio Durazno<\/p>\n<p>Posici\u00f2n del FA Durazno con respecto a la necesaria regularizaci\u00f2n de terrenos.<\/p>\n<p>La realidad de la ciudad de Durazno nos muestra que est\u00e0 creciendo de manera sostenida y desordenada, que existen muchas familias con la necesidad de acceder a las posibilidades de una vivienda propia y por esta raz\u00f3n en la b\u00fasqueda de terrenos accesibles seg\u00fan sus ingresos que en general son bajos.<\/p>\n<p>Tomamos conocimiento formalmente de la situaci\u00f3n irregular en el fraccionamiento y venta de terrenos en distintas zonas alrededor de la ciudad de Durazno, al inicio de este per\u00ecodo de gobierno departamental.<\/p>\n<p>Nuestra fuerza pol\u00ectica expresa su preocupaci\u00f2n por la situaci\u00f2n de incertidumbre que viven las familias que, en la b\u00fasqueda de una soluci\u00f2n habitacional definitiva, accedieron a algunos de estos terrenos en cuesti\u00f2n.<\/p>\n<p>En este contexto, consideramos que estos hechos no solo perjudican a un n\u00f9mero importante de familias sino que incrementa a\u00f9n mas el desorden territorial que esta ciudad ha sufrido.<\/p>\n<p>Queda una vez m\u00e0s en evidencia, la ausencia de planificaci\u00f2n, la ausencia del rol coordinador con otras dependencias estatales y controlador de la Intendencia Departamental y la necesaria existencia de una politica permanente de cartera de tierras por parte de la IDD.<\/p>\n<p>Ante esta realidad que ya tiene demasiado tiempo,manifestamos nuestra preocupaci\u00f2n por la ausencia de un proceso de trabajo en la elaboracion de alternativas a la regularizaci\u00f2n de terrenos que fueron vendidos, que involucran a numerosas familias y que necesitan vivir con certezas acerca de los procedimientos que ser\u00e0n necesario para arribar a una soluci\u00f2n definitiva.<\/p>\n<p>Entendemos necesario<\/p>\n<ul>\n<li>Que el Gobierno Departamental asuma la responsabilidad y colabore con lo necesario para dar soluci\u00f3n a quienes procuran su primera soluci\u00f3n habitacional.<\/li>\n<li>Evitar que surjan nuevas iniciativas especulativas a futuro con divisiones irregulares de terrenos aleda\u00f1os a la ciudad, que comprometan el desarrollo urbano a\u00f9n m\u00e0s.<\/li>\n<li>Aplicar una acci\u00f2n severa sobre los particulares que han ofrecido a la venta los terrenos y han generado esta situaci\u00f2n, ampar\u00e1ndose en el art 71 de la ley 18308.<\/li>\n<li>Generar la participaci\u00f2n social en este proceso complejo y largo que se ha instalado en la vida de muchas familias, de manera que sea posible el acceso a informaciones y decisiones<\/li>\n<li>Conformar un equipo t\u00e8cnico interdisciplinario (juridicos, de agrimensura y social), que discuta y proponga en dialogo con las familias en un proceso hacia la regularizaci\u00f2n definitiva<\/li>\n<li>Instalar un equipo interinstitucional que involucre a la Intendencia, MVOT, OSE, UTE,MEVIR, OPP, que permita proyecta y respaldar la ejecuci\u00f2n de la propuesta generada.<\/li>\n<li>Proyectar la regularizaci\u00f2n de manera que sea posible un desarrollo urbano planificado, considerando todos los aspectos que tienen que ver con el desarrollo de una posible zona urbana, (obras y servicios estatales que garanticen el acceso a necesidades b\u00e0sica para los hogares).<\/li>\n<\/ul>\n<p>Durazno, 10 de junio de 2024<\/p>\n<p>Bancada de Ediles y Mesa Pol\u00ectica de Frente Amplio Durazno<\/p>\n<p>&nbsp;<\/p>\n","protected":false},"excerpt":{"rendered":"<p>Este Lunes 10 de junio, tuvo lugar una conferencia de prensa en el comit\u00e9 central del Frente Amplio. En la misma la mesa pol\u00edtica en conjunto con la bancada de ediles plantearon el gran problema de vivienda que est\u00e1 sucediendo en la ciudad ante la falta de un plan local. Adem\u00e1s plantearon la necesidad urgente [&hellip;]<\/p>\n","protected":false},"author":4,"featured_media":4644,"comment_status":"closed","ping_status":"closed","sticky":false,"template":"","format":"standard","meta":{"footnotes":""},"categories":[1],"tags":[],"class_list":["post-4643","post","type-post","status-publish","format-standard","has-post-thumbnail","hentry","category-uncategorized"],"_links":{"self":[{"href":"https:\/\/paginacero.com.uy\/index.php?rest_route=\/wp\/v2\/posts\/4643","targetHints":{"allow":["GET"]}}],"collection":[{"href":"https:\/\/paginacero.com.uy\/index.php?rest_route=\/wp\/v2\/posts"}],"about":[{"href":"https:\/\/paginacero.com.uy\/index.php?rest_route=\/wp\/v2\/types\/post"}],"author":[{"embeddable":true,"href":"https:\/\/paginacero.com.uy\/index.php?rest_route=\/wp\/v2\/users\/4"}],"replies":[{"embeddable":true,"href":"https:\/\/paginacero.com.uy\/index.php?rest_route=%2Fwp%2Fv2%2Fcomments&post=4643"}],"version-history":[{"count":1,"href":"https:\/\/paginacero.com.uy\/index.php?rest_route=\/wp\/v2\/posts\/4643\/revisions"}],"predecessor-version":[{"id":4645,"href":"https:\/\/paginacero.com.uy\/index.php?rest_route=\/wp\/v2\/posts\/4643\/revisions\/4645"}],"wp:featuredmedia":[{"embeddable":true,"href":"https:\/\/paginacero.com.uy\/index.php?rest_route=\/wp\/v2\/media\/4644"}],"wp:attachment":[{"href":"https:\/\/paginacero.com.uy\/index.php?rest_route=%2Fwp%2Fv2%2Fmedia&parent=4643"}],"wp:term":[{"taxonomy":"category","embeddable":true,"href":"https:\/\/paginacero.com.uy\/index.php?rest_route=%2Fwp%2Fv2%2Fcategories&post=4643"},{"taxonomy":"post_tag","embeddable":true,"href":"https:\/\/paginacero.com.uy\/index.php?rest_route=%2Fwp%2Fv2%2Ftags&post=4643"}],"curies":[{"name":"wp","href":"https:\/\/api.w.org\/{rel}","templated":true}]}}