{"id":4636,"date":"2024-06-11T17:03:19","date_gmt":"2024-06-11T20:03:19","guid":{"rendered":"https:\/\/paginacero.com.uy\/?p=4636"},"modified":"2024-06-11T17:03:19","modified_gmt":"2024-06-11T20:03:19","slug":"durazno-en-la-expo-uruguay-sostenible","status":"publish","type":"post","link":"https:\/\/paginacero.com.uy\/?p=4636","title":{"rendered":"Durazno en la Expo Uruguay Sostenible"},"content":{"rendered":"<p><strong>Hasta el domingo la Intendencia de Durazno a trav\u00e9s de la Divisi\u00f3n Medio Ambiente estuvo en la Expo Uruguay Sostenible, una iniciativa que se realiz\u00f3 en el Antel Arena de Montevideo, en la tercera \u201cExpo Sostenible\u201d, visibilizando el trabajo realizado a trav\u00e9s de diversos proyectos exitosamente ejecutados.<\/strong><!--more--><\/p>\n<p>\u201cEstuvimos exponiendo las actividades que muestran c\u00f3mo transformar residuos en recursos, destacando la importancia de la circularidad\u201d, dijo Claudio Pi\u00f1eyro, que viene participando de la actividad junto a personal de Desarrollo y Medio Ambiente, donde intercambi\u00f3 conceptos sobre la tem\u00e1tica que abarca el evento, con el Ministro de Ambiente Robert Bouvier y el Subsecretario, Gerardo Amarilla.<\/p>\n<p>La Expo Uruguay Sostenible es un evento organizado por el Ministerio de Ambiente que apunta a visibilizar y promover iniciativas y acciones de sostenibilidad y cuidado del ambiente.<\/p>\n<p>Cuatro d\u00edas en los que se concentran m\u00faltiples y diversas propuestas, que van desde charlas, conferencias, talleres, exposiciones, juegos, para conocer de primera mano qu\u00e9 se est\u00e1 haciendo en Uruguay en el camino de la sostenibilidad.<\/p>\n<p>Re\u00fane a emprendedores, empresas, organizaciones del estado, de la sociedad civil, centros educativos, para que la ciudadan\u00eda tenga la posibilidad de conocer proyectos e iniciativas que impactan positivamente en el ambiente y contribuyen a generar cambios en lo social y lo cultural.<\/p>\n<p>Busca fomentar la conciencia ambiental, estimular el involucramiento de los ciudadanos y los diferentes sectores en las acciones que garantizan un desarrollo sostenible.<\/p>\n<p>En el \u00e1rea de conciencia ambiental la Expo a trav\u00e9s de charlas, talleres y juegos, busca que se conozca m\u00e1s sobre el ambiente, aprender sobre el cuidado de nuestros recursos y transformar h\u00e1bitos.<\/p>\n<p>La Expo Uruguay Sostenible como la actividad de concienciaci\u00f3n m\u00e1s importante en la agenda del ministerio. Asimismo, record\u00f3 a su antecesor, Adri\u00e1n Pe\u00f1a, impulsor del referido evento. Uno de los principales objetivos de la cartera es lograr conciencia ambiental y, en este caso, se busca cambiar de modo positivo la perspectiva de quienes asisten respecto al cuidado del ambiente, consider\u00f3.<\/p>\n<p>A\u00f1adi\u00f3 que estuvieron all\u00ed m\u00e1s de 200 stands de empresas p\u00fablicas y privadas, y concurrieron emprendedores, instituciones, organizaciones de la sociedad civil y p\u00fablico en general, interesados en temas ambientales. Participaron, adem\u00e1s, un centenar de emprendimientos que se realizan de forma sostenible.<\/p>\n<p>En cuanto al cronograma, destac\u00f3 las rondas de negocios, que en la edici\u00f3n anterior fueron 150. \u201cAqu\u00ed, las grandes empresas y las medianas y peque\u00f1as empresas tienen la posibilidad de explorar posibles l\u00edneas de negocios\u201d, manifest\u00f3.<\/p>\n<p>La agenda incluy\u00f3 temas como el agua y la protecci\u00f3n de los recursos h\u00eddricos, econom\u00eda circular, energ\u00eda y ambiente, biodiversidad, cambio clim\u00e1tico y gesti\u00f3n de residuos, entre otros.<\/p>\n<p>Durazno present\u00f3 sus acciones con respecto al Proyecto \u201cCompostando, Clasificando y Reciclando\u201d (CCR), que se impulsa desde la Divisi\u00f3n Medio Ambiente, dependiente del Departamento de Desarrollo de la Intendencia de Durazno. Funcionarios y t\u00e9cnicos, brindaron informaci\u00f3n sobre compostaje y recolecci\u00f3n diferenciada de los residuos inorg\u00e1nicos (pl\u00e1sticos, cart\u00f3n, recolecci\u00f3n de tapitas, pilas, eco ladrillos, entre otros).<\/p>\n<p>En ese sentido han optado por poner a disposici\u00f3n varias l\u00edneas de acci\u00f3n, entre ellas las de reciclar. \u201cCompostando, Clasificando y Reutilizando\u201d que tiene dos l\u00edneas. Una tiene que ver en lo org\u00e1nico, ya que cubre unos 200 hogares que en la ciudad de Durazno que est\u00e1n haciendo compostaje, es decir todo el residuo org\u00e1nico que se genera en el hogar va a una compostera que genera un humus y adem\u00e1s un l\u00edquido que sirve para regar las plantas con un potencial importante.<\/p>\n<p>La otra l\u00ednea de acci\u00f3n esta referida al reciclado del cart\u00f3n y pl\u00e1stico, donde afirmaronque \u201ceste a\u00f1o vamos a estar entregando a voluntad de los ciudadanos dos contenedores donde podr\u00e1n clasificar el cart\u00f3n y el pl\u00e1stico, en una casa va a haber una compostera con las que hoy est\u00e1n tratando los residuos org\u00e1nicos y dos contenedores m\u00e1s para depositar los residuos reciclables\u201d agregaron los responsables del stand.<\/p>\n<p>\u201cHay una gran inquietud de la gente por el reciclado, hemos previsto algunos dep\u00f3sitos de este tipo de materiales, un botell\u00f3n donde las personas pueden depositar los pl\u00e1sticos que est\u00e1 en<\/p>\n<p>funcionamiento desde hace varios meses. Pensaremos en alg\u00fan momento en tener alg\u00fan centro de acopio y va a haber, porque la C\u00e1mara de Industria por ley tiene que instalar uno, donde las personas llevar\u00e1n sus materiales para reciclar. Esto es un cambio cultural y la gente tiene que estar atr\u00e1s, apoyando y concientiz\u00e1ndose sobre el tema\u201d finalizaron diciendo.<\/p>\n","protected":false},"excerpt":{"rendered":"<p>Hasta el domingo la Intendencia de Durazno a trav\u00e9s de la Divisi\u00f3n Medio Ambiente estuvo en la Expo Uruguay Sostenible, una iniciativa que se realiz\u00f3 en el Antel Arena de Montevideo, en la tercera \u201cExpo Sostenible\u201d, visibilizando el trabajo realizado a trav\u00e9s de diversos proyectos exitosamente ejecutados.<\/p>\n","protected":false},"author":4,"featured_media":4637,"comment_status":"closed","ping_status":"closed","sticky":false,"template":"","format":"standard","meta":{"footnotes":""},"categories":[5],"tags":[],"class_list":["post-4636","post","type-post","status-publish","format-standard","has-post-thumbnail","hentry","category-durazno"],"_links":{"self":[{"href":"https:\/\/paginacero.com.uy\/index.php?rest_route=\/wp\/v2\/posts\/4636","targetHints":{"allow":["GET"]}}],"collection":[{"href":"https:\/\/paginacero.com.uy\/index.php?rest_route=\/wp\/v2\/posts"}],"about":[{"href":"https:\/\/paginacero.com.uy\/index.php?rest_route=\/wp\/v2\/types\/post"}],"author":[{"embeddable":true,"href":"https:\/\/paginacero.com.uy\/index.php?rest_route=\/wp\/v2\/users\/4"}],"replies":[{"embeddable":true,"href":"https:\/\/paginacero.com.uy\/index.php?rest_route=%2Fwp%2Fv2%2Fcomments&post=4636"}],"version-history":[{"count":1,"href":"https:\/\/paginacero.com.uy\/index.php?rest_route=\/wp\/v2\/posts\/4636\/revisions"}],"predecessor-version":[{"id":4638,"href":"https:\/\/paginacero.com.uy\/index.php?rest_route=\/wp\/v2\/posts\/4636\/revisions\/4638"}],"wp:featuredmedia":[{"embeddable":true,"href":"https:\/\/paginacero.com.uy\/index.php?rest_route=\/wp\/v2\/media\/4637"}],"wp:attachment":[{"href":"https:\/\/paginacero.com.uy\/index.php?rest_route=%2Fwp%2Fv2%2Fmedia&parent=4636"}],"wp:term":[{"taxonomy":"category","embeddable":true,"href":"https:\/\/paginacero.com.uy\/index.php?rest_route=%2Fwp%2Fv2%2Fcategories&post=4636"},{"taxonomy":"post_tag","embeddable":true,"href":"https:\/\/paginacero.com.uy\/index.php?rest_route=%2Fwp%2Fv2%2Ftags&post=4636"}],"curies":[{"name":"wp","href":"https:\/\/api.w.org\/{rel}","templated":true}]}}