{"id":4633,"date":"2024-06-11T17:00:14","date_gmt":"2024-06-11T20:00:14","guid":{"rendered":"https:\/\/paginacero.com.uy\/?p=4633"},"modified":"2024-06-11T17:00:14","modified_gmt":"2024-06-11T20:00:14","slug":"carmen-celebra-los-150-anos-de-fundacion","status":"publish","type":"post","link":"https:\/\/paginacero.com.uy\/?p=4633","title":{"rendered":"Carmen celebra los 150 a\u00f1os de fundaci\u00f3n"},"content":{"rendered":"<div dir=\"auto\"><strong>En las instalaciones del Centro Recreativo Democr\u00e1tico de Ciudad del Carmen, se cumpli\u00f3 anoche el Encuentro de Coros, en el marco de los festejos de los 150 a\u00f1os de la ciudad.<\/strong><\/div>\n<p><!--more--><span style=\"color: #333333; font-family: Georgia, 'Times New Roman', 'Bitstream Charter', Times, serif; font-size: 16px;\">En las instalaciones del Centro Recreativo Democr\u00e1tico de Ciudad del Carmen, se cumpli\u00f3 anoche el Encuentro de Coros, en el marco de los festejos de los 150 a\u00f1os de la ciudad.<\/span><\/p>\n<div dir=\"auto\">\n<div dir=\"auto\">El comienzo del espect\u00e1culo estuvo a cargo del grupo local \u201cCantamos porque nos gusta\u201d que dirige la Mtra. Petrona Remedios, por otra parte, pilar fundamental en la organizaci\u00f3n del evento.<\/div>\n<div dir=\"auto\">Posteriormente actuaron Ubuntu Coral (Cerro Chato), Coro de Uni 3 (Durazno), Taller de Canto Mapep, Coro Aurora (Sarand\u00ed del Yi), Coro de Asociaci\u00f3n de Jubilados y Pensionistas (Durazno), Coral Carmense (Ciudad del Carmen) y el cierre a cargo del Coro Departamental \u201cProf. Ra\u00fal H. Evangelisti\u201d.<\/div>\n<\/div>\n","protected":false},"excerpt":{"rendered":"<p>En las instalaciones del Centro Recreativo Democr\u00e1tico de Ciudad del Carmen, se cumpli\u00f3 anoche el Encuentro de Coros, en el marco de los festejos de los 150 a\u00f1os de la ciudad.<\/p>\n","protected":false},"author":4,"featured_media":4634,"comment_status":"closed","ping_status":"closed","sticky":false,"template":"","format":"standard","meta":{"footnotes":""},"categories":[5],"tags":[],"class_list":["post-4633","post","type-post","status-publish","format-standard","has-post-thumbnail","hentry","category-durazno"],"_links":{"self":[{"href":"https:\/\/paginacero.com.uy\/index.php?rest_route=\/wp\/v2\/posts\/4633","targetHints":{"allow":["GET"]}}],"collection":[{"href":"https:\/\/paginacero.com.uy\/index.php?rest_route=\/wp\/v2\/posts"}],"about":[{"href":"https:\/\/paginacero.com.uy\/index.php?rest_route=\/wp\/v2\/types\/post"}],"author":[{"embeddable":true,"href":"https:\/\/paginacero.com.uy\/index.php?rest_route=\/wp\/v2\/users\/4"}],"replies":[{"embeddable":true,"href":"https:\/\/paginacero.com.uy\/index.php?rest_route=%2Fwp%2Fv2%2Fcomments&post=4633"}],"version-history":[{"count":1,"href":"https:\/\/paginacero.com.uy\/index.php?rest_route=\/wp\/v2\/posts\/4633\/revisions"}],"predecessor-version":[{"id":4635,"href":"https:\/\/paginacero.com.uy\/index.php?rest_route=\/wp\/v2\/posts\/4633\/revisions\/4635"}],"wp:featuredmedia":[{"embeddable":true,"href":"https:\/\/paginacero.com.uy\/index.php?rest_route=\/wp\/v2\/media\/4634"}],"wp:attachment":[{"href":"https:\/\/paginacero.com.uy\/index.php?rest_route=%2Fwp%2Fv2%2Fmedia&parent=4633"}],"wp:term":[{"taxonomy":"category","embeddable":true,"href":"https:\/\/paginacero.com.uy\/index.php?rest_route=%2Fwp%2Fv2%2Fcategories&post=4633"},{"taxonomy":"post_tag","embeddable":true,"href":"https:\/\/paginacero.com.uy\/index.php?rest_route=%2Fwp%2Fv2%2Ftags&post=4633"}],"curies":[{"name":"wp","href":"https:\/\/api.w.org\/{rel}","templated":true}]}}