{"id":4620,"date":"2024-06-09T22:37:20","date_gmt":"2024-06-10T01:37:20","guid":{"rendered":"https:\/\/paginacero.com.uy\/?p=4620"},"modified":"2024-06-09T22:37:20","modified_gmt":"2024-06-10T01:37:20","slug":"entregaron-ambulancia-a-la-policlinica-de-ciudad-del-carmen","status":"publish","type":"post","link":"https:\/\/paginacero.com.uy\/?p=4620","title":{"rendered":"Entregaron ambulancia a la policl\u00ednica de ciudad del Carmen"},"content":{"rendered":"<p><strong>Con la presencia de autoridades departamentales y el Directorio de ASSE en pleno, se realiz\u00f3 la entrega de la tan anhelada ambulancia para la policl\u00ednica de ciudad del Carmen.<\/strong><!--more--><\/p>\n<p>Carmelo Vidal\u00edn dijo que \u201clos uruguayos en general, los duraznenses, los carmenses, estamos acostumbrados a reclamar y sin embargo cuando tenemos que realizar un simple acto de presencia a trav\u00e9s del cual decimos gracias, estamos ausente. Aqu\u00ed al directorio actual un gracias enorme por hacerse eco del planteamiento de los vecinos y del inquieto alcalde con el Consejo que en todo momento han estado realizando este planteamiento. El tema de la salud es un tema al cual nuestro gobierno le ha dado trascendencia e importancia, el Directorio que hoy preside, que antes tuvo a otro se\u00f1or con may\u00fascula como fue Leonardo Cipriani, en Durazno ha estado presente en todo momento, por lo tanto de este Intendente es un agradecimiento en nombre de los vecinos, decirles que estamos dispuestos como lo hemos hecho hasta este momento, seguir trabajando codo a codo, que anhelamos que cada uno de los profesionales que forma parte del equipo en Durazno, que hay muy buen equipo en la RAP y en nuestro Hospital en Salud P\u00fablica en general, tenga la palabra adecuada para saber transmitir a cada uno de los profesionales que forman parte del equipo, fundamentalmente el cumplimiento del juramento hipocr\u00e1tico, para que nos demos cuenta de que lo nuestro es fundamentalmente vocaci\u00f3n de servicio, para desarrollar la tarea de enfermero, de nurse, de m\u00e9dico, fundamentalmente, hay que saber conjugar adecuadamente el servir y los momentos m\u00e1s dif\u00edciles es cuando el m\u00e9dico, el enfermero, la nurse, tienen que estar presentes no solamente con profesionalidad sino tambi\u00e9n con sentimientos, con amor, con sentido com\u00fan y con cari\u00f1o. Es eso a lo que anhelamos. Nuestra ciudad estaba necesitando esta ambulancia y para quienes formamos parte de esta comunidad carmense debemos sentirnos ciudadanos de primera\u201d.<\/p>\n<p>El Presidente de ASSE Marcelo Sosa dijo durante la ceremonia que es necesario \u201cagradecer a la Intendencia, al Intendente Carmelo Vidal\u00edn que es un socio de ASSE, las intendencias tienen m\u00faltiples funciones, donde obviamente la salud no est\u00e1 dentro de las funciones principales o esenciales, pero el Intendente siempre ha sido sensible a todos los temas de salud de los duraznenses y nos ha apoyado siempre a ASSE, la colaboraci\u00f3n que hemos tenido con la Intendencia de Durazno es destacable y lo quiero decir porque hay que plantear las cosas y decir c\u00f3mo se trabaja\u201d.<\/p>\n<p>\u201cLas gracias tambi\u00e9n para vos Cacho por todos estos a\u00f1os que nos has acompa\u00f1ado, para poder concretar y progresar, a los representantes que han estado presentes, todas las autoridades que han estado pendientes de este logro que hoy se concreta. Ha sido un planteo de la comunidad y todos ustedes, as\u00ed que gracias por hacernos part\u00edcipes de estos logros\u201d agreg\u00f3.<\/p>\n","protected":false},"excerpt":{"rendered":"<p>Con la presencia de autoridades departamentales y el Directorio de ASSE en pleno, se realiz\u00f3 la entrega de la tan anhelada ambulancia para la policl\u00ednica de ciudad del Carmen.<\/p>\n","protected":false},"author":4,"featured_media":4621,"comment_status":"closed","ping_status":"closed","sticky":false,"template":"","format":"standard","meta":{"footnotes":""},"categories":[5],"tags":[],"class_list":["post-4620","post","type-post","status-publish","format-standard","has-post-thumbnail","hentry","category-durazno"],"_links":{"self":[{"href":"https:\/\/paginacero.com.uy\/index.php?rest_route=\/wp\/v2\/posts\/4620","targetHints":{"allow":["GET"]}}],"collection":[{"href":"https:\/\/paginacero.com.uy\/index.php?rest_route=\/wp\/v2\/posts"}],"about":[{"href":"https:\/\/paginacero.com.uy\/index.php?rest_route=\/wp\/v2\/types\/post"}],"author":[{"embeddable":true,"href":"https:\/\/paginacero.com.uy\/index.php?rest_route=\/wp\/v2\/users\/4"}],"replies":[{"embeddable":true,"href":"https:\/\/paginacero.com.uy\/index.php?rest_route=%2Fwp%2Fv2%2Fcomments&post=4620"}],"version-history":[{"count":1,"href":"https:\/\/paginacero.com.uy\/index.php?rest_route=\/wp\/v2\/posts\/4620\/revisions"}],"predecessor-version":[{"id":4622,"href":"https:\/\/paginacero.com.uy\/index.php?rest_route=\/wp\/v2\/posts\/4620\/revisions\/4622"}],"wp:featuredmedia":[{"embeddable":true,"href":"https:\/\/paginacero.com.uy\/index.php?rest_route=\/wp\/v2\/media\/4621"}],"wp:attachment":[{"href":"https:\/\/paginacero.com.uy\/index.php?rest_route=%2Fwp%2Fv2%2Fmedia&parent=4620"}],"wp:term":[{"taxonomy":"category","embeddable":true,"href":"https:\/\/paginacero.com.uy\/index.php?rest_route=%2Fwp%2Fv2%2Fcategories&post=4620"},{"taxonomy":"post_tag","embeddable":true,"href":"https:\/\/paginacero.com.uy\/index.php?rest_route=%2Fwp%2Fv2%2Ftags&post=4620"}],"curies":[{"name":"wp","href":"https:\/\/api.w.org\/{rel}","templated":true}]}}