{"id":4613,"date":"2024-06-07T17:07:32","date_gmt":"2024-06-07T20:07:32","guid":{"rendered":"https:\/\/paginacero.com.uy\/?p=4613"},"modified":"2024-06-07T17:35:20","modified_gmt":"2024-06-07T20:35:20","slug":"minuto-de-silencio-en-reconocimiento-a-francisco-pancho-sosa","status":"publish","type":"post","link":"https:\/\/paginacero.com.uy\/?p=4613","title":{"rendered":"MINUTO DE SILENCIO EN RECONOCIMIENTO A FRANCISCO \u00abPANCHO \u00abSOSA"},"content":{"rendered":"<p><strong>En la sesi\u00f3n de hoy la Junta Departamental de Durazno hizo un minuto de silencio por el fallecimiento de Francisco Pancho Sosa, en su calidad de ex-edil, cargo que ocupara en dos per\u00edodos.<\/strong><!--more--><\/p>\n<p>Desde la bancada frenteamplista hicieron uso de la palabra la edila Silvana Cunha, los ediles Pedro Hern\u00e1ndez y Pablo Revello, desde la bancada nacionalista los ediles Julio D\u00edaz, Santiago Icasuriaga y Andr\u00e9s Pereyra.<\/p>\n<p>Agradecemos desde Izquierda Unida- Orejanos el sincero reconocimiento de su aporte a la labor legislativa, al di\u00e1logo y la convivencia en el \u00e1mbito de la Junta, resaltando su personalidad tan especial&#8230;<\/p>\n<p>Las hermosas palabras de Silvana Cunha reflejaron todo el sentimiento de la agrupaci\u00f3n Orejana&#8230;<\/p>\n<p>\u00abEl pasado s\u00e1bado 2 de junio a nuestra fuerza pol\u00edtica le toco despedir a un entra\u00f1able compa\u00f1ero, Francisco \u201cPancho\u201d Sosa. Pero no s\u00f3lo a nosotros\/as que somos parte de sus filas&#8230;lo hizo tambi\u00e9n su pueblo&#8230; explotaron las redes sociales, los canales de comunicaci\u00f3n toda y fueron cientos los que se acercaron a la necr\u00f3polis local el lunes&#8230; Y es que de Pancho han podido decir casi todo, su gente, su vecindario, su familia, sus amigues, le describen, le recuerdan y expresan su dolor&#8230; \u00c9l fue el fundador de la lista 1971 \u201cOrejanos\u201d, fue edil departamental por el Frente Amplio durante dos per\u00edodos y estuvo sentado aqu\u00ed en muchas oportunidades, junto a muchos de ustedes\u2026obvio que su legado perdurar\u00e1 en nuestra militancia.<br \/>\nSe nos fu\u00e9 un amigo&#8230;El hombre de la sonrisa sincera, de las reflexiones repletas de analog\u00edas, de chistes incomparables&#8230; El hombre de la bicicleta, de los bizcochos oreados&#8230;el que te explicaba los componentes del universo de forma \u00fanica, maravillosa y m\u00e1gica&#8230;<br \/>\nEl hombre de la mirada tranquila y reflexiones pausadas. El Maestro que jugaba, el profesor que escuchaba, el militante de todas las horas y de todas las injusticias, el amigo que siempre estaba&#8230;<br \/>\nEl Batman de un Rob\u00edn que conozco&#8230; El que nos recordaba con paciencia, con mucha paciencia, la Unidad y el verdadero valor que tiene la palabra compa\u00f1ero\/a&#8230;<br \/>\nEl padre de las mellis y de Hugo, el heredero indiscutible de su humor,<br \/>\nEl Pancho de la Betty&#8230;<br \/>\nEl amigo justo, libre, solidario, el \u00abviejo jefe\u00bb.<br \/>\nClaro que no le vamos a olvidar<br \/>\n\u00a1Que viva siempre el compa\u00f1ero!.\u00bb<\/p>\n","protected":false},"excerpt":{"rendered":"<p>En la sesi\u00f3n de hoy la Junta Departamental de Durazno hizo un minuto de silencio por el fallecimiento de Francisco Pancho Sosa, en su calidad de ex-edil, cargo que ocupara en dos per\u00edodos.<\/p>\n","protected":false},"author":4,"featured_media":4614,"comment_status":"closed","ping_status":"closed","sticky":false,"template":"","format":"standard","meta":{"footnotes":""},"categories":[5],"tags":[],"class_list":["post-4613","post","type-post","status-publish","format-standard","has-post-thumbnail","hentry","category-durazno"],"_links":{"self":[{"href":"https:\/\/paginacero.com.uy\/index.php?rest_route=\/wp\/v2\/posts\/4613","targetHints":{"allow":["GET"]}}],"collection":[{"href":"https:\/\/paginacero.com.uy\/index.php?rest_route=\/wp\/v2\/posts"}],"about":[{"href":"https:\/\/paginacero.com.uy\/index.php?rest_route=\/wp\/v2\/types\/post"}],"author":[{"embeddable":true,"href":"https:\/\/paginacero.com.uy\/index.php?rest_route=\/wp\/v2\/users\/4"}],"replies":[{"embeddable":true,"href":"https:\/\/paginacero.com.uy\/index.php?rest_route=%2Fwp%2Fv2%2Fcomments&post=4613"}],"version-history":[{"count":1,"href":"https:\/\/paginacero.com.uy\/index.php?rest_route=\/wp\/v2\/posts\/4613\/revisions"}],"predecessor-version":[{"id":4615,"href":"https:\/\/paginacero.com.uy\/index.php?rest_route=\/wp\/v2\/posts\/4613\/revisions\/4615"}],"wp:featuredmedia":[{"embeddable":true,"href":"https:\/\/paginacero.com.uy\/index.php?rest_route=\/wp\/v2\/media\/4614"}],"wp:attachment":[{"href":"https:\/\/paginacero.com.uy\/index.php?rest_route=%2Fwp%2Fv2%2Fmedia&parent=4613"}],"wp:term":[{"taxonomy":"category","embeddable":true,"href":"https:\/\/paginacero.com.uy\/index.php?rest_route=%2Fwp%2Fv2%2Fcategories&post=4613"},{"taxonomy":"post_tag","embeddable":true,"href":"https:\/\/paginacero.com.uy\/index.php?rest_route=%2Fwp%2Fv2%2Ftags&post=4613"}],"curies":[{"name":"wp","href":"https:\/\/api.w.org\/{rel}","templated":true}]}}