{"id":4609,"date":"2024-06-06T23:25:32","date_gmt":"2024-06-07T02:25:32","guid":{"rendered":"https:\/\/paginacero.com.uy\/?p=4609"},"modified":"2024-06-06T23:25:32","modified_gmt":"2024-06-07T02:25:32","slug":"dia-mundial-de-tejer-en-publico-manana-es-la-oportunidad","status":"publish","type":"post","link":"https:\/\/paginacero.com.uy\/?p=4609","title":{"rendered":"D\u00eda Mundial de Tejer en P\u00fablico: ma\u00f1ana es la oportunidad"},"content":{"rendered":"<p><strong>Este s\u00e1bado 8 se celebra el D\u00eda Mundial de Tejer en P\u00fablico, un d\u00eda muy especial para las personas aficionadas a las labores de aguja.<\/strong><!--more--><\/p>\n<p>La creaci\u00f3n de esta efem\u00e9ride, en el a\u00f1o 2005, ha sido por iniciativa de Danielle Landes, con la finalidad de promover esta actividad creativa y ancestral, la cual ha sido considerada tradicionalmente como una pr\u00e1ctica de las abuelitas en solitario. Muy al contrario, se ha demostrado que el tejido involucra a personas de todas las edades y de ambos sexos, favoreciendo las actividades manuales y la socializaci\u00f3n.<\/p>\n<p>Fue en 2005 cuando en Denver Danielle Landes quiso salir a tejer a la calle con m\u00e1s tejedoras. El tejer es una actividad que se suele hacer sola, en casa y que no requiere demasiada infraestructura. Danielle quer\u00eda compartir su pasi\u00f3n por tejer, tejer en compa\u00f1\u00eda, as\u00ed que convoc\u00f3 un d\u00eda en la calle para visibilizar una artesan\u00eda que si que crea lazos y comunidad, aunque sea una actividad solitaria. En 2005 fueron 25 locales que convocaron de forma voluntaria salir a tejer a las zonas p\u00fablicas, sobre todo en Estados Unidos. En 2006, fueron 70, en 2007 ya llegaron a ser 200 diferentes lugares del mundo, en 2008 m\u00e1s de 800 y as\u00ed fue extendi\u00e9ndose por Australia, China. Inglaterra, Finlandia, Francia&#8230; por todo el mundo!<\/p>\n<p>A partir del a\u00f1o 2011 la danesa Astrid Salling se ha encargado de organizar esta actividad a nivel mundial. Es una fecha ideal, en la cual tejedoras y tejedores de todo el mundo se re\u00fanen de manera voluntaria en sitios p\u00fablicos, para tejer maravillosas creaciones con sus agujas. Esta actividad, de car\u00e1cter gratuito, es promovida por tejedores de la localidad, as\u00ed como tiendas de lanas y productos para tejido. A nivel global se celebran m\u00e1s de 1.000 eventos anuales.<\/p>\n<p>Este arte manual es considerado uno de los hobbies m\u00e1s relajantes y es muy f\u00e1cil de aprender. Ofrece los siguientes beneficios: mejora la coordinaci\u00f3n de ambos lados de los hemisferios cerebrales, desarrolla la habilidad psicomotriz, incrementa la autoestima, promueve la creatividad, reduce el estr\u00e9s y mejora el estado de \u00e1nimo.<\/p>\n<p>Hay que aclarar que este evento no est\u00e1 dirigido \u00fanicamente a los amantes del tejido. Pueden sumarse los aficionados a otras t\u00e9cnicas manuales: ganchillo o crochet, hilanderos. Tambi\u00e9n pueden participar todas las personas interesadas en conocer sobre este arte manual.<\/p>\n<p>En el D\u00eda Mundial de Tejer en P\u00fablico las personas pueden tomar la iniciativa y organizar una actividad en un parque, caf\u00e9 o alg\u00fan sitio al aire libre, con familiares, amigos y aficionados al arte de tejer.<\/p>\n<p>Tejer aumenta el grado de felicidad y hace crecer la autoestima: elaborar nosotros mismos nuestras prendas o tener la capacidad de crear un regalo para alguien, ayuda a que la confianza en uno mismo sea mayor. Adem\u00e1s, esta pr\u00e1ctica favorece a combatir la hiperactividad, tomar las agujas, abrir un color nuevo de lana o pensar qu\u00e9 ovillos se van a utilizar para tejer ayuda a las personas con hiperactividad. Y, no solo eso, seg\u00fan varios expertos, esta acci\u00f3n ayuda a aliviar el dolor de las manos, ya que mientras tejemos, las manos est\u00e1n en constante movimiento, evitando que las articulaciones se agarroten o se queden r\u00edgidas: Cuando tejemos mantenemos calientes las articulaciones y ayudamos a que el dolor o la inflamaci\u00f3n disminuya.<\/p>\n<p>El organismo humano no es el \u00fanico que sale beneficiado de la pr\u00e1ctica de entrelazar hilos o fibras, tambi\u00e9n hay beneficios para el medioambiente, ya que la posibilidad de deshacer un jersey o una bufanda para luego volver a tejerla hace que se evite el consumo de la moda r\u00e1pida, aparte de lucir prendas que son \u00fanicas y que est\u00e1n elaboradas de fibras naturales.<\/p>\n","protected":false},"excerpt":{"rendered":"<p>Este s\u00e1bado 8 se celebra el D\u00eda Mundial de Tejer en P\u00fablico, un d\u00eda muy especial para las personas aficionadas a las labores de aguja.<\/p>\n","protected":false},"author":4,"featured_media":4610,"comment_status":"closed","ping_status":"closed","sticky":false,"template":"","format":"standard","meta":{"footnotes":""},"categories":[5,17],"tags":[],"class_list":["post-4609","post","type-post","status-publish","format-standard","has-post-thumbnail","hentry","category-durazno","category-suplemento-mujer"],"_links":{"self":[{"href":"https:\/\/paginacero.com.uy\/index.php?rest_route=\/wp\/v2\/posts\/4609","targetHints":{"allow":["GET"]}}],"collection":[{"href":"https:\/\/paginacero.com.uy\/index.php?rest_route=\/wp\/v2\/posts"}],"about":[{"href":"https:\/\/paginacero.com.uy\/index.php?rest_route=\/wp\/v2\/types\/post"}],"author":[{"embeddable":true,"href":"https:\/\/paginacero.com.uy\/index.php?rest_route=\/wp\/v2\/users\/4"}],"replies":[{"embeddable":true,"href":"https:\/\/paginacero.com.uy\/index.php?rest_route=%2Fwp%2Fv2%2Fcomments&post=4609"}],"version-history":[{"count":1,"href":"https:\/\/paginacero.com.uy\/index.php?rest_route=\/wp\/v2\/posts\/4609\/revisions"}],"predecessor-version":[{"id":4611,"href":"https:\/\/paginacero.com.uy\/index.php?rest_route=\/wp\/v2\/posts\/4609\/revisions\/4611"}],"wp:featuredmedia":[{"embeddable":true,"href":"https:\/\/paginacero.com.uy\/index.php?rest_route=\/wp\/v2\/media\/4610"}],"wp:attachment":[{"href":"https:\/\/paginacero.com.uy\/index.php?rest_route=%2Fwp%2Fv2%2Fmedia&parent=4609"}],"wp:term":[{"taxonomy":"category","embeddable":true,"href":"https:\/\/paginacero.com.uy\/index.php?rest_route=%2Fwp%2Fv2%2Fcategories&post=4609"},{"taxonomy":"post_tag","embeddable":true,"href":"https:\/\/paginacero.com.uy\/index.php?rest_route=%2Fwp%2Fv2%2Ftags&post=4609"}],"curies":[{"name":"wp","href":"https:\/\/api.w.org\/{rel}","templated":true}]}}