{"id":4606,"date":"2024-06-06T23:22:32","date_gmt":"2024-06-07T02:22:32","guid":{"rendered":"https:\/\/paginacero.com.uy\/?p=4606"},"modified":"2024-06-06T23:22:32","modified_gmt":"2024-06-07T02:22:32","slug":"mercedes-creando-arte-con-su-telar","status":"publish","type":"post","link":"https:\/\/paginacero.com.uy\/?p=4606","title":{"rendered":"Mercedes creando arte con su telar"},"content":{"rendered":"<p><strong>Mercedes Olveira es artista y artesana del telar desde hace 50 a\u00f1os, cuando descubri\u00f3 su pasi\u00f3n por esta t\u00e9cnica textil y desde ese momento no ha parado de tejer y brindar sus productos de excelencia.<\/strong><!--more--><\/p>\n<p>\u201cEstoy casada y tengo dos hijos, Leandro y Ana, dos nietos, Valentino y Federica. Tengo secundaria completa, estudi\u00e9 franc\u00e9s, un idioma al cual amo profundamente, hice secretariado en UTU y luego de finalizar estos estudios y no poder continuar en Montevideo, comenc\u00e9 a estudiar telar con las Hermanas del Sagrado Coraz\u00f3n en Durazno, ah\u00ed comenz\u00f3 mi pasi\u00f3n por el telar, a los 21 a\u00f1os\u201d cont\u00f3 Mercedes present\u00e1ndose.<\/p>\n<p>\u201cDe esa \u00e9poca hasta hoy no he dejado de tejer en telar, he hecho todo el tipo de talleres que he podido referidos al aprendizaje del tejido en telar, tejido y fieltro. Mi emprendimiento surge a ra\u00edz de no haber podido ir a Montevideo y haber empezado a estudiar esta t\u00e9cnica con las Hermanas, opto por dedicarme a tejar en telar, es as\u00ed que armo mi propio taller en el fondo de mi casa, que mantengo hasta ahora y comienzo a comercializar mis prendas en ferias, exposiciones, el boca a boca que es fundamental para crecer\u201d agreg\u00f3.<\/p>\n<p>Durante sus muchos a\u00f1os de trabajo con la lana, Mercedes a expuesto en numerosos lugares, adem\u00e1s de dedicarse m\u00e1s tarde a la ense\u00f1anza de este arte.<\/p>\n<p>\u201cEn el comienzo del 2006 fui a Artigas a estudiar un curso de telar que me pag\u00f3 por intermedio de la Intendencia, estuve viviendo seis meses en Artigas y cuando regreso estaba el proyecto del Paseo de los Artesanos que se inaugura en diciembre de 2006, ah\u00ed comienzo a vender mis productos, lo que hago son prendas artesanales en lana merino, desde bufandas, poncho de ni\u00f1o, dama, hombre, ruanas, pashminas, mantas y alfombras\u201d cont\u00f3.<\/p>\n<p>\u201cEse mismo a\u00f1o la profesora de telar del Taller de Artes Pl\u00e1sticas se jubila y me invitaron a dar clases, algo que acept\u00e9 y fue una experiencia muy enriquecedora, porque adem\u00e1s de dar clases en el Taller de Durazno tambi\u00e9n concurro al Taller de Sarand\u00ed del Y\u00ed y a trav\u00e9s de Durazno Integra llego a todas las partes del interior de Durazno, recorro todo el interior dando clases de telar y cocina, porque es otra de mis pasiones, sobre todo reposter\u00eda\u201d dijo.<\/p>\n<p>\u201cEn el 2021 me jubilo, antes de la pandemia, antes tambi\u00e9n dejo el Paseo porque durante la pandemia se cierra y se le otorga posteriormente a Redex ese espacio. Creo ser afortunada porque todo lo que me propuse, lo consegu\u00ed, me llev\u00f3 mucho esfuerzo, sacrificios, no es f\u00e1cil emprender sola, pero tuve el apoyo incondicional de mi familia, sobre todo de mi padres que me apoyaron y me respaldaron en todas mis locuras, siempre estuvieron apoy\u00e1ndome\u201d agreg\u00f3.<\/p>\n<p>Su mensaje es que se puede, siempre que se sue\u00f1e y se luche con ganas por hacer algo que nos apasiona.<\/p>\n<p>\u201cDecirles a todas aquellas emprendedoras que no se queden ante el primer obst\u00e1culo, que luchen y lleguen a la meta por lo que so\u00f1aron, siempre tenemos que aspirar a otra cosa, a m\u00e1s, siempre debemos fijar un paso m\u00e1s adelante nuestras metas. He logrado estar 50 a\u00f1os trabajando en telar, muchos a\u00f1os viv\u00ed de esto, se puede vivir de esto, lo hice y cuando ingres\u00e9 a la Intendencia no pod\u00eda dedicarle m\u00e1s horas al telar y producir lo que estaba acostumbrada, pero se puede vivir de un emprendimiento que uno quiera, hay que propon\u00e9rselo. Debemos querer llegar a las metas por las cuales so\u00f1amos, no quedarnos\u201d finaliz\u00f3.<\/p>\n<p>La lana merino es un tipo especial de lana virgen que proviene de la oveja merina, originaria principalmente de Nueva Zelanda, Australia, Argentina y Sud\u00e1frica. A diferencia de la lana virgen convencional, la lana merino se caracteriza por su finura y suavidad. Por este motivo, la lana merino es extremadamente suave al tacto y no produce picor. Esta gran ventaja es una de las razones por las que la lana merino es tan popular hoy en d\u00eda y es la lana que Mercedes elige para sus productos.<\/p>\n<p>Los productos que elabora los pod\u00e9s ver en su instagram @le.mouton, donde peri\u00f3dicamente publica las novedades que va creando.<\/p>\n","protected":false},"excerpt":{"rendered":"<p>Mercedes Olveira es artista y artesana del telar desde hace 50 a\u00f1os, cuando descubri\u00f3 su pasi\u00f3n por esta t\u00e9cnica textil y desde ese momento no ha parado de tejer y brindar sus productos de excelencia.<\/p>\n","protected":false},"author":4,"featured_media":4607,"comment_status":"closed","ping_status":"closed","sticky":false,"template":"","format":"standard","meta":{"footnotes":""},"categories":[5,17],"tags":[],"class_list":["post-4606","post","type-post","status-publish","format-standard","has-post-thumbnail","hentry","category-durazno","category-suplemento-mujer"],"_links":{"self":[{"href":"https:\/\/paginacero.com.uy\/index.php?rest_route=\/wp\/v2\/posts\/4606","targetHints":{"allow":["GET"]}}],"collection":[{"href":"https:\/\/paginacero.com.uy\/index.php?rest_route=\/wp\/v2\/posts"}],"about":[{"href":"https:\/\/paginacero.com.uy\/index.php?rest_route=\/wp\/v2\/types\/post"}],"author":[{"embeddable":true,"href":"https:\/\/paginacero.com.uy\/index.php?rest_route=\/wp\/v2\/users\/4"}],"replies":[{"embeddable":true,"href":"https:\/\/paginacero.com.uy\/index.php?rest_route=%2Fwp%2Fv2%2Fcomments&post=4606"}],"version-history":[{"count":1,"href":"https:\/\/paginacero.com.uy\/index.php?rest_route=\/wp\/v2\/posts\/4606\/revisions"}],"predecessor-version":[{"id":4608,"href":"https:\/\/paginacero.com.uy\/index.php?rest_route=\/wp\/v2\/posts\/4606\/revisions\/4608"}],"wp:featuredmedia":[{"embeddable":true,"href":"https:\/\/paginacero.com.uy\/index.php?rest_route=\/wp\/v2\/media\/4607"}],"wp:attachment":[{"href":"https:\/\/paginacero.com.uy\/index.php?rest_route=%2Fwp%2Fv2%2Fmedia&parent=4606"}],"wp:term":[{"taxonomy":"category","embeddable":true,"href":"https:\/\/paginacero.com.uy\/index.php?rest_route=%2Fwp%2Fv2%2Fcategories&post=4606"},{"taxonomy":"post_tag","embeddable":true,"href":"https:\/\/paginacero.com.uy\/index.php?rest_route=%2Fwp%2Fv2%2Ftags&post=4606"}],"curies":[{"name":"wp","href":"https:\/\/api.w.org\/{rel}","templated":true}]}}