{"id":4603,"date":"2024-06-06T23:19:16","date_gmt":"2024-06-07T02:19:16","guid":{"rendered":"https:\/\/paginacero.com.uy\/?p=4603"},"modified":"2024-06-06T23:19:16","modified_gmt":"2024-06-07T02:19:16","slug":"adef-invita-emprendedores-locales-a-fomentar-la-cultura-financiera","status":"publish","type":"post","link":"https:\/\/paginacero.com.uy\/?p=4603","title":{"rendered":"ADEF invita emprendedores locales a fomentar la cultura financiera"},"content":{"rendered":"<p><strong>Desde ANDE y con el apoyo de la Agencia de Desarrollo Econ\u00f3mico de Florida, Redex est\u00e1 invitando a participar de la propuesta llamada \u201cHagamos n\u00fameros\u201d destinada a fomentar la cultura financiera de los emprendedores.<\/strong><!--more--><\/p>\n<p>La Agencia de Desarrollo Econ\u00f3mico de Florida (ADEF) es un actor privado conformado por instituciones p\u00fablicas y privadas, entre ellas las principales gremiales del departamento: Asociaci\u00f3n Rural de Florida, Sociedad de Productores de Leche, Centro Comercial e Industrial. Tambi\u00e9n est\u00e1n presentes la Intendencia de Florida, la academia, las ONG y mipymes del departamento.<\/p>\n<p>Tiene como rol patrocinar estudios de desarrollo, capacitaciones, apoyo a emprendimientos de mipymes y brinda microcr\u00e9dito. Lleva a cabo acciones para fortalecer el capital local en lo econ\u00f3mico, social, cultural, humano y ambiental. Articula en los tres niveles de gobierno: local, departamental y nacional.<\/p>\n<p>Cuenta con personer\u00eda jur\u00eddica y forma parte de la Red de Agencias de Desarrollo Local (RADEL). Es una Instituci\u00f3n Patrocinadora de Emprendimientos (IPE), que apoya al emprendedor en la elaboraci\u00f3n y presentaci\u00f3n del proyecto, define en conjunto su alcance y el modelo de negocios preliminar a presentar, entre otras funciones.<\/p>\n<p>Gabriela Luengo, responsable de ADEF confirm\u00f3 que habr\u00e1n cinco capacitaciones en la regi\u00f3n durante este a\u00f1o, uno de ellos \u201cHerramientas de educaci\u00f3n y gesti\u00f3n financiera para hacer crecer tu negocio\u201d que le hemos llamado \u201cHagamos n\u00fameros\u201d, un proyecto de ADEF con el apoyo de la Intendencia de Florida, el Centro Comercial de Durazno y el Municipio de San Ram\u00f3n, orientado hacia emprendedores de estos tres departamentos\u201d.<\/p>\n<p>\u201cEl proyecto surge de una demanda que tenemos de los emprendedores, es como una restricci\u00f3n que tienen los emprendedores en cuanto a la determinaci\u00f3n de costos, hacer registros, fundamentalmente dar el paso de lo informal a lo formal. Fue presentado como Agencia de Desarrollo y se obtuvieron fondos para apoyar sin costo todas estas actividades destinadas a los emprendedores. El objetivo fundamental es otorgarle a los emprendedores herramientas de educaci\u00f3n y gesti\u00f3n financiera para que puedan despegar sus negocios, de alguna manera pasar a otro estad\u00edo. Tiene dos etapas, una primera que son cinco talleres con las tem\u00e1ticas costos, precios, registros, formalizaci\u00f3n y una segunda etapa donde van a tener asistencia t\u00e9cnica grupal, agrupados por proyectos con las mismas caracter\u00edsticas\u201d agreg\u00f3.<\/p>\n<p>\u201cSe busca que durante ese proceso los emprendedores puedan solucionar los problemas fundamentalmente en el registro y otorgar a los productos un precio adecuado. Este curso tendr\u00e1 validez durante junio hasta agosto, pueden registrarse a trav\u00e9s del correo de ADEF, los cursos tendr\u00e1n una modalidad h\u00edbrida, ser\u00e1n presenciales y para aquellas personas del interior del departamento de Durazno y Florida pueden seguirlo en forma online. Los horarios son accesibles, estamos investigando cuales son los m\u00e1s adecuados para los emprendeores que se interesen, as\u00ed que es una buena oportunidad para acercarse, capacitarse y fortalecerse. Creemos que es una herramienta muy importante ya que el 80% de los emprendedores tiene estos problemas para poder ver ssus costos y realmente es importante para crecer\u201d finaliz\u00f3 diciendo.<\/p>\n<p>\u201cEn ADEF trabajamos para fortalecer las diversas formas de capital local, ya sea econ\u00f3mico, social, cultural, humano o ambiental mediante el patrocinio de actividades de desarrollo, capacitaci\u00f3n y fomento a la cultura emprendedora. Articulamos en los tres niveles de gobierno: local, departamental y local, formamos parte del ecosistema emprendedor uruguayo cumpliendo las funciones de Instituci\u00f3n Patrocinadora de Emprendimientos (IPE) y Punto de Atenci\u00f3n al Emprendedor (PAE). Somos una Entidad de Capacitaci\u00f3n para grupos pre cooperativos y cooperativas ante el INACOOP y formamos a parte de la Red de Agencias de Desarrollo Local (RADEL) que tambi\u00e9n es parte de la Red de Uruguay Emprendedor. ADEF es una parte administradora del ERE Durazno \u2013 Florida (Ecosistema Regional Emprendedor) y socio estrat\u00e9gico del Centro Pyme\u201d dijeron desde ADEF.<\/p>\n","protected":false},"excerpt":{"rendered":"<p>Desde ANDE y con el apoyo de la Agencia de Desarrollo Econ\u00f3mico de Florida, Redex est\u00e1 invitando a participar de la propuesta llamada \u201cHagamos n\u00fameros\u201d destinada a fomentar la cultura financiera de los emprendedores.<\/p>\n","protected":false},"author":4,"featured_media":4604,"comment_status":"closed","ping_status":"closed","sticky":false,"template":"","format":"standard","meta":{"footnotes":""},"categories":[48],"tags":[],"class_list":["post-4603","post","type-post","status-publish","format-standard","has-post-thumbnail","hentry","category-emprendedores"],"_links":{"self":[{"href":"https:\/\/paginacero.com.uy\/index.php?rest_route=\/wp\/v2\/posts\/4603","targetHints":{"allow":["GET"]}}],"collection":[{"href":"https:\/\/paginacero.com.uy\/index.php?rest_route=\/wp\/v2\/posts"}],"about":[{"href":"https:\/\/paginacero.com.uy\/index.php?rest_route=\/wp\/v2\/types\/post"}],"author":[{"embeddable":true,"href":"https:\/\/paginacero.com.uy\/index.php?rest_route=\/wp\/v2\/users\/4"}],"replies":[{"embeddable":true,"href":"https:\/\/paginacero.com.uy\/index.php?rest_route=%2Fwp%2Fv2%2Fcomments&post=4603"}],"version-history":[{"count":1,"href":"https:\/\/paginacero.com.uy\/index.php?rest_route=\/wp\/v2\/posts\/4603\/revisions"}],"predecessor-version":[{"id":4605,"href":"https:\/\/paginacero.com.uy\/index.php?rest_route=\/wp\/v2\/posts\/4603\/revisions\/4605"}],"wp:featuredmedia":[{"embeddable":true,"href":"https:\/\/paginacero.com.uy\/index.php?rest_route=\/wp\/v2\/media\/4604"}],"wp:attachment":[{"href":"https:\/\/paginacero.com.uy\/index.php?rest_route=%2Fwp%2Fv2%2Fmedia&parent=4603"}],"wp:term":[{"taxonomy":"category","embeddable":true,"href":"https:\/\/paginacero.com.uy\/index.php?rest_route=%2Fwp%2Fv2%2Fcategories&post=4603"},{"taxonomy":"post_tag","embeddable":true,"href":"https:\/\/paginacero.com.uy\/index.php?rest_route=%2Fwp%2Fv2%2Ftags&post=4603"}],"curies":[{"name":"wp","href":"https:\/\/api.w.org\/{rel}","templated":true}]}}